{"id":46770,"date":"2026-08-31T11:37:26","date_gmt":"2026-08-31T14:37:26","guid":{"rendered":"https:\/\/www.iri.edu.ar\/?p=46770"},"modified":"2026-08-31T11:37:26","modified_gmt":"2026-08-31T14:37:26","slug":"demo-presentacion-2026","status":"publish","type":"post","link":"https:\/\/www.iri.edu.ar\/index.php\/2026\/08\/31\/demo-presentacion-2026\/","title":{"rendered":"Demo Presentaci\u00f3n 2026"},"content":{"rendered":"\n<div class=\"wp-block-uagb-container uagb-block-59c3f77b default uagb-is-root-container\"><div class=\"wp-block-image\">\n<figure class=\"aligncenter size-full\"><a href=\"http:\/\/www.iri.edu.ar\/wp-content\/uploads\/2026\/08\/feat-anuario-2026.png\"><img fetchpriority=\"high\" decoding=\"async\" width=\"750\" height=\"200\" src=\"http:\/\/www.iri.edu.ar\/wp-content\/uploads\/2026\/08\/feat-anuario-2026.png\" alt=\"\" class=\"wp-image-46716\" srcset=\"https:\/\/www.iri.edu.ar\/wp-content\/uploads\/2026\/08\/feat-anuario-2026.png 750w, https:\/\/www.iri.edu.ar\/wp-content\/uploads\/2026\/08\/feat-anuario-2026-300x80.png 300w\" sizes=\"(max-width: 750px) 100vw, 750px\" \/><\/a><\/figure>\n<\/div>\n\n\n<p class=\"wp-block-paragraph\"><strong>Departamento de Medio Oriente<\/strong><strong><\/strong><\/p>\n\n\n\n<h6 class=\"wp-block-heading\"><a><\/a>Presentaci\u00f3n<\/h6>\n\n\n\n<div class=\"wp-block-uagb-container uagb-block-1a9d9415\">\n<p class=\"coordinador wp-block-paragraph\">Coordinadora: <strong>Ornela Fabani<\/strong><\/p>\n\n\n\n<p class=\"secretario wp-block-paragraph\">Secretario: <strong>Said Chaya<\/strong><\/p>\n\n\n\n<p class=\"miembros wp-block-paragraph\">Integrantes: <strong>Camila Far\u00edas<br>Mariano Gast\u00f3n Criscenti<br>Amal Zeid Busleim\u00e1n<br>Sof\u00eda G\u00f3mez Mansur<br>Mariel Esjaita<br>Lenny Favre<br>Juli\u00e1n Urain<br>Nathalie Far\u00edas Wybert<br>Sof\u00eda Alonso<br>Mar\u00eda Dom\u00ednguez Aumirall<br>Santiago Ott<br>Carlos Alejandro Nahas<br>Nicol\u00e1s Jaimez Leguina<br>Axel Yamil Chiquiar<br>Cecilia Civallero<br>Leila Mohanna<br>Ignacio Rivas Plutman<br>Ra\u00fal Mat\u00edas Nu\u00f1ez<br>Franco Serrano<br>Juan Fresno<br>Noelia Vernengo<br>Ezequiel Ramoneda Rodrick<br>Mariette Lorduy Pulido<br>Bruno Roque Younes<br>Andrea Kessi<br>Gilberto Aranda<br>Zidane Zeraoui<\/strong><br><\/p>\n<\/div>\n\n\n\n<p class=\"wp-block-paragraph\">Como todos los a\u00f1os, el Anuario del Departamento de Medio Oriente recoge los aportes de los integrantes de este nutrido espacio que en esta oportunidad se dedican a estudiar el devenir de una regi\u00f3n que en los \u00faltimos doce meses ha atravesado una etapa de fuerte conflictividad. En efecto, este per\u00edodo ha estado marcado por: la ofensiva norteamericano-israel\u00ed contra la Rep\u00fablica Isl\u00e1mica de Ir\u00e1n, que devino en un enfrentamiento abierto entre las partes, el cierre del Estrecho de Ormuz, el deterioro de la situaci\u00f3n en los territorios palestinos y la guerra en L\u00edbano; s\u00f3lo por mencionar algunos de los desaf\u00edos con los que ha debido lidiar la zona en estos \u00faltimos meses, que ser\u00e1n abordados en los trabajos que se presentan a continuaci\u00f3n.<\/p>\n\n\n\n<p class=\"wp-block-paragraph\">Dicho esto, <strong>Ornela Fabani<\/strong>, coordinadora del Departamento, nos acerca su trabajo titulado <em>Entre la condena y la contenci\u00f3n: la respuesta de los Estados del Consejo de Cooperaci\u00f3n del Golfo (CCG) frente a los ataques iran\u00edes (febrero de 2026 &#8211; junio de 2026). <\/em>Su texto indaga en las diferentes posturas asumidas por los seis Estados miembros del CCG y da cuentas de las dificultades que detentan los pa\u00edses que forman parte del bloque para adoptar un curso de acci\u00f3n conjunta, m\u00e1s a\u00fan cuando algunos de los socios definen p\u00fablicamente a Ir\u00e1n como la principal amenaza a su seguridad, mientras otros buscan preservar las relaciones con el pa\u00eds vecino, a\u00fan pese a los ataques que han sufrido.<\/p>\n\n\n\n<p class=\"wp-block-paragraph\">Por su parte, en<em> \u00bfQui\u00e9n gobierna el L\u00edbano? La crisis de la soberan\u00eda estatal frente a Hezbollah en 2026, <\/em><strong>Bruno Younes<\/strong> busca analizar c\u00f3mo la crisis de 2026 puso de relieve los l\u00edmites de la soberan\u00eda estatal libanesa, examinando las relaciones entre el gobierno, las fuerzas armadas, Hezbollah y los actores internacionales. En dicho marco, el autor argumenta que los acontecimientos recientes no representan una ruptura, sino la continuidad de un modelo pol\u00edtico caracterizado por la fragmentaci\u00f3n del poder y la disputa permanente en torno a la autoridad del Estado.<\/p>\n\n\n\n<p class=\"wp-block-paragraph\">En tanto, <strong>Lenny Favre <\/strong>se detiene en <em>La reconfiguraci\u00f3n de la arquitectura securitaria de Medio Oriente,<\/em> en dicho marco examina c\u00f3mo esta \u00faltima transita un proceso de transformaci\u00f3n impulsado por el repliegue relativo de Estados Unidos y la b\u00fasqueda de mayor autonom\u00eda estrat\u00e9gica por parte de Arabia Saudita. El autor sostiene que Riad ha diversificado sus alianzas y promovido un nuevo eje de cooperaci\u00f3n con T\u00fcrkiye, Egipto y Pakist\u00e1n para reducir su dependencia de Washington y fortalecer su capacidad de influencia regional.<\/p>\n\n\n\n<p class=\"wp-block-paragraph\">En su art\u00edculo titulado <em>El proceso de paz bajo las administraciones de Donald Trump: un an\u00e1lisis comparado de las propuestas de 2020 y 2025<\/em>, <strong>Camila Far\u00edas<\/strong>, examina los dos principales planes impulsados por el presidente estadounidense para el conflicto palestino-israel\u00ed. A partir del estudio de Paz para la Prosperidad (2020) y del Plan Integral para Poner Fin al Conflicto en Gaza (2025), identifica las principales continuidades y transformaciones de la pol\u00edtica estadounidense frente al conflicto, con especial atenci\u00f3n a los cambios introducidos en el tratamiento de la seguridad de Israel, el rol de la Autoridad Nacional Palestina, la administraci\u00f3n de la Franja de Gaza y la arquitectura institucional prevista para la etapa posterior al conflicto.<\/p>\n\n\n\n<p class=\"wp-block-paragraph\">Asimismo, en <em>Alianzas y desaf\u00edos del Golfo P\u00e9rsico hacia su transici\u00f3n energ\u00e9tica: oportunidades para Colombia<\/em>, <strong>Mariette Lorduy Pulido<\/strong> analiza los retos que enfrenta la regi\u00f3n del Golfo P\u00e9rsico para reducir su dependencia del petr\u00f3leo y avanzar hacia energ\u00edas m\u00e1s sostenibles, as\u00ed como tambi\u00e9n las oportunidades de cooperaci\u00f3n que emergen para Colombia en el marco de esta transformaci\u00f3n.<\/p>\n\n\n\n<p class=\"wp-block-paragraph\">En otro orden, en <em>L\u00edbano e Israel ante un nuevo escenario regional: del conflicto armado a las negociaciones de 2026, <\/em><strong>Sof\u00eda G\u00f3mez Manzur<\/strong> y <strong>Said Chaya<\/strong> analizan la evoluci\u00f3n de las relaciones entre el L\u00edbano e Israel, atravesadas hist\u00f3ricamente por la confrontaci\u00f3n. El trabajo sostiene que la regionalizaci\u00f3n de la guerra en Gaza, el debilitamiento de Hezbollah y la recomposici\u00f3n institucional libanesa modificaron el equilibrio pol\u00edtico interno y abrieron una nueva etapa en el v\u00ednculo bilateral con Tel Aviv. Asimismo, examina el impacto de la guerra iniciada en 2026, que propici\u00f3 negociaciones directas entre ambos pa\u00edses bajo mediaci\u00f3n estadounidense. Finalmente, reflexiona sobre los principales desaf\u00edos que enfrenta este proceso, en particular el desarme de Hezbollah, el papel de los actores externos y las implicancias que un eventual acuerdo de paz podr\u00eda tener para la estabilidad pol\u00edtica y social del L\u00edbano.<\/p>\n\n\n\n<p class=\"wp-block-paragraph\">En <em>Diplomacia de la memoria como instrumento de pol\u00edtica exterior: la presidencia argentina de la IHRA como herramienta de inserci\u00f3n internacional<\/em>, <strong>Axel Yamil Chiquiar<\/strong> propone el concepto de diplomacia de la memoria, tomando al caso de la presidencia argentina de la Alianza Internacional para la Memoria del Holocausto. El autor sostiene que el recuerdo colectivo institucionalizado del Holocausto puede funcionar como recurso de pol\u00edtica exterior identitaria e inserci\u00f3n internacional. Para ello, articula aportes de Halbwachs, Bourdieu, Wendt y Krasner. Finalmente, a partir de los discursos del presidente Milei y del canciller Quirno, expone c\u00f3mo Argentina usa, de hecho, la coyuntura de la IHRA para posicionarse como puente regional.<\/p>\n\n\n\n<p class=\"wp-block-paragraph\">Por \u00faltimo, en su art\u00edculo <em>Acompa\u00f1ar y atestiguar. Una experiencia en Palestina desde el Consejo Mundial de Iglesias<\/em>, <strong>Cecilia Civallero<\/strong> y <strong>Juan Fresno<\/strong> presentan la experiencia del Programa Ecum\u00e9nico de Acompa\u00f1amiento en Palestina e Israel, una iniciativa del Consejo Mundial de Iglesias que desde hace m\u00e1s de 20 a\u00f1os env\u00eda observadores internacionales a comunidades palestinas. Desde una entrevista a una participante argentina, los autores rese\u00f1an la experiencia en terreno y hacen aportes para la valoraci\u00f3n de este g\u00e9nero de intervenci\u00f3n de la sociedad civil internacional en el contexto actual del conflicto palestino-israel\u00ed.<\/p>\n\n\n\n<h1 class=\"wp-block-heading\"><a><\/a>Panorama<\/h1>\n\n\n\n<p class=\"wp-block-paragraph\">Tras los ataques del 7 de octubre de 2023, y luego de a\u00f1os de apuesta por la estabilidad regional, la situaci\u00f3n en Medio Oriente no ha hecho m\u00e1s que complejizarse. En efecto, la disputa entre Hamas e Israel jalon\u00f3 otros escenarios de conflicto, dando paso a los primeros enfrentamientos directos entre el Estado jud\u00edo y la Rep\u00fablica Isl\u00e1mica de Ir\u00e1n. En el marco de los mismos se arrib\u00f3 a la guerra de los doce d\u00edas, iniciada a mediados de 2025 por Tel Aviv con ataques contra Teher\u00e1n. Si bien, con el correr de las horas, a esta se sumaron los Estados Unidos -para aportar medios militares de los cuales su gran aliado en Medio Oriente carec\u00eda-.<\/p>\n\n\n\n<p class=\"wp-block-paragraph\">Tras el bombardeo norteamericano contra Fordow, en el que se emplearon aviones B2 y bombas antibunker, el presidente norteamericano, Donald Trump, proclam\u00f3 la victoria, en una instancia en la cual incluso efectu\u00f3 declaraciones en las que dio cuenta de que Washington hab\u00eda demorado en t\u00e9rminos de a\u00f1os la posibilidad de que Ir\u00e1n se hiciese del arma nuclear. Pese a ello, el encono entre ambos actores, as\u00ed como tambi\u00e9n entre Israel e Ir\u00e1n, continu\u00f3 latente.<\/p>\n\n\n\n<p class=\"wp-block-paragraph\">De tal forma, las protestas iniciadas en la Rep\u00fablica Isl\u00e1mica a fines de diciembre de 2025 y la consiguiente represi\u00f3n de las mismas por parte del r\u00e9gimen, sumado a las fallidas negociaciones en torno al programa nuclear iran\u00ed que tuvieron lugar en febrero de 2026, se convirtieron en los proleg\u00f3menos de una nueva ofensiva militar, de tipo bilateral, norteamericano-israel\u00ed, contra el r\u00e9gimen de Teher\u00e1n que logr\u00f3 decapitar a la c\u00fapula pol\u00edtico-militar iran\u00ed.<\/p>\n\n\n\n<p class=\"wp-block-paragraph\">En efecto, los bombardeos iniciados el 28 de febrero dieron por resultado la muerte de Ali Jamenei, l\u00edder supremo y, por ende, m\u00e1xima figura pol\u00edtica y religiosa dentro del escenario iran\u00ed. Sin embargo, el correlato de estas acciones no parece haber sido el esperado por los Estados Unidos e Israel, si se tiene en cuenta que los enfrentamientos se extendieron por meses y los aliados no lograron forzar un cambio de r\u00e9gimen. Por el contrario, el andamiaje pol\u00edtico institucional iran\u00ed se mantuvo en pie, abriendo paso a la llegada al poder de sectores que se juzgan incluso m\u00e1s duros. Todav\u00eda m\u00e1s, la alianza norteamericano-israel\u00ed tampoco pudo forzar la esperada rendici\u00f3n incondicional iran\u00ed.<\/p>\n\n\n\n<p class=\"wp-block-paragraph\">Muy por el contrario, Teher\u00e1n ha sabido c\u00f3mo elevar los costos de esta contienda, atacando infraestructura militar, pero tambi\u00e9n instalaciones civiles en los pa\u00edses del Golfo -Arabia Saudita, Bahr\u00e9in, Kuwait, Om\u00e1n, Qatar, Emiratos \u00c1rabes Unidos e Irak-; asimismo, disparando contra Jordania, Turqu\u00eda y Azerbaiy\u00e1n, llegando inclusive a arremeter contra una base militar en Chipre, as\u00ed como tambi\u00e9n contra la base norteamericano brit\u00e1nica Diego Garc\u00eda.<\/p>\n\n\n\n<p class=\"wp-block-paragraph\">De cualquier forma, la gran moneda de cambio del r\u00e9gimen de los Ayatolas result\u00f3 su control del Estrecho de Ormuz, v\u00eda de navegaci\u00f3n por donde transitan el 20% de las exportaciones de petr\u00f3leo a nivel global. En efecto, el bloqueo del mismo deriv\u00f3 en lo que la Agencia Internacional de la Energ\u00eda (AIE) defini\u00f3 como la mayor disrupci\u00f3n en el suministro global de petr\u00f3leo en la historia moderna. Como correlato, se increment\u00f3 el precio del BRENT, que lleg\u00f3 a duplicarse en t\u00e9rminos comparados con valores previos a la guerra, alcanzando picos de 120 d\u00f3lares el barril, con todo lo que esto significa para la econom\u00eda internacional, que a la fecha sigue dependiendo de los hidrocarburos.<\/p>\n\n\n\n<p class=\"wp-block-paragraph\">A ra\u00edz de esta situaci\u00f3n el valor del gas en Europa se increment\u00f3 en un 50% y el combustible lleg\u00f3 a costar un 50% m\u00e1s en los Estados Unidos. Todav\u00eda m\u00e1s, se hizo palpable la presi\u00f3n inflacionaria y el Fondo Monetario Internacional redujo en dos d\u00e9cimas de punto porcentual su previsi\u00f3n de crecimiento que pas\u00f3 del 3,3 al 3,1 para 2026, si bien advirti\u00f3 que podr\u00eda arribarse a una recesi\u00f3n global si la guerra se prolongaba m\u00e1s all\u00e1 del verano. Lo hasta aqu\u00ed expuesto nos habla de las enormes derivaciones de este conflicto que, a\u00fan tras la firma del Memor\u00e1ndum de Islamabad, sigue teniendo a la comunidad internacional en vilo.<\/p>\n\n\n\n<p class=\"firma wp-block-paragraph\"><strong>Ornela Fabani<br><\/strong>Coordinadora<\/p>\n<\/div>\n","protected":false},"excerpt":{"rendered":"<p>Departamento de Medio Oriente Presentaci\u00f3n Coordinadora: Ornela Fabani Secretario: Said Chaya Integrantes: Camila Far\u00edasMariano Gast\u00f3n CriscentiAmal Zeid Busleim\u00e1nSof\u00eda G\u00f3mez MansurMariel EsjaitaLenny FavreJuli\u00e1n UrainNathalie Far\u00edas WybertSof\u00eda AlonsoMar\u00eda Dom\u00ednguez AumirallSantiago OttCarlos Alejandro NahasNicol\u00e1s Jaimez LeguinaAxel Yamil ChiquiarCecilia CivalleroLeila MohannaIgnacio Rivas PlutmanRa\u00fal Mat\u00edas Nu\u00f1ezFranco SerranoJuan FresnoNoelia VernengoEzequiel Ramoneda RodrickMariette Lorduy PulidoBruno Roque YounesAndrea KessiGilberto ArandaZidane Zeraoui Como todos [&hellip;]<\/p>\n","protected":false},"author":5,"featured_media":0,"comment_status":"closed","ping_status":"closed","sticky":false,"template":"","format":"standard","meta":{"_uag_custom_page_level_css":"","_monsterinsights_skip_tracking":false,"_monsterinsights_sitenote_active":false,"_monsterinsights_sitenote_note":"","_monsterinsights_sitenote_category":0,"ocean_post_layout":"","ocean_both_sidebars_style":"","ocean_both_sidebars_content_width":0,"ocean_both_sidebars_sidebars_width":0,"ocean_sidebar":"","ocean_second_sidebar":"","ocean_disable_margins":"enable","ocean_add_body_class":"","ocean_shortcode_before_top_bar":"","ocean_shortcode_after_top_bar":"","ocean_shortcode_before_header":"","ocean_shortcode_after_header":"","ocean_has_shortcode":"","ocean_shortcode_after_title":"","ocean_shortcode_before_footer_widgets":"","ocean_shortcode_after_footer_widgets":"","ocean_shortcode_before_footer_bottom":"","ocean_shortcode_after_footer_bottom":"","ocean_display_top_bar":"default","ocean_display_header":"default","ocean_header_style":"","ocean_center_header_left_menu":"","ocean_custom_header_template":"","ocean_custom_logo":0,"ocean_custom_retina_logo":0,"ocean_custom_logo_max_width":0,"ocean_custom_logo_tablet_max_width":0,"ocean_custom_logo_mobile_max_width":0,"ocean_custom_logo_max_height":0,"ocean_custom_logo_tablet_max_height":0,"ocean_custom_logo_mobile_max_height":0,"ocean_header_custom_menu":"","ocean_menu_typo_font_family":"","ocean_menu_typo_font_subset":"","ocean_menu_typo_font_size":0,"ocean_menu_typo_font_size_tablet":0,"ocean_menu_typo_font_size_mobile":0,"ocean_menu_typo_font_size_unit":"px","ocean_menu_typo_font_weight":"","ocean_menu_typo_font_weight_tablet":"","ocean_menu_typo_font_weight_mobile":"","ocean_menu_typo_transform":"","ocean_menu_typo_transform_tablet":"","ocean_menu_typo_transform_mobile":"","ocean_menu_typo_line_height":0,"ocean_menu_typo_line_height_tablet":0,"ocean_menu_typo_line_height_mobile":0,"ocean_menu_typo_line_height_unit":"","ocean_menu_typo_spacing":0,"ocean_menu_typo_spacing_tablet":0,"ocean_menu_typo_spacing_mobile":0,"ocean_menu_typo_spacing_unit":"","ocean_menu_link_color":"","ocean_menu_link_color_hover":"","ocean_menu_link_color_active":"","ocean_menu_link_background":"","ocean_menu_link_hover_background":"","ocean_menu_link_active_background":"","ocean_menu_social_links_bg":"","ocean_menu_social_hover_links_bg":"","ocean_menu_social_links_color":"","ocean_menu_social_hover_links_color":"","ocean_disable_title":"default","ocean_disable_heading":"default","ocean_post_title":"","ocean_post_subheading":"","ocean_post_title_style":"","ocean_post_title_background_color":"","ocean_post_title_background":0,"ocean_post_title_bg_image_position":"","ocean_post_title_bg_image_attachment":"","ocean_post_title_bg_image_repeat":"","ocean_post_title_bg_image_size":"","ocean_post_title_height":0,"ocean_post_title_bg_overlay":0.5,"ocean_post_title_bg_overlay_color":"","ocean_disable_breadcrumbs":"default","ocean_breadcrumbs_color":"","ocean_breadcrumbs_separator_color":"","ocean_breadcrumbs_links_color":"","ocean_breadcrumbs_links_hover_color":"","ocean_display_footer_widgets":"default","ocean_display_footer_bottom":"default","ocean_custom_footer_template":"","ocean_post_oembed":"","ocean_post_self_hosted_media":"","ocean_post_video_embed":"","ocean_link_format":"","ocean_link_format_target":"self","ocean_quote_format":"","ocean_quote_format_link":"post","ocean_gallery_link_images":"on","ocean_gallery_id":[],"footnotes":""},"categories":[2050],"tags":[2116],"class_list":["post-46770","post","type-post","status-publish","format-standard","hentry","category-anuario2026","tag-a2026demopresenta","entry"],"uagb_featured_image_src":{"full":false,"thumbnail":false,"medium":false,"medium_large":false,"large":false,"1536x1536":false,"2048x2048":false,"ocean-thumb-m":false,"ocean-thumb-ml":false,"ocean-thumb-l":false,"sow-carousel-default":false,"sow-blog-portfolio":false,"sow-blog-grid":false,"sow-blog-alternate":false},"uagb_author_info":{"display_name":"Juana Alvarez Eiras","author_link":"https:\/\/www.iri.edu.ar\/index.php\/author\/juana-alvarez-eiras\/"},"uagb_comment_info":0,"uagb_excerpt":"Departamento de Medio Oriente Presentaci\u00f3n Coordinadora: Ornela Fabani Secretario: Said Chaya Integrantes: Camila Far\u00edasMariano Gast\u00f3n CriscentiAmal Zeid Busleim\u00e1nSof\u00eda G\u00f3mez MansurMariel EsjaitaLenny FavreJuli\u00e1n UrainNathalie Far\u00edas WybertSof\u00eda AlonsoMar\u00eda Dom\u00ednguez AumirallSantiago OttCarlos Alejandro NahasNicol\u00e1s Jaimez LeguinaAxel Yamil ChiquiarCecilia CivalleroLeila MohannaIgnacio Rivas PlutmanRa\u00fal Mat\u00edas Nu\u00f1ezFranco SerranoJuan FresnoNoelia VernengoEzequiel Ramoneda RodrickMariette Lorduy PulidoBruno Roque YounesAndrea KessiGilberto ArandaZidane Zeraoui Como todos&hellip;","_links":{"self":[{"href":"https:\/\/www.iri.edu.ar\/index.php\/wp-json\/wp\/v2\/posts\/46770","targetHints":{"allow":["GET"]}}],"collection":[{"href":"https:\/\/www.iri.edu.ar\/index.php\/wp-json\/wp\/v2\/posts"}],"about":[{"href":"https:\/\/www.iri.edu.ar\/index.php\/wp-json\/wp\/v2\/types\/post"}],"author":[{"embeddable":true,"href":"https:\/\/www.iri.edu.ar\/index.php\/wp-json\/wp\/v2\/users\/5"}],"replies":[{"embeddable":true,"href":"https:\/\/www.iri.edu.ar\/index.php\/wp-json\/wp\/v2\/comments?post=46770"}],"version-history":[{"count":2,"href":"https:\/\/www.iri.edu.ar\/index.php\/wp-json\/wp\/v2\/posts\/46770\/revisions"}],"predecessor-version":[{"id":46772,"href":"https:\/\/www.iri.edu.ar\/index.php\/wp-json\/wp\/v2\/posts\/46770\/revisions\/46772"}],"wp:attachment":[{"href":"https:\/\/www.iri.edu.ar\/index.php\/wp-json\/wp\/v2\/media?parent=46770"}],"wp:term":[{"taxonomy":"category","embeddable":true,"href":"https:\/\/www.iri.edu.ar\/index.php\/wp-json\/wp\/v2\/categories?post=46770"},{"taxonomy":"post_tag","embeddable":true,"href":"https:\/\/www.iri.edu.ar\/index.php\/wp-json\/wp\/v2\/tags?post=46770"}],"curies":[{"name":"wp","href":"https:\/\/api.w.org\/{rel}","templated":true}]}}