{"id":46818,"date":"2026-08-31T14:16:25","date_gmt":"2026-08-31T17:16:25","guid":{"rendered":"https:\/\/www.iri.edu.ar\/?p=46818"},"modified":"2026-08-31T14:16:25","modified_gmt":"2026-08-31T17:16:25","slug":"historia-2026-listado-efemerides","status":"publish","type":"post","link":"https:\/\/www.iri.edu.ar\/index.php\/2026\/08\/31\/historia-2026-listado-efemerides\/","title":{"rendered":"Historia 2026 listado efemerides"},"content":{"rendered":"\n<div class=\"wp-block-uagb-container uagb-block-59c3f77b default uagb-is-root-container\">\n<div class=\"wp-block-uagb-container uagb-block-cc477993 default uagb-is-root-container\"><div class=\"wp-block-image\">\n<figure class=\"aligncenter size-full\"><a href=\"http:\/\/www.iri.edu.ar\/wp-content\/uploads\/2026\/08\/feat-anuario-2026.png\"><img fetchpriority=\"high\" decoding=\"async\" width=\"750\" height=\"200\" src=\"http:\/\/www.iri.edu.ar\/wp-content\/uploads\/2026\/08\/feat-anuario-2026.png\" alt=\"\" class=\"wp-image-46716\" srcset=\"https:\/\/www.iri.edu.ar\/wp-content\/uploads\/2026\/08\/feat-anuario-2026.png 750w, https:\/\/www.iri.edu.ar\/wp-content\/uploads\/2026\/08\/feat-anuario-2026-300x80.png 300w\" sizes=\"(max-width: 750px) 100vw, 750px\" \/><\/a><\/figure>\n<\/div>\n\n\n<p class=\"departamento\">Departamento de Historia de las Relaciones Internacionales<\/p>\n\n\n\n<h6 class=\"wp-block-heading\">Efemerides<\/h6>\n\n\n\n<div class=\"wp-block-uagb-container uagb-block-e69095fb default uagb-is-root-container\">\n\t\t\t<div class=\"wp-block-uagb-post-grid uagb-post-grid  uagb-post__image-position-top uagb-post__image-disabled uagb-block-53857866     uagb-post__items uagb-post__columns-2 is-grid uagb-post__columns-tablet-2 uagb-post__columns-mobile-1 uagb-post__equal-height\" data-total=\"1\" style=\"\">\n\n\t\t\t\t\t\t\t\t\t\t\t\t<article class=\"uagb-post__inner-wrap\">\t\t\t\t\t\t\t\t<h3 class=\"uagb-post__title uagb-post__text\">\n\t\t\t\t<a href=\"https:\/\/www.iri.edu.ar\/index.php\/2020\/06\/12\/12-de-junio-de-1992-ley-pko-y-la-redefinicion-de-la-seguridad-japonesa-en-la-posguerra\/\" target=\"_blank\" rel=\"bookmark noopener noreferrer\">12 de junio de 1992 \u2013 Ley PKO y la redefinici\u00f3n de la seguridad japonesa en la posguerra<\/a>\n\t\t\t<\/h3>\n\t\t\t\t\t\t<div class='uagb-post__text uagb-post-grid-byline'>\n\t\t\t\t\t\t\t<\/div>\n\t\t\t\t\t\t\t<div class='uagb-post__text uagb-post__excerpt'>\n\t\t\t\t\tpor Aim\u00e9 Rojas Petruccelli\t\t\t\t<\/div>\n\t\t\t\n\t\t\t\t\t\t\t\t\t<\/article>\n\t\t\t\t\t\t\t\t\t\t\t\t\t\t\t\t<article class=\"uagb-post__inner-wrap\">\t\t\t\t\t\t\t\t<h3 class=\"uagb-post__title uagb-post__text\">\n\t\t\t\t<a href=\"https:\/\/www.iri.edu.ar\/index.php\/2020\/07\/26\/26-de-julio-de-1945-el-ultimatum-de-la-declaracion-de-potsdam-y-la-encrucijada-diplomatica-de-japon\/\" target=\"_blank\" rel=\"bookmark noopener noreferrer\">26 de julio de 1945 \u2013 El ultim\u00e1tum de la Declaraci\u00f3n de Potsdam y la encrucijada diplom\u00e1tica de Jap\u00f3n<\/a>\n\t\t\t<\/h3>\n\t\t\t\t\t\t<div class='uagb-post__text uagb-post-grid-byline'>\n\t\t\t\t\t\t\t<\/div>\n\t\t\t\t\t\t\t<div class='uagb-post__text uagb-post__excerpt'>\n\t\t\t\t\tPor Aim\u00e9 Rojas Petruccelli\t\t\t\t<\/div>\n\t\t\t\n\t\t\t\t\t\t\t\t\t<\/article>\n\t\t\t\t\t\t\t\t\t\t\t\t\t<div class=\"uagb-post-pagination-wrap\">\n\t\t\t\t\t\t\t\t\t\t\t<\/div>\n\t\t\t\t\t\t\t\t<\/div>\n\t\t\t<\/div>\n<\/div>\n<\/div>\n","protected":false},"excerpt":{"rendered":"<p>Departamento de Historia de las Relaciones Internacionales Efemerides<\/p>\n","protected":false},"author":5,"featured_media":0,"comment_status":"closed","ping_status":"closed","sticky":false,"template":"","format":"standard","meta":{"_uag_custom_page_level_css":"","_monsterinsights_skip_tracking":false,"_monsterinsights_sitenote_active":false,"_monsterinsights_sitenote_note":"","_monsterinsights_sitenote_category":0,"ocean_post_layout":"","ocean_both_sidebars_style":"","ocean_both_sidebars_content_width":0,"ocean_both_sidebars_sidebars_width":0,"ocean_sidebar":"","ocean_second_sidebar":"","ocean_disable_margins":"enable","ocean_add_body_class":"","ocean_shortcode_before_top_bar":"","ocean_shortcode_after_top_bar":"","ocean_shortcode_before_header":"","ocean_shortcode_after_header":"","ocean_has_shortcode":"","ocean_shortcode_after_title":"","ocean_shortcode_before_footer_widgets":"","ocean_shortcode_after_footer_widgets":"","ocean_shortcode_before_footer_bottom":"","ocean_shortcode_after_footer_bottom":"","ocean_display_top_bar":"default","ocean_display_header":"default","ocean_header_style":"","ocean_center_header_left_menu":"","ocean_custom_header_template":"","ocean_custom_logo":0,"ocean_custom_retina_logo":0,"ocean_custom_logo_max_width":0,"ocean_custom_logo_tablet_max_width":0,"ocean_custom_logo_mobile_max_width":0,"ocean_custom_logo_max_height":0,"ocean_custom_logo_tablet_max_height":0,"ocean_custom_logo_mobile_max_height":0,"ocean_header_custom_menu":"","ocean_menu_typo_font_family":"","ocean_menu_typo_font_subset":"","ocean_menu_typo_font_size":0,"ocean_menu_typo_font_size_tablet":0,"ocean_menu_typo_font_size_mobile":0,"ocean_menu_typo_font_size_unit":"px","ocean_menu_typo_font_weight":"","ocean_menu_typo_font_weight_tablet":"","ocean_menu_typo_font_weight_mobile":"","ocean_menu_typo_transform":"","ocean_menu_typo_transform_tablet":"","ocean_menu_typo_transform_mobile":"","ocean_menu_typo_line_height":0,"ocean_menu_typo_line_height_tablet":0,"ocean_menu_typo_line_height_mobile":0,"ocean_menu_typo_line_height_unit":"","ocean_menu_typo_spacing":0,"ocean_menu_typo_spacing_tablet":0,"ocean_menu_typo_spacing_mobile":0,"ocean_menu_typo_spacing_unit":"","ocean_menu_link_color":"","ocean_menu_link_color_hover":"","ocean_menu_link_color_active":"","ocean_menu_link_background":"","ocean_menu_link_hover_background":"","ocean_menu_link_active_background":"","ocean_menu_social_links_bg":"","ocean_menu_social_hover_links_bg":"","ocean_menu_social_links_color":"","ocean_menu_social_hover_links_color":"","ocean_disable_title":"default","ocean_disable_heading":"default","ocean_post_title":"","ocean_post_subheading":"","ocean_post_title_style":"","ocean_post_title_background_color":"","ocean_post_title_background":0,"ocean_post_title_bg_image_position":"","ocean_post_title_bg_image_attachment":"","ocean_post_title_bg_image_repeat":"","ocean_post_title_bg_image_size":"","ocean_post_title_height":0,"ocean_post_title_bg_overlay":0.5,"ocean_post_title_bg_overlay_color":"","ocean_disable_breadcrumbs":"default","ocean_breadcrumbs_color":"","ocean_breadcrumbs_separator_color":"","ocean_breadcrumbs_links_color":"","ocean_breadcrumbs_links_hover_color":"","ocean_display_footer_widgets":"default","ocean_display_footer_bottom":"default","ocean_custom_footer_template":"","ocean_post_oembed":"","ocean_post_self_hosted_media":"","ocean_post_video_embed":"","ocean_link_format":"","ocean_link_format_target":"self","ocean_quote_format":"","ocean_quote_format_link":"post","ocean_gallery_link_images":"on","ocean_gallery_id":[],"footnotes":""},"categories":[2050],"tags":[2122],"class_list":["post-46818","post","type-post","status-publish","format-standard","hentry","category-anuario2026","tag-a2026historialistadoe","entry"],"uagb_featured_image_src":{"full":false,"thumbnail":false,"medium":false,"medium_large":false,"large":false,"1536x1536":false,"2048x2048":false,"ocean-thumb-m":false,"ocean-thumb-ml":false,"ocean-thumb-l":false,"sow-carousel-default":false,"sow-blog-portfolio":false,"sow-blog-grid":false,"sow-blog-alternate":false},"uagb_author_info":{"display_name":"Juana Alvarez Eiras","author_link":"https:\/\/www.iri.edu.ar\/index.php\/author\/juana-alvarez-eiras\/"},"uagb_comment_info":0,"uagb_excerpt":"Departamento de Historia de las Relaciones Internacionales Efemerides","_links":{"self":[{"href":"https:\/\/www.iri.edu.ar\/index.php\/wp-json\/wp\/v2\/posts\/46818","targetHints":{"allow":["GET"]}}],"collection":[{"href":"https:\/\/www.iri.edu.ar\/index.php\/wp-json\/wp\/v2\/posts"}],"about":[{"href":"https:\/\/www.iri.edu.ar\/index.php\/wp-json\/wp\/v2\/types\/post"}],"author":[{"embeddable":true,"href":"https:\/\/www.iri.edu.ar\/index.php\/wp-json\/wp\/v2\/users\/5"}],"replies":[{"embeddable":true,"href":"https:\/\/www.iri.edu.ar\/index.php\/wp-json\/wp\/v2\/comments?post=46818"}],"version-history":[{"count":3,"href":"https:\/\/www.iri.edu.ar\/index.php\/wp-json\/wp\/v2\/posts\/46818\/revisions"}],"predecessor-version":[{"id":46872,"href":"https:\/\/www.iri.edu.ar\/index.php\/wp-json\/wp\/v2\/posts\/46818\/revisions\/46872"}],"wp:attachment":[{"href":"https:\/\/www.iri.edu.ar\/index.php\/wp-json\/wp\/v2\/media?parent=46818"}],"wp:term":[{"taxonomy":"category","embeddable":true,"href":"https:\/\/www.iri.edu.ar\/index.php\/wp-json\/wp\/v2\/categories?post=46818"},{"taxonomy":"post_tag","embeddable":true,"href":"https:\/\/www.iri.edu.ar\/index.php\/wp-json\/wp\/v2\/tags?post=46818"}],"curies":[{"name":"wp","href":"https:\/\/api.w.org\/{rel}","templated":true}]}}