{"id":46879,"date":"2026-09-03T11:23:08","date_gmt":"2026-09-03T14:23:08","guid":{"rendered":"https:\/\/www.iri.edu.ar\/?p=46879"},"modified":"2026-09-03T11:23:09","modified_gmt":"2026-09-03T14:23:09","slug":"eurasia-2026-presenta","status":"publish","type":"post","link":"https:\/\/www.iri.edu.ar\/index.php\/2026\/09\/03\/eurasia-2026-presenta\/","title":{"rendered":"Presentaci\u00f3n"},"content":{"rendered":"\r\n<div class=\"wp-block-uagb-container uagb-block-59c3f77b default uagb-is-root-container\"><div class=\"wp-block-image\">\n<figure class=\"aligncenter size-full\"><a href=\"http:\/\/www.iri.edu.ar\/wp-content\/uploads\/2026\/08\/feat-anuario-2026.png\"><img fetchpriority=\"high\" decoding=\"async\" width=\"750\" height=\"200\" src=\"http:\/\/www.iri.edu.ar\/wp-content\/uploads\/2026\/08\/feat-anuario-2026.png\" alt=\"\" class=\"wp-image-46716\" srcset=\"https:\/\/www.iri.edu.ar\/wp-content\/uploads\/2026\/08\/feat-anuario-2026.png 750w, https:\/\/www.iri.edu.ar\/wp-content\/uploads\/2026\/08\/feat-anuario-2026-300x80.png 300w\" sizes=\"(max-width: 750px) 100vw, 750px\" \/><\/a><\/figure>\n<\/div>\r\n\r\n\r\n<p class=\"departamento wp-block-paragraph\">Departamento de Eurasia<\/p>\r\n\r\n\r\n\r\n<h6 class=\"wp-block-heading\">Presentaci\u00f3n<\/h6>\r\n\r\n\r\n\r\n<div class=\"wp-block-uagb-container uagb-block-1a9d9415\">\r\n<p class=\"coordinador wp-block-paragraph\">Coordinador: <strong><strong><strong>Gabriel Merino<\/strong><\/strong><\/strong><\/p>\r\n\r\n\r\n\r\n<p class=\"secretario wp-block-paragraph\">Secretario: <strong><strong><strong>Melina Tor\u00fas<\/strong><\/strong><\/strong><\/p>\r\n\r\n\r\n\r\n<p class=\"integrantes wp-block-paragraph\">Integrantes: <strong>Anuar Temirov<br \/>Ariel Gonzalez Levaggi<br \/>H\u00e9ctor Dupuy<br \/>Hilario Patronelli<br \/>Marcia Alejandra Castro Sep\u00falveda<br \/>Matias Caubet<br \/>Paulo Botta<br \/>Solange Ernestina G\u00f3mez<br \/>Tamara Yevtushenko<\/strong><\/p>\r\n<\/div>\r\n\r\n\r\n\r\n<p class=\"wp-block-paragraph\">El a\u00f1o 2026 encuentra a la Gran Eurasia inmersa en una profunda reconfiguraci\u00f3n geopol\u00edtica y geoecon\u00f3mica. El orden internacional surgido tras la Guerra Fr\u00eda bajo la hegemon\u00eda estadounidense atraviesa una crisis estructural, mientras el continente euroasi\u00e1tico se consolida como el principal espacio donde se articula la transici\u00f3n hacia un mundo multipolar \u2013dimensi\u00f3n geopol\u00edtica de una transformaci\u00f3n estructural del sistema mundial. Por ello, tambi\u00e9n es el principal tablero geopol\u00edtico y geoestrat\u00e9gico,\u00a0 marcado por la guerra en Ucrania, la escalada en Asia Occidental o la regi\u00f3n central de Afro-Eurasia \u2013denominada habitualmente Medio Oriente\u2014, la competencia por la influencia en Asia Central y la profundizaci\u00f3n de la influencia de China en el conjunto de Eurasia, particularmente en Asia Oriental y el Sudeste Asi\u00e1tico.<\/p>\r\n\r\n\r\n\r\n<p class=\"wp-block-paragraph\">La alianza entre Rusia y China se ha consolidado y operacionalizado en un n\u00facleo estrat\u00e9gico euroasi\u00e1tico. Esta relaci\u00f3n, que en 2026 cumple 30 a\u00f1os de asociaci\u00f3n estrat\u00e9gica integral, se ha profundizado en integraci\u00f3n financiera, tecnol\u00f3gica y energ\u00e9tica, creando sistemas paralelos que reducen la influencia de Occidente. El comercio bilateral creci\u00f3 cerca de un 15% durante el primer trimestre de 2026. Rusia contin\u00faa aportando profundidad estrat\u00e9gica, recursos naturales y capacidades militares, mientras China aporta capital, industria, tecnolog\u00eda y un inmenso mercado. Como resultado, el \u201ccoraz\u00f3n continental\u201d euroasi\u00e1tico aparece hoy cada vez m\u00e1s articulado, lo que influye en varias regiones del continente.<\/p>\r\n\r\n\r\n\r\n<p class=\"wp-block-paragraph\">China dej\u00f3 de ser \u00fanicamente \u00abla f\u00e1brica del mundo\u00bb. Hoy es un gigante tecnol\u00f3gico que lidera buena parte de la competencia en IA aplicada a la industria. Deepseek, Huawei, Moonshot, Alibaba, BYD, etc., simbolizan un punto de inflexi\u00f3n, en el que un nuevo modelo de producci\u00f3n, organizaci\u00f3n e innovaci\u00f3n \u2013el socialismo de mercado con caracter\u00edsticas chinas\u2014 comienza a redefinir los est\u00e1ndares de una nueva etapa hist\u00f3rica.<\/p>\r\n\r\n\r\n\r\n<p class=\"wp-block-paragraph\">Rusia no s\u00f3lo fortaleci\u00f3 sus v\u00ednculos con China, sino tambi\u00e9n con India, Ir\u00e1n y Asia Central. Uno de los desarrollos institucionales importantes tuvo que ver con el lanzamiento del proceso consultivo para elaborar la Carta Euroasi\u00e1tica de Diversidad y Multipolaridad en el Siglo XXI, con la\u00a0 presentaci\u00f3n de la Carta de Seguridad Euroasi\u00e1tica el 3 de febrero de 2026, bajo el impulso de Rusia, Bielorrusia, Ir\u00e1n, Corea del Norte y Myanmar. Por otro lado, a pesar de las sanciones, la Uni\u00f3n Econ\u00f3mica Euroasi\u00e1tica (UEEA) sigue creciendo. Se espera que su comercio mutuo supere los 100.000 millones de d\u00f3lares por primera vez en 2026. Adem\u00e1s, atrae el inter\u00e9s de nuevos socios, como Indonesia, con quien est\u00e1 a punto de entrar en vigor un acuerdo de libre comercio.<\/p>\r\n\r\n\r\n\r\n<p class=\"wp-block-paragraph\">Las plataformas como los BRICS+ y la OCS se fortalecen como ejes de un orden alternativo con centro en Eurasia. Hay algunos datos importantes en relaci\u00f3n al desarrollo de una arquitectura monetaria y financiera del BRICS+, que consolid\u00f3 su expansi\u00f3n en Asia Occidental y el Sudeste Asi\u00e1tico: el comercio intra grupo en monedas locales llego al 67%, los contratos de petr\u00f3leo denominados en yuanes ahora alcanzan casi el 24% del volumen de crudo Brent, comenz\u00f3 a dar sus primeros pasos el sistema de pagos BRICS Pay.<\/p>\r\n\r\n\r\n\r\n<p class=\"wp-block-paragraph\">Asia Central gana importancia estrat\u00e9gica. Kazajist\u00e1n, Uzbekist\u00e1n, Turkmenist\u00e1n y el resto de Asia Central se consolidan en una posici\u00f3n cada vez m\u00e1s relevante. La regi\u00f3n se transform\u00f3 en un importante productor y corredor energ\u00e9tico, corredor ferroviario y nodo log\u00edstico y, tambi\u00e9n, espacio de competencia en la influencia entre: China, Rusia, Turqu\u00eda, India, la Uni\u00f3n Europea y Estados Unidos. Un ejemplo es la iniciativa de Kazajist\u00e1n para convertirse en un gran centro de transporte de Eurasia, con el objetivo de conectar Asia Central con los puertos de Pakist\u00e1n y los mercados globales.<\/p>\r\n\r\n\r\n\r\n<p class=\"wp-block-paragraph\">M\u00e1s all\u00e1 de la competencia, no debe dejar de observarse que el ascenso de China y la Iniciativa de la Franja y la Ruta constituyen el principal motor de este proceso, con miles de millones de d\u00f3lares invertidos en infraestructuras ferroviarias, carreteras y oleoductos que atraviesan la regi\u00f3n. Tambi\u00e9n aparecen otros corredores importantes como el Corredor Norte-Sur (INSTC), el Middle Corridor y el IMEC.<\/p>\r\n\r\n\r\n\r\n<p class=\"wp-block-paragraph\">India se consolida como un actor de peso y actor clave para conformar el contradictorio, pero decisivo, tri\u00e1ngulo geoestrat\u00e9gico euroasi\u00e1tico junto a Rusia y China. Adem\u00e1s de ser el pa\u00eds de mayor poblaci\u00f3n mundial, India tuvo un crecimiento cercano al 6% el \u00faltimo a\u00f1o, act\u00faa como un equilibrio clave entre Occidente y Rusia, contin\u00faa en expansi\u00f3n su sector industrial manufacturera y tiene un papel creciente en el oc\u00e9ano \u00cdndico.<\/p>\r\n\r\n\r\n\r\n<p class=\"wp-block-paragraph\">Turqu\u00eda reforz\u00f3 su perfil como potencia media euroasi\u00e1tica. Aunque sigue perteneciendo a la OTAN, mantiene estrechas relaciones econ\u00f3micas con Rusia, busca expandir su influencia en el C\u00e1ucaso, fortalece la Organizaci\u00f3n de Estados Turcos, y desarrolla corredores comerciales hacia Asia Central.<\/p>\r\n\r\n\r\n\r\n<p class=\"wp-block-paragraph\">La pen\u00ednsula europea es una Zona de Crisis Permanente. La guerra en Ucrania ha provocado el colapso \u00abcompleto y final\u00bb del modelo de seguridad euroatl\u00e1ntico. En un escenario de declive relativo de Europa Occidental (UE-27 m\u00e1s Reino Unido, Noruega y Suiza). El peso en el PBI mundial pas\u00f3 de 27%-30% en 1990 al 14-16% en 2025, su representaci\u00f3n en la producci\u00f3n manufacturera mundial pas\u00f3 de representar el 25% (2000) al 15% en 2025 (con un proceso de desindustrializaci\u00f3n del n\u00facleo productivo alem\u00e1n) y la falta de autonom\u00eda estrat\u00e9gica, junto con la fragmentaci\u00f3n pol\u00edtica, debilitan su posici\u00f3n mundial.<\/p>\r\n\r\n\r\n\r\n<p class=\"wp-block-paragraph\">Adem\u00e1s pesa cada vez m\u00e1s sobre Europa el conflicto en Ucrania, donde contin\u00faa la guerra de desgaste \u2013que en agosto de 2026 cumplir\u00e1 cuatro a\u00f1os y medio como guerra abierta\u2014, profundiz\u00e1ndose el conflicto secular entre Rusia y la OTAN. No hay se\u00f1ales de una distensi\u00f3n inminente ni de negociaciones sustanciales. Entre los \u00faltimos acontecimientos, se destacan los avances de Rusia en el Domb\u00e1s, donde ha tomado la ciudad estrat\u00e9gica de Konstantinovka (Kostyantynivka), una de las \u00faltimos bastiones fortificados. Por otro lado, Kiev logr\u00f3 golpear con drones infraestructura rusa, generando un problema en la retaguardia de Mosc\u00fa. Pero ello llev\u00f3 a Rusia a da\u00f1ar estructuralmente el puerto de Odesa, clave para Ucrania en t\u00e9rminos econ\u00f3micos y militares. Adem\u00e1s, durante el primer semestre de 2026, los aliados suministraron apenas un tercio de los interceptores de misiles que entregaron en el mismo per\u00edodo de 2025 y en los \u00faltimos ataques con misiles Kiev mostr\u00f3 poca capacidad de resistencia.<\/p>\r\n\r\n\r\n\r\n<p class=\"wp-block-paragraph\">El conflicto en\u00a0 el llamado \u201cMedio Oriente\u201d ha escalado a un nuevo nivel, a partir del ataque de Israel y Estados Unidos contra Ir\u00e1n. El conflicto ha profundizado la alianza entre Teher\u00e1n, Mosc\u00fa y Beijing, y ha revitalizado a los aliados regionales de Ir\u00e1n. Teher\u00e1n ha logrado resistir los ataques, impactar infraestructura militar estadounidense en el golfo y superar los sistemas de defensa israel\u00edes. El control del estrecho de Ormuz se ha convertido en un arma geoecon\u00f3mica fundamental para Ir\u00e1n, reposicionando al pa\u00eds en el mapa de poder regional.<\/p>\r\n\r\n\r\n\r\n<p class=\"wp-block-paragraph\">Desde una perspectiva estructural, el \u00faltimo a\u00f1o refuerza una tendencia de largo plazo: el progresivo desplazamiento gradual del centro de gravedad pol\u00edtico y econ\u00f3mico mundial hacia Eurasia. Pero tambi\u00e9n es el escenario en donde m\u00e1s conflictos se desarrollan al calor de la aceleraci\u00f3n de la competencia estrat\u00e9gica, en el marco de la Guerra Mundial H\u00edbrida y Fragmentada en curso.<\/p>\r\n\r\n\r\n\r\n<p class=\"wp-block-paragraph\">El trabajo llevado adelante por el Departamento de Eurasia refleja las diversas aristas de esta compleja regi\u00f3n.<\/p>\r\n\r\n\r\n\r\n<p class=\"wp-block-paragraph\">Asimismo, se detallan las actividades llevadas adelante por las c\u00e1tedras de Turqu\u00eda y Rusia as\u00ed como del Departamento y sus integrantes.<\/p>\r\n\r\n\r\n\r\n<p class=\"has-text-align-right wp-block-paragraph\"><strong>Gabriel Merino<br \/><\/strong>Coordinador<\/p>\r\n\r\n\r\n\r\n<h1 class=\"wp-block-heading\">Actividades<\/h1>\r\n\r\n\r\n\r\n<ul class=\"wp-block-list\">\r\n<li>Eurasia y la transici\u00f3n hist\u00f3rico-espacial contempor\u00e1nea. Coordinado junto a la Maestria del IRI. A cargo de Gabriel Merino. <a href=\"https:\/\/www.iri.edu.ar\/index.php\/2026\/05\/04\/eurasia-y-la-transicion-historico-espacial-contemporanea-2\/\">https:\/\/www.iri.edu.ar\/index.php\/2026\/05\/04\/eurasia-y-la-transicion-historico-espacial-contemporanea-2\/<\/a><\/li>\r\n\r\n\r\n\r\n<li>Panel virtual: Estados Unidos de Am\u00e9rica a 250 a\u00f1os de su independencia: Perspectivas sobre hegemon\u00eda, crisis y sociedad. Participaci\u00f3n de Gabriel Merino sobre Geopol\u00edtica y econom\u00eda pol\u00edtica: transici\u00f3n hegem\u00f3nica, ascenso de China, guerra comercial\/tarifas y fracturas internas del bloque norteamericano. Link al programa: <a href=\"https:\/\/www.iri.edu.ar\/index.php\/2026\/05\/26\/estados-unidos-de-america-a-250-anos-de-su-independencia-perspectivas-sobre-hegemonia-crisis-y-sociedad\/\">https:\/\/www.iri.edu.ar\/index.php\/2026\/05\/26\/estados-unidos-de-america-a-250-anos-de-su-independencia-perspectivas-sobre-hegemonia-crisis-y-sociedad\/<\/a><\/li>\r\n\r\n\r\n\r\n<li>Entrevista a Gabriel Merino sobre el desarrollo tecnol\u00f3gico chino. Disponible en <a href=\"https:\/\/youtu.be\/eXL1jivMHgM?si=sSn2kRGgfMw-AqWU\">https:\/\/youtu.be\/eXL1jivMHgM?si=sSn2kRGgfMw-AqWU<\/a><\/li>\r\n\r\n\r\n\r\n<li>Entrevista a Gabriel Merino sobre la Cumbre entre Donald Trump y Xi Jinping. Disponible en: <a href=\"https:\/\/youtu.be\/3C9D-sSTEVA\">https:\/\/youtu.be\/3C9D-sSTEVA<\/a><\/li>\r\n\r\n\r\n\r\n<li>Entrevista a Gabriel Merino sobre la Guerra en Ir\u00e1n: Disponible en: <a href=\"https:\/\/radiocut.fm\/audiocut\/guerra-en-iran-eeuu-avanza-con-politicas-involucran-a-argentina\/\">https:\/\/radiocut.fm\/audiocut\/guerra-en-iran-eeuu-avanza-con-politicas-involucran-a-argentina\/<\/a><\/li>\r\n\r\n\r\n\r\n<li>Entrevista a Paulo Botta sobre las negociaciones entre Ir\u00e1n y Estados Unidos. Disponible en: <a href=\"https:\/\/www.youtube.com\/watch?v=E4e9givVLTY\">https:\/\/www.youtube.com\/watch?v=E4e9givVLTY<\/a><\/li>\r\n\r\n\r\n\r\n<li>Entrevista a Gabriel Merino sobre el (Des)orden Multipolar. Disponible en: <a href=\"https:\/\/radiocut.fm\/audiocut\/gabriel-merino-en-asuntos-publicos-1\/\">https:\/\/radiocut.fm\/audiocut\/gabriel-merino-en-asuntos-publicos-1\/<\/a><\/li>\r\n\r\n\r\n\r\n<li>Entrevista a Paulo Botta sobre la situaci\u00f3n en Ir\u00e1n. Disponible en: <a href=\"https:\/\/www.youtube.com\/watch?v=Te3mlfpVKSw\">https:\/\/www.youtube.com\/watch?v=Te3mlfpVKSw<\/a><\/li>\r\n\r\n\r\n\r\n<li>Primera Jornada de Estudios T\u00farquicos organizada por el Departamento de Eurasia, la C\u00e1tedra Libre de Estudios Turcos y la C\u00e1tedra de Azerbaiy\u00e1n. Link al programa: <a href=\"https:\/\/www.iri.edu.ar\/index.php\/2026\/03\/18\/primeras-jornadas-de-estudios-turquicos\/\">https:\/\/www.iri.edu.ar\/index.php\/2026\/03\/18\/primeras-jornadas-de-estudios-turquicos\/<\/a><\/li>\r\n\r\n\r\n\r\n<li>Entrevista a Paulo Botta sobre el impacto del conflicto de Ir\u00e1n en Am\u00e9rica Latina y en la pol\u00edtica exterior de Argentina hacia la regi\u00f3n. Disponible en: <a href=\"https:\/\/www.laprensa.com.ar\/Argentina-tiene-una-vision-demasiado-simplista-de-Medio-Oriente-569760.note.aspx\">https:\/\/www.laprensa.com.ar\/Argentina-tiene-una-vision-demasiado-simplista-de-Medio-Oriente-569760.note.aspx<\/a><\/li>\r\n\r\n\r\n\r\n<li>Entrevista a Gabriel Merino sobre la Guerra en Ir\u00e1n y las tensiones entre Estados Unidos y China. Disponible en: <a href=\"https:\/\/www.perfil.com\/noticias\/modo-fontevecchia\/gabriel-merino-ee-uu-hace-la-guerra-y-la-pierde-china-no-la-hace-y-la-gana-modof.phtml\">https:\/\/www.perfil.com\/noticias\/modo-fontevecchia\/gabriel-merino-ee-uu-hace-la-guerra-y-la-pierde-china-no-la-hace-y-la-gana-modof.phtml<\/a><\/li>\r\n\r\n\r\n\r\n<li>Participaci\u00f3n de Gabriel Merino en la VII Conferencia Internacional \u201cLa Mayor\u00eda Mundial y Occidente en el Contexto de las Transformaciones Geoecon\u00f3micas y Civilizatorias\u00bb, organizada por la HSE de Mosc\u00fa.<\/li>\r\n\r\n\r\n\r\n<li>Mesa del Departamento de Eurasia en el VII Congreso del Consejo Federal de Estudios Internacionales titulada: \u201cEurasia en la transici\u00f3n global: continuidades y disputas en el (des)orden internacional\u201d. Link al programa: <a href=\"https:\/\/sites.google.com\/view\/cofei-argentina\/congresos\/vii-congreso-cofei?authuser=0\">https:\/\/sites.google.com\/view\/cofei-argentina\/congresos\/vii-congreso-cofei?authuser=0<\/a><\/li>\r\n\r\n\r\n\r\n<li>Charla: Xinjiang, la China extrema organizado en el IRI por el Departamento de Eurasia, el centro de Estudios Chinos y el Instituto Confucio UNLP-XISU. <a href=\"https:\/\/www.iri.edu.ar\/index.php\/2025\/08\/08\/charla-xinjiang-la-china-extrema\/\">https:\/\/www.iri.edu.ar\/index.php\/2025\/08\/08\/charla-xinjiang-la-china-extrema\/<\/a><\/li>\r\n\r\n\r\n\r\n<li>Entrevista a Gabriel Merino sobre la Guerra en Ucrania. Disponible en: <a href=\"https:\/\/www.youtube.com\/watch?v=J7gbYX6CXVM\">https:\/\/www.youtube.com\/watch?v=J7gbYX6CXVM<\/a><\/li>\r\n\r\n\r\n\r\n<li>Entrevista a Gabriel Merino sobre BRICS+ vs Trump. Disponible en: <a href=\"https:\/\/youtu.be\/eRGZz8O1tYg\">https:\/\/youtu.be\/eRGZz8O1tYg<\/a><\/li>\r\n<\/ul>\r\n\r\n\r\n\r\n<h2 class=\"wp-block-heading\">Publicaciones<\/h2>\r\n\r\n\r\n\r\n<ul class=\"wp-block-list\">\r\n<li>\u201cEl Esp\u00edritu de Beijing\u201d Declaraci\u00f3n Conjunta para un Nuevo Orden Multipolar y Nuevo Tipo de Relaciones Internacionales. Por Gabriel Merino y Solange Ernestina G\u00f3mez. Disponible en: <a href=\"https:\/\/www.iri.edu.ar\/index.php\/2026\/05\/28\/el-espiritu-de-beijing-declaracion-conjunta-para-un-nuevo-orden-multipolar-y-nuevo-tipo-de-relaciones-internacionales\/\">https:\/\/www.iri.edu.ar\/index.php\/2026\/05\/28\/el-espiritu-de-beijing-declaracion-conjunta-para-un-nuevo-orden-multipolar-y-nuevo-tipo-de-relaciones-internacionales\/<\/a><\/li>\r\n\r\n\r\n\r\n<li>La guerra de EE.UU. e Israel contra Ir\u00e1n: China, Rusia y la multipolaridad. Por Gabriel Merino. Disponible en: <a href=\"https:\/\/tektonikos.website\/la-guerra-de-ee-uu-e-israel-contra-iran-china-rusia-y-la-multipolaridad\/\">https:\/\/tektonikos.website\/la-guerra-de-ee-uu-e-israel-contra-iran-china-rusia-y-la-multipolaridad\/<\/a><\/li>\r\n\r\n\r\n\r\n<li>Comunicado sobre la situaci\u00f3n entre Pakist\u00e1n y Afganist\u00e1n. Disponible en: <a href=\"https:\/\/www.iri.edu.ar\/index.php\/2026\/03\/13\/comunicado-sobre-la-situacion-entre-pakistan-y-afganistan\/\">https:\/\/www.iri.edu.ar\/index.php\/2026\/03\/13\/comunicado-sobre-la-situacion-entre-pakistan-y-afganistan\/<\/a><\/li>\r\n\r\n\r\n\r\n<li>Falsedades del \u201cdesarrollo por invitaci\u00f3n\u201d. Por Gabriel Merino. Disponible en: <a href=\"https:\/\/tektonikos.website\/falsedades-del-desarrollo-por-invitacion\/\">https:\/\/tektonikos.website\/falsedades-del-desarrollo-por-invitacion\/<\/a><\/li>\r\n\r\n\r\n\r\n<li>Argentina en el (Des)Orden Multipolar: Patio Trasero o Polo Emergente. Por Gabriel Merino. Disponible en: <a href=\"https:\/\/ajb.org.ar\/enmarcha\/2026\/01\/09\/argentina-en-el-desorden-multipolar-patio-trasero-o-polo-emergente\/\">https:\/\/ajb.org.ar\/enmarcha\/2026\/01\/09\/argentina-en-el-desorden-multipolar-patio-trasero-o-polo-emergente\/<\/a><\/li>\r\n\r\n\r\n\r\n<li>The Economic Impact of the Conflict in Iran on Latin America. Por Paulo Botta. Disponible en: <a href=\"https:\/\/trendsgroup.org\/insight\/the-economic-impact-of-the-conflict-in-iran-on-latin-america\/\">https:\/\/trendsgroup.org\/insight\/the-economic-impact-of-the-conflict-in-iran-on-latin-america\/<\/a><\/li>\r\n\r\n\r\n\r\n<li>Sobre el uso del t\u00e9rmino \u201cT\u00farquico\u201d. Por Paulo Botta. Disponible en: <a href=\"https:\/\/www.iri.edu.ar\/index.php\/2026\/03\/18\/sobre-el-uso-del-termino-turquico\/\">https:\/\/www.iri.edu.ar\/index.php\/2026\/03\/18\/sobre-el-uso-del-termino-turquico\/<\/a><\/li>\r\n\r\n\r\n\r\n<li>Cumbre extraordinaria virtual de los BRICS. Por Melina Tor\u00fas. Disponible en: <a href=\"https:\/\/www.iri.edu.ar\/index.php\/2025\/09\/11\/cumbre-extraordinaria-virtual-de-los-brics\/\">https:\/\/www.iri.edu.ar\/index.php\/2025\/09\/11\/cumbre-extraordinaria-virtual-de-los-brics\/<\/a><\/li>\r\n\r\n\r\n\r\n<li>Hacia un Ir\u00e1n post-Jamene\u00ed, Por Paulo Botta. Disponible en: <a href=\"https:\/\/cari.org.ar\/views\/releases\/detail\/index.php?article_id=854\">https:\/\/cari.org.ar\/views\/releases\/detail\/index.php?article_id=854<\/a><\/li>\r\n\r\n\r\n\r\n<li>Sobre la 25\u00b0 Cumbre de la Organizaci\u00f3n de Cooperaci\u00f3n de Shangh\u00e1i en Tianjin. Por Melina Tor\u00fas. Disponible en: <a href=\"https:\/\/www.iri.edu.ar\/index.php\/2025\/09\/04\/sobre-la-25-cumbre-de-la-organizacion-de-cooperacion-de-shanghai-en-tianjin\/\">https:\/\/www.iri.edu.ar\/index.php\/2025\/09\/04\/sobre-la-25-cumbre-de-la-organizacion-de-cooperacion-de-shanghai-en-tianjin\/<\/a><\/li>\r\n\r\n\r\n\r\n<li>Relations between Azerbaijan and the Arab Gulf Countries. Por Paulo Botta. Disponible en: <a href=\"https:\/\/trendsgroup.org\/insight\/relations-between-azerbaijan-and-the-arab-gulf-countries\/\">https:\/\/trendsgroup.org\/insight\/relations-between-azerbaijan-and-the-arab-gulf-countries\/<\/a><\/li>\r\n\r\n\r\n\r\n<li>Nuevo momento geopol\u00edtico: el (Des)Orden Multipolar. Por Gabriel Merino. Disponible en: <a href=\"https:\/\/tektonikos.website\/nuevo-momento-geopolitico-el-desorden-multipolar\/\">https:\/\/tektonikos.website\/nuevo-momento-geopolitico-el-desorden-multipolar\/<\/a><\/li>\r\n<\/ul>\r\n\r\n\r\n\r\n<h2 class=\"wp-block-heading\">C\u00e1tedra Libre de Estudios Turcos<\/h2>\r\n\r\n\r\n\r\n<h3 class=\"wp-block-heading\">Actividades<\/h3>\r\n\r\n\r\n\r\n<ul class=\"wp-block-list\">\r\n<li>Las Primeras Jornadas de Estudios T\u00farquicos, organizadas por la C\u00e1tedra Libre de Estudios Turcos del Instituto de Relaciones Internacionales (IRI) de la Universidad Nacional de La Plata junto al departamento de Eurasia y la C\u00e1tedra de Azerbiy\u00e1n, se llevaron a cabo el 19 de marzo de 2026 en modalidad virtual. La iniciativa se inscribe en el proceso de consolidaci\u00f3n de los estudios sobre Turqu\u00eda y el mundo t\u00farquico en el \u00e1mbito acad\u00e9mico argentino, constituyendo un espacio pionero de intercambio especializado a nivel nacional.<\/li>\r\n<\/ul>\r\n\r\n\r\n\r\n<p class=\"wp-block-paragraph\">El encuentro reuni\u00f3 a investigadores, docentes y especialistas provenientes de distintas instituciones acad\u00e9micas de diferentes pa\u00edses, con el objetivo de promover el an\u00e1lisis interdisciplinario. A lo largo de la jornada se desarrollaron paneles tem\u00e1ticos que abordaron dimensiones pol\u00edticas, econ\u00f3micas, culturales y geopol\u00edticas vinculadas al espacio t\u00farquico, favoreciendo un di\u00e1logo plural entre distintas perspectivas te\u00f3ricas y enfoques metodol\u00f3gicos. Link al programa: <a href=\"https:\/\/www.iri.edu.ar\/index.php\/2026\/03\/18\/primeras-jornadas-de-estudios-turquicos\/\">https:\/\/www.iri.edu.ar\/index.php\/2026\/03\/18\/primeras-jornadas-de-estudios-turquicos\/<\/a><\/p>\r\n\r\n\r\n\r\n<ul class=\"wp-block-list\">\r\n<li>Entrevista a Melina Tor\u00fas en Agencia Anadolu. Disponible en: <a href=\"https:\/\/www.aa.com.tr\/tr\/dunya\/uzmanlar-abdnin-venezuelaya-mudahalesinin-tum-bolgeyi-sarsabilecegini-belirtti\/3691116\">https:\/\/www.aa.com.tr\/tr\/dunya\/uzmanlar-abdnin-venezuelaya-mudahalesinin-tum-bolgeyi-sarsabilecegini-belirtti\/3691116<\/a><\/li>\r\n<\/ul>\r\n\r\n\r\n\r\n<h3 class=\"wp-block-heading\">Publicaciones<\/h3>\r\n\r\n\r\n\r\n<ul class=\"wp-block-list\">\r\n<li>The Role of the Middle Corridor in Eurasian Connectivity. Por Melina Tor\u00fas. Disponible en: <a href=\"https:\/\/bakudialogues.idd.az\/media\/2026\/03\/04\/bd-v9-n2-winter-2025-2026_melina_torus.pdf\">https:\/\/bakudialogues.idd.az\/media\/2026\/03\/04\/bd-v9-n2-winter-2025-2026_melina_torus.pdf<\/a><\/li>\r\n<\/ul>\r\n\r\n\r\n\r\n<h2 class=\"wp-block-heading\">C\u00e1tedra de Rusia<\/h2>\r\n\r\n\r\n\r\n<h3 class=\"wp-block-heading\">Actividades<\/h3>\r\n\r\n\r\n\r\n<ul class=\"wp-block-list\">\r\n<li>Evento 2 de Julio organizado por la C\u00e1tedra de Rusia IRI de la Universidad Nacional de La Plata (UNLP) en el marco de su inicio de las actividades luego del receso invernal. A cargo de Rub\u00e9n Dario Guzzetti con tema \u201cTransici\u00f3n social y poder mundial: una mirada desde Oriente \u00bfCambio de poder global? El rol clave de Rusia, China e Ir\u00e1n\u201d.<\/li>\r\n\r\n\r\n\r\n<li>El pasado 2 de julio se realiz\u00f3 la charla: \u00bfPor qu\u00e9 Rusia, Ir\u00e1n y China est\u00e1n en el centro de la transici\u00f3n global? Un an\u00e1lisis fundamental para entender el nuevo orden internacional, a cargo de Rub\u00e9n Dar\u00edo Guzzetti.<\/li>\r\n\r\n\r\n\r\n<li>Evento 10 de Julio organizado por la C\u00e1tedra de Rusia IRI de la Universidad Nacional de La Plata (UNLP). A cargo de Rom\u00e1n Bulgakov con tema \u201cCatalina la Grande: detalles de su retrato y aspectos de su vida cotidiana\u201d.<\/li>\r\n\r\n\r\n\r\n<li>Evento 23 de Julio organizado por la C\u00e1tedra de Rusia IRI de la Universidad Nacional de la Plata (UNLP). A cargo de Rub\u00e9n Dario Guzzetti con tema: \u201cRusia y China, eje de una alternativa civilizatoria\u201d.<\/li>\r\n\r\n\r\n\r\n<li>El pasado 23 de julio de 2025 se desarroll\u00f3 una actividad virtual sobre la XVII Cumbre BRICS en R\u00edo de Janeiro y el eje asociativo Rusia China, organizado por la C\u00e1tedra de Rusia de la UNLP y el IRI.<\/li>\r\n\r\n\r\n\r\n<li>Eventos 16 y 18 de Septiembre organizados por la C\u00e1tedra de Rusia IRI de la Universidad Nacional de la Plata (UNLP). A cargo de Marcelo Montes con tema: \u201cRusia: \u00bfEn, afuera o contra Europa?\u201d<\/li>\r\n\r\n\r\n\r\n<li>Evento el 25 de septiembre auspiciado por la C\u00e1tedra de Rusia IRI de la Universidad Nacional de la Plata (UNLP). Hutschenreuter y comentarios a cargo del Dr. Marcelo Montes con el tema \u201cLa geopol\u00edtica nunca se fue. El pasado 25 de septiembre se realiz\u00f3 la presentaci\u00f3n de la obra \u201cLa geopol\u00edtica nunca se fue\u201d del Dr. Alberto Hutschenreuter. Comentarios a cargo del Dr. Marcelo Montes.<\/li>\r\n\r\n\r\n\r\n<li>Evento del 4 de octubre organizado por la C\u00e1tedra de Rusia IRI de la Universidad Nacional de La Plata (UNLP). A cargo de Christian Lamesa con tema: \u201c140 a\u00f1os de relaciones diplom\u00e1ticas ruso-argentinas \u201c.<\/li>\r\n\r\n\r\n\r\n<li>Evento el 8 de octubre organizado por la C\u00e1tedra de Rusia IRI de la Universidad Nacional de la Plata (UNLP). A cargo de Kira Mamontova con tema \u201cKira Mamontova: una vida dedicada a la creatividad. Acuarela como idioma expresivo\u201d.<\/li>\r\n\r\n\r\n\r\n<li>El pasado mi\u00e9rcoles 8 de octubre, se realiz\u00f3 un espacio para descubrir el universo creativo de Kira Mamontova, artista cuya obra refleja una profunda dedicaci\u00f3n a la acuarela como lenguaje art\u00edstico.<\/li>\r\n\r\n\r\n\r\n<li>Evento los d\u00edas 21, 22 y 23 de octubre auspiciado por la C\u00e1tedra de Rusia IRI de la Universidad Nacional de la Plata (UNLP). A cargo del Dr Marcelo Montes con tema: \u201cVuelo directo Washington &#8211; Buenos Aires\u201d.<\/li>\r\n\r\n\r\n\r\n<li>Evento del 29 de Octubre organizado por la C\u00e1tedra de Rusia IRI de la Universidad Nacional de La Plata (UNLP). A cargo del Dr. Marcelo Montes, tema: \u201cNicol\u00e1s I y los decembristas\u201d.<\/li>\r\n\r\n\r\n\r\n<li>Acreditaci\u00f3n internacional de ruso como lengua extranjera certificado (\u0422\u0420\u041a\u0418) TRKI de la Universidad Estatal de San Petersburgo los d\u00edas 1 y 5 de diciembre. La C\u00e1tedra de Rusia del Instituto de Relaciones Internacionales perteneciente a la Universidad Nacional de La Plata (UNLP). brind\u00f3 la posibilidad de los ex\u00e1menes de certificaci\u00f3n oficial de dominio del idioma ruso como lengua extranjera otorgados por la prestigiosa Universidad Estatal de San Petersburgo.<\/li>\r\n\r\n\r\n\r\n<li>Evento 5 de noviembre organizado por la C\u00e1tedra de Rusia IRI de la Universidad Nacional de La Plata (UNLP). A cargo de Elida Bustos con tema: \u201cRusia y Georgia: influencias pasadas y miradas actuales\u201d.<\/li>\r\n\r\n\r\n\r\n<li>El jueves 13 de noviembre, en la Ciudad de Mar del Plata, en el sal\u00f3n de exposiciones de la casa OrienT\u00e8s, la C\u00e1tedra de Rusia IRI-UNLP organiz\u00f3 un panel de acad\u00e9micos, quienes reflexionaron sobre la pol\u00edtica internacional actual desde tres miradas diferentes. La reuni\u00f3n fue a prop\u00f3sito de cumplirse 36 a\u00f1os de la Ca\u00edda del Muro de Berl\u00edn. Con la moderaci\u00f3n del Dr. Marcelo Montes, quien compar\u00f3 el optimismo inicial de aquellas semanas con la incierta y preocupante actualidad global, los Dres. Alberto Hutschenreuter, desde una perspectiva geopol\u00edtica, fuertemente inclinada al realismo cl\u00e1sico, y Pedro Von Eyken, diplom\u00e1tico argentino y Dr. en Ciencia Pol\u00edtica de la UCA, desde una mirada diplom\u00e1tica, m\u00e1s cercana al idealismo, rememoraron sobre aquel episodio hist\u00f3rico y brindaron sus respectivas \u00f3pticas acerca del momento actual. Finalmente, el soci\u00f3logo local Eduardo Luis Moggia, abord\u00f3 el fen\u00f3meno de la creciente religiosidad del mundo, poniendo \u00e9nfasis particularmente en la islamizaci\u00f3n de Europa.<\/li>\r\n\r\n\r\n\r\n<li>Eventos 1, 9 y 15 de diciembre organizados por la C\u00e1tedra de Rusia IRI de la Universidad Nacional de La Plata (UNLP). A cargo de Erica Brasca con tema \u201cNarrativa rusa de la primera mitad del siglo XX\u201d.<\/li>\r\n\r\n\r\n\r\n<li>Despidiendo el a\u00f1o lectivo en la C\u00e1tedra de Rusia IRI UNLP se realiz\u00f3 la clase festiva el 5 de diciembre.<\/li>\r\n\r\n\r\n\r\n<li>El 5 de diciembre de 2025, en la C\u00e1tedra de Rusia del IRI\u2013UNLP, se realiz\u00f3 el cierre del a\u00f1o lectivo con nuestro programa navide\u00f1o.<\/li>\r\n\r\n\r\n\r\n<li>Evento el 9 de abril organizado por la C\u00e1tedra de Rusia IRI de la Universidad Nacional de La Plata (UNLP). A cargo de Rom\u00e1n Bulgakov con tema: \u201cOdessa, la Perla del Mar Negro: prehistoria\u201d.<\/li>\r\n\r\n\r\n\r\n<li>El d\u00eda jueves 9 de abril, dimos inicio al ciclo de charlas sobre la ciudad portuaria de Odessa, un centro urbano estrat\u00e9gicamente ubicado, un \u00e1rea selectiva establecida entre Europa y Asia, es decir, una ciudad bicontinental. La coordinadora de la C\u00e1tedra de Rusia IRI-UNLP, Tamara Yevtushenko, abri\u00f3 la conferencia sobre la \u201cperla del Mar Negro\u201d, Odessa, una ciudad clave en la regi\u00f3n de Europa del\u00f1 Este, subrayando que su importancia radica en su ubicaci\u00f3n, ya que se conecta comercialmente con el mundo.<\/li>\r\n\r\n\r\n\r\n<li>Evento del 13 de abril organizado por la C\u00e1tedra de Rusia IRI de la Universidad Nacional de La Plata (UNLP). A cargo Mija\u00edl Rudenko con tema \u201cDia de la Cosmon\u00e1utica\u201d.<\/li>\r\n\r\n\r\n\r\n<li>Evento el 23 de abril organizado por la C\u00e1tedra de Rusia IRI de la Universidad Nacional de La Plata (UNLP). A cargo de la Dra. Tamara Yevtushenko con tema \u201cLa Pascua en la Cultura rusa\u201d.<\/li>\r\n\r\n\r\n\r\n<li>Evento el 8 de mayo organizado por la C\u00e1tedra de Rusia IRI de la Universidad Nacional de La Plata (UNLP). A cargo de la Dra. Tamara Yevtushenko en conmemoraci\u00f3n al 9 de Mayo de 1945, el D\u00eda de la Victoria.<\/li>\r\n\r\n\r\n\r\n<li>Evento el 23 de Abril organizado por la C\u00e1tedra de Rusia IRI de la Universidad Nacional de La Plata (UNLP). A cargo de la Dra. Tamara Yevtushenko con tema \u201cLa Pascua en la Cultura rusa\u201d. Evento el 8 de Mayo organizado por la C\u00e1tedra de Rusia IRI de la Universidad Nacional de La Plata (UNLP). A cargo de la Dra. Tamara Yevtushenko en conmemoraci\u00f3n al 9 de Mayo de 1945, el Dia de la Victoria.<\/li>\r\n\r\n\r\n\r\n<li>Evento el 28 de mayo organizado por la C\u00e1tedra de Rusia IRI de la Universidad Nacional de La Plata (UNLP). A cargo del Dr. Rom\u00e1n Bulgakov con tema \u201cCatalina la Grande: detalles de su retrato\u201d.<\/li>\r\n\r\n\r\n\r\n<li>Evento el 28 de mayo organizado por la C\u00e1tedra de Rusia IRI de la Universidad Nacional de La Plata (UNLP). A cargo del Dr. Rom\u00e1n Bulgakov con tema \u201cCatalina la Grande: detalles de su retrato\u201d.<\/li>\r\n\r\n\r\n\r\n<li>En el mes de junio 2026 se elabor\u00f3 el material educativo para los alumnos de idioma ruso de la C\u00e1tedra de Rusia IRI UNLP.<\/li>\r\n<\/ul>\r\n<\/div>\r\n","protected":false},"excerpt":{"rendered":"<p>Departamento de Eurasia Presentaci\u00f3n Coordinador: Gabriel Merino Secretario: Melina Tor\u00fas Integrantes: Anuar TemirovAriel Gonzalez LevaggiH\u00e9ctor DupuyHilario PatronelliMarcia Alejandra Castro Sep\u00falvedaMatias CaubetPaulo BottaSolange Ernestina G\u00f3mezTamara Yevtushenko El a\u00f1o 2026 encuentra a la Gran Eurasia inmersa en una profunda reconfiguraci\u00f3n geopol\u00edtica y geoecon\u00f3mica. El orden internacional surgido tras la Guerra Fr\u00eda bajo la hegemon\u00eda estadounidense atraviesa una [&hellip;]<\/p>\n","protected":false},"author":5,"featured_media":0,"comment_status":"closed","ping_status":"closed","sticky":false,"template":"","format":"standard","meta":{"_uag_custom_page_level_css":"","_monsterinsights_skip_tracking":false,"_monsterinsights_sitenote_active":false,"_monsterinsights_sitenote_note":"","_monsterinsights_sitenote_category":0,"ocean_post_layout":"","ocean_both_sidebars_style":"","ocean_both_sidebars_content_width":0,"ocean_both_sidebars_sidebars_width":0,"ocean_sidebar":"0","ocean_second_sidebar":"0","ocean_disable_margins":"enable","ocean_add_body_class":"anuario","ocean_shortcode_before_top_bar":"","ocean_shortcode_after_top_bar":"","ocean_shortcode_before_header":"","ocean_shortcode_after_header":"","ocean_has_shortcode":"","ocean_shortcode_after_title":"","ocean_shortcode_before_footer_widgets":"","ocean_shortcode_after_footer_widgets":"","ocean_shortcode_before_footer_bottom":"","ocean_shortcode_after_footer_bottom":"","ocean_display_top_bar":"default","ocean_display_header":"default","ocean_header_style":"","ocean_center_header_left_menu":"0","ocean_custom_header_template":"0","ocean_custom_logo":0,"ocean_custom_retina_logo":0,"ocean_custom_logo_max_width":0,"ocean_custom_logo_tablet_max_width":0,"ocean_custom_logo_mobile_max_width":0,"ocean_custom_logo_max_height":0,"ocean_custom_logo_tablet_max_height":0,"ocean_custom_logo_mobile_max_height":0,"ocean_header_custom_menu":"0","ocean_menu_typo_font_family":"0","ocean_menu_typo_font_subset":"","ocean_menu_typo_font_size":0,"ocean_menu_typo_font_size_tablet":0,"ocean_menu_typo_font_size_mobile":0,"ocean_menu_typo_font_size_unit":"px","ocean_menu_typo_font_weight":"","ocean_menu_typo_font_weight_tablet":"","ocean_menu_typo_font_weight_mobile":"","ocean_menu_typo_transform":"","ocean_menu_typo_transform_tablet":"","ocean_menu_typo_transform_mobile":"","ocean_menu_typo_line_height":0,"ocean_menu_typo_line_height_tablet":0,"ocean_menu_typo_line_height_mobile":0,"ocean_menu_typo_line_height_unit":"","ocean_menu_typo_spacing":0,"ocean_menu_typo_spacing_tablet":0,"ocean_menu_typo_spacing_mobile":0,"ocean_menu_typo_spacing_unit":"","ocean_menu_link_color":"","ocean_menu_link_color_hover":"","ocean_menu_link_color_active":"","ocean_menu_link_background":"","ocean_menu_link_hover_background":"","ocean_menu_link_active_background":"","ocean_menu_social_links_bg":"","ocean_menu_social_hover_links_bg":"","ocean_menu_social_links_color":"","ocean_menu_social_hover_links_color":"","ocean_disable_title":"default","ocean_disable_heading":"default","ocean_post_title":"","ocean_post_subheading":"","ocean_post_title_style":"","ocean_post_title_background_color":"","ocean_post_title_background":0,"ocean_post_title_bg_image_position":"","ocean_post_title_bg_image_attachment":"","ocean_post_title_bg_image_repeat":"","ocean_post_title_bg_image_size":"","ocean_post_title_height":0,"ocean_post_title_bg_overlay":0.5,"ocean_post_title_bg_overlay_color":"","ocean_disable_breadcrumbs":"default","ocean_breadcrumbs_color":"","ocean_breadcrumbs_separator_color":"","ocean_breadcrumbs_links_color":"","ocean_breadcrumbs_links_hover_color":"","ocean_display_footer_widgets":"default","ocean_display_footer_bottom":"default","ocean_custom_footer_template":"0","ocean_post_oembed":"","ocean_post_self_hosted_media":"","ocean_post_video_embed":"","ocean_link_format":"","ocean_link_format_target":"self","ocean_quote_format":"","ocean_quote_format_link":"post","ocean_gallery_link_images":"on","ocean_gallery_id":[],"footnotes":""},"categories":[2050],"tags":[2130],"class_list":["post-46879","post","type-post","status-publish","format-standard","hentry","category-anuario2026","tag-a2026eurasiapresenta","entry"],"uagb_featured_image_src":{"full":false,"thumbnail":false,"medium":false,"medium_large":false,"large":false,"1536x1536":false,"2048x2048":false,"ocean-thumb-m":false,"ocean-thumb-ml":false,"ocean-thumb-l":false,"sow-carousel-default":false,"sow-blog-portfolio":false,"sow-blog-grid":false,"sow-blog-alternate":false},"uagb_author_info":{"display_name":"Juana Alvarez Eiras","author_link":"https:\/\/www.iri.edu.ar\/index.php\/author\/juana-alvarez-eiras\/"},"uagb_comment_info":0,"uagb_excerpt":"Departamento de Eurasia Presentaci\u00f3n Coordinador: Gabriel Merino Secretario: Melina Tor\u00fas Integrantes: Anuar TemirovAriel Gonzalez LevaggiH\u00e9ctor DupuyHilario PatronelliMarcia Alejandra Castro Sep\u00falvedaMatias CaubetPaulo BottaSolange Ernestina G\u00f3mezTamara Yevtushenko El a\u00f1o 2026 encuentra a la Gran Eurasia inmersa en una profunda reconfiguraci\u00f3n geopol\u00edtica y geoecon\u00f3mica. El orden internacional surgido tras la Guerra Fr\u00eda bajo la hegemon\u00eda estadounidense atraviesa una&hellip;","_links":{"self":[{"href":"https:\/\/www.iri.edu.ar\/index.php\/wp-json\/wp\/v2\/posts\/46879","targetHints":{"allow":["GET"]}}],"collection":[{"href":"https:\/\/www.iri.edu.ar\/index.php\/wp-json\/wp\/v2\/posts"}],"about":[{"href":"https:\/\/www.iri.edu.ar\/index.php\/wp-json\/wp\/v2\/types\/post"}],"author":[{"embeddable":true,"href":"https:\/\/www.iri.edu.ar\/index.php\/wp-json\/wp\/v2\/users\/5"}],"replies":[{"embeddable":true,"href":"https:\/\/www.iri.edu.ar\/index.php\/wp-json\/wp\/v2\/comments?post=46879"}],"version-history":[{"count":6,"href":"https:\/\/www.iri.edu.ar\/index.php\/wp-json\/wp\/v2\/posts\/46879\/revisions"}],"predecessor-version":[{"id":46969,"href":"https:\/\/www.iri.edu.ar\/index.php\/wp-json\/wp\/v2\/posts\/46879\/revisions\/46969"}],"wp:attachment":[{"href":"https:\/\/www.iri.edu.ar\/index.php\/wp-json\/wp\/v2\/media?parent=46879"}],"wp:term":[{"taxonomy":"category","embeddable":true,"href":"https:\/\/www.iri.edu.ar\/index.php\/wp-json\/wp\/v2\/categories?post=46879"},{"taxonomy":"post_tag","embeddable":true,"href":"https:\/\/www.iri.edu.ar\/index.php\/wp-json\/wp\/v2\/tags?post=46879"}],"curies":[{"name":"wp","href":"https:\/\/api.w.org\/{rel}","templated":true}]}}