{"id":46941,"date":"2026-09-01T12:46:03","date_gmt":"2026-09-01T15:46:03","guid":{"rendered":"https:\/\/www.iri.edu.ar\/?p=46941"},"modified":"2026-09-01T12:46:50","modified_gmt":"2026-09-01T15:46:50","slug":"informe-anual-de-la-politica-exterior-argentina-hacia-estados-unidos-europa-occidental-japon-corea-del-sur-australia-nueva-zelanda-y-organismos-internacionales","status":"publish","type":"post","link":"https:\/\/www.iri.edu.ar\/index.php\/2026\/09\/01\/informe-anual-de-la-politica-exterior-argentina-hacia-estados-unidos-europa-occidental-japon-corea-del-sur-australia-nueva-zelanda-y-organismos-internacionales\/","title":{"rendered":"Informe anual de la pol\u00edtica exterior argentina hacia Estados Unidos, Europa Occidental, Jap\u00f3n, Corea del Sur, Australia, Nueva Zelanda y Organismos Internacionales"},"content":{"rendered":"\n<div class=\"wp-block-uagb-container uagb-block-59c3f77b default uagb-is-root-container\"><div class=\"wp-block-image\">\n<figure class=\"aligncenter size-full\"><a href=\"http:\/\/www.iri.edu.ar\/wp-content\/uploads\/2026\/08\/feat-anuario-2026.png\"><img fetchpriority=\"high\" decoding=\"async\" width=\"750\" height=\"200\" src=\"http:\/\/www.iri.edu.ar\/wp-content\/uploads\/2026\/08\/feat-anuario-2026.png\" alt=\"\" class=\"wp-image-46716\" srcset=\"https:\/\/www.iri.edu.ar\/wp-content\/uploads\/2026\/08\/feat-anuario-2026.png 750w, https:\/\/www.iri.edu.ar\/wp-content\/uploads\/2026\/08\/feat-anuario-2026-300x80.png 300w\" sizes=\"(max-width: 750px) 100vw, 750px\" \/><\/a><\/figure>\n<\/div>\n\n\n<p class=\"departamentos wp-block-paragraph\">Cerntro de Reflexion en Politica Internacional<\/p>\n\n\n\n<h6 class=\"wp-block-heading\">Articulos<\/h6>\n\n\n\n<h1 class=\"wp-block-heading\">Informe anual de la pol\u00edtica exterior argentina hacia Estados Unidos, Europa Occidental, Jap\u00f3n, Corea del Sur, Australia, Nueva Zelanda y Organismos Internacionales: FMI, OMC, Banco Mundial (marzo 2025 &#8211; marzo 2026)<\/h1>\n\n\n\n<p class=\"autor wp-block-paragraph\">Abril Bidondo<a href=\"#_ftn1\" id=\"_ftnref1\"><sup><strong><sup>[1]<\/sup><\/strong><\/sup><\/a>, Mat\u00edas Mendoza<a href=\"#_ftn2\" id=\"_ftnref2\"><sup><strong><sup>[2]<\/sup><\/strong><\/sup><\/a><\/p>\n\n\n\n<h2 class=\"wp-block-heading\">Introducci\u00f3n<\/h2>\n\n\n\n<p class=\"wp-block-paragraph\">En el presente informe semestral sobre la pol\u00edtica exterior argentina se describe lo referente al relacionamiento externo del pa\u00eds con las potencias que constituyen lo que denominamos la Tr\u00edada-EEUU, Europa Occidental y Jap\u00f3n, as\u00ed como Corea del Sur, Australia y Nueva Zelanda, que entran en la \u00f3rbita de la misma -junto con sus respectivos organismos multilaterales principales- el FMI, el Banco Mundial y OMC -, durante el per\u00edodo comprendido entre marzo de 2025 y marzo de 2026, atendiendo a las principales l\u00edneas de acci\u00f3n tanto pol\u00edticas como econ\u00f3micas y culturales.<\/p>\n\n\n\n<p class=\"wp-block-paragraph\">A grandes rasgos, la relaci\u00f3n bilateral sostenida por el gobierno argentino de La Libertad Avanza con el de su par estadounidense, el rep\u00fablicano Donald Trump se sigue caracterizando por los elementos que hab\u00edan resaltado previamente: cercan\u00eda ideol\u00f3gica (reflejada tambi\u00e9n en sus posturas en organismos multilaterales como la ONU, por ejemplo) y cooperaci\u00f3n en seguridad pero se le agrega una mayor cercan\u00eda e inter\u00e9s estadounidense por garantizar la continuidad del plan econ\u00f3mico del gobierno nacional. \u00c9sto se pudo apreciar mediante el swap de monedas concretado a fines del 2025 -en v\u00edsperas de las elecciones legislativas nacionales y ante una corrida cambiaria- y en las declaraciones emitidas por el Secretario del Tesoro Scott Bessent.<\/p>\n\n\n\n<p class=\"wp-block-paragraph\">Los viajes presidenciales hacia EE.UU -ya fuesen de car\u00e1cter oficial o parte de su agenda personal y en donde es acompa\u00f1ado por una comitiva encabezada usualmente por la Secretaria de la Presidencia- siguen siendo otra parte destacada de la particular relaci\u00f3n mantenida con la potencia hemisf\u00e9rica.<\/p>\n\n\n\n<p class=\"wp-block-paragraph\">Por otro lado, el lazo con la Uni\u00f3n Europea combina principalmente elementos de agenda econ\u00f3mica y pol\u00edtica pero tambi\u00e9n reforzando espacios de tradicional cooperaci\u00f3n como el cultural, pero tambi\u00e9n cont\u00f3, una vez m\u00e1s, con una visita oficial en esta oportunidad inicialmente del presidente y su comitiva en 2025 y del Canciller argentino Pablo Quirno a Italia y Alemania en 2026.<\/p>\n\n\n\n<p class=\"wp-block-paragraph\">Tambi\u00e9n es importante mencionar que el d\u00eda 28 de octubre de 2025 se llev\u00f3 a cabo el reemplazo del Ministro de Relaciones Exteriores, Comercio Internacional y Culto de Argentina, con la salida de Gerardo Werthein y la asunci\u00f3n de Pablo Quirno, economista.<\/p>\n\n\n\n<h2 class=\"wp-block-heading\">Estados Unidos<\/h2>\n\n\n\n<p class=\"wp-block-paragraph\">Para el abordaje de la relaci\u00f3n bilateral con Washington hemos ubicado en primer lugar los contactos mantenidos por el Ejecutivo y canciller\u00eda con el gobierno estadounidense. En segundo lugar, colocamos la actividad de los otros ministerios en la agenda bilateral.<\/p>\n\n\n\n<p class=\"wp-block-paragraph\">El Presidente Javier Milei viaj\u00f3 hasta Florida, a fin de participar de la gala American Patriots, realizada en la mansi\u00f3n del presidente Trump en Mar-A-Lago el 4 de abril. Durante la misma, el mandatario recibi\u00f3 el premio Lion of Liberty y pronunci\u00f3 un breve discurso en el cual expres\u00f3 su intenci\u00f3n por avanzar en un tratado de libre comercio con Estados Unidos a fin de resolver las asimetr\u00edas comerciales existentes. El d\u00eda anterior en Washington, el canciller Werthein se hab\u00eda reunido con el Secretario de Comercio Howard Lutnick y el Representante Comercial estadounidense Jameson Greer.<\/p>\n\n\n\n<p class=\"wp-block-paragraph\">Si bien estaba esperado que ambos presidentes se encontrasen, \u00e9sto no lleg\u00f3 a darse por una serie de imprevistos en la agenda del mandatario estadounidense que no lo permitieron.<\/p>\n\n\n\n<p class=\"wp-block-paragraph\">El 14 de abril, el Presidente Milei -junto con otros funcionarios, como el Ministro de Econom\u00eda Luis Caputo- recibi\u00f3 al Secretario del Tesoro estadounidense Scott Bessent&nbsp; en la Casa Rosada. Durante este encuentro, Bessent elogi\u00f3 las reformas estructurales del presidente Milei y su intenci\u00f3n por reducir las barreras comerciales entre Argentina y EEUU as\u00ed como sus negociaciones con el Fondo Monetario Internacional (FMI). La reuni\u00f3n concluy\u00f3 con una declaraci\u00f3n conjunta.<\/p>\n\n\n\n<p class=\"wp-block-paragraph\">Tras el fuerte temporal que asol\u00f3 a Bah\u00eda Blanca, desde la cuenta en X de la Oficina del Presidente se le extendi\u00f3 un agradecimiento a Elon Musk el 15 de marzo por proveer a la ciudad de Internet mediante su empresa Starlink. De esta forma, la ciudad pudo gozar del servicio gratuitamente por un mes hasta avanzar en su recuperaci\u00f3n.<\/p>\n\n\n\n<p class=\"wp-block-paragraph\">El 1\u00b0 de abril, el canciller Gerardo Werthein se reuni\u00f3 con el Secretario de Estado Marco Rubio en Washington. La reuni\u00f3n incluy\u00f3 la reafirmaci\u00f3n de su voluntad para cooperar bilateralmente y seguir profundizando en m\u00faltiples aspectos: desde el aspecto ligado a los valores compartidos; los intereses pol\u00edticos y econ\u00f3micos y la lucha contra el autoritarismo -enfoc\u00e1ndose en los reg\u00edmenes de Cuba, Venezuela y Nicaragua- argumentando que los mismos suponen una amenaza para la seguridad regional.<\/p>\n\n\n\n<p class=\"wp-block-paragraph\">El 6 de mayo, la Oficina del Presidente emiti\u00f3 un comunicado agradeciendo la cooperaci\u00f3n del Secretario de Estado Marco Rubio en la liberaci\u00f3n y traslado de cinco venezolanos refugiados en la embajada argentina en Venezuela. Adem\u00e1s se prometi\u00f3 seguir trabajando en la liberaci\u00f3n del gendarme Nahuel Gallo, detenido por el r\u00e9gimen de Maduro.<\/p>\n\n\n\n<p class=\"wp-block-paragraph\">El canciller Werthein inici\u00f3 una gira por Washington, acompa\u00f1ado por una delegaci\u00f3n de personal de los ministerios de Econom\u00eda y de Relaciones Exteriores, con el fin de reforzar la cooperaci\u00f3n con Estados Unidos, y en el marco de lo que fue la imposici\u00f3n de aranceles aduaneros a las importaciones, en lo que se denomin\u00f3 \u201cD\u00eda de la Liberaci\u00f3n\u201d. Dicha medida tambi\u00e9n alcanz\u00f3 a los productos argentinos.<\/p>\n\n\n\n<p class=\"wp-block-paragraph\">El 19 de junio, el canciller se reuni\u00f3 con el Representante de la Oficina Comercial de EEUU, Jamieson Greer. Ambos se comprometieron a profundizar el comercio bilateral y a fortalecer la alianza estrat\u00e9gica basada en valores compartidos.<\/p>\n\n\n\n<p class=\"wp-block-paragraph\">Pocos d\u00edas despu\u00e9s -el 24 de junio exactamente- el canciller se reuni\u00f3 con el Vicesecretario de Estado Chris Landau, en la sede del Departamento de Estado. Ambos reafirmaron el compromiso bilateral compartido con los valores de la libertad y la democracia, y acordaron ahondar en la alianza estrat\u00e9gica entre ambos pa\u00edses. Especialmente, se hizo foco en la cooperaci\u00f3n en materia de seguridad, el continuar con la inversi\u00f3n y comercio bilateral, entre otras aspiraciones comunes.<\/p>\n\n\n\n<p class=\"wp-block-paragraph\">El 28 de julio el presidente Milei recibi\u00f3 en la Casa Rosada a Kristi Noem, la Secretar\u00eda de Seguridad estadounidense. En esta ocasi\u00f3n se trat\u00f3 la posibilidad de que los ciudadanos argentinos queden exentos de la necesidad de tener una visa de turista para ingresar a Estados Unidos, aunque la funcionaria advirti\u00f3 que ser\u00e1 dif\u00edcil que ocurra antes de un a\u00f1o. Luego particip\u00f3 de un evento en Campo de Mayo con el canciller Werthein y la ministra Bullrich.<\/p>\n\n\n\n<p class=\"wp-block-paragraph\">El 21 de agosto el presidente se present\u00f3 ante el Council of the Americas<a href=\"#_ftn3\" id=\"_ftnref3\"><sup>[3]<\/sup><\/a>, que se realiz\u00f3 en el Alvear Palace Hotel de Capital Federal. All\u00ed, el presidente profiri\u00f3 un discurso donde resalt\u00f3 la labor realizada por su gesti\u00f3n y la importancia de las elecciones legislativas de este a\u00f1o para profundizar en el rumbo iniciado.<\/p>\n\n\n\n<p class=\"wp-block-paragraph\">Otros funcionarios gubernamentales acompa\u00f1aron al presidente y tambi\u00e9n expusieron, c\u00f3mo fue el caso del Ministro de Econom\u00eda Luis Caputo, quien reafirm\u00f3 que el rumbo econ\u00f3mico no se modificar\u00eda.<\/p>\n\n\n\n<p class=\"wp-block-paragraph\">El 26 de agosto, Canciller\u00eda inform\u00f3 que se ha designado al Cartel de los Soles -una supuesta organizaci\u00f3n narcotraficante compuesta por funcionarios venezolanos y encabezada aparentemente por el presidente Nicol\u00e1s Maduro- como una organizaci\u00f3n terrorista. Esto supone un nuevo alineamiento con la pol\u00edtica estadounidense respecto a dicha organizaci\u00f3n. \u00c9sta ha sido incluida en el REPET (Registro P\u00fablico de Personas y Entidades vinculadas a Actos de Terrorismo y su Financiamiento) lo cual permitr\u00eda aplicarle sanciones financieras y restricciones operativasa (Oficina del Presidente, 2025).<\/p>\n\n\n\n<p class=\"wp-block-paragraph\">El 2 de septiembre, se anunci\u00f3 que el presidente suspendi\u00f3 su viaje a Las Vegas, donde ten\u00eda previsto asistir a un show estelarizado por la comediante e imitadora Fatima Florez, ex pareja suya, que iba a desarrollarse en el Hotel Sahara de dicha ciudad. Los motivos de dicho cambio de agenda habr\u00edan sido la agitada situaci\u00f3n pol\u00edtica interna -denuncias de corrupci\u00f3n entre su gabinete y otros miembros de su partido- de cara a las elecciones legislativas provinciales que iban a llevarse a cabo el 7 de septiembre.&nbsp;<\/p>\n\n\n\n<p class=\"wp-block-paragraph\">Sin embargo, el mandatario si viaj\u00f3 finalmente esa semana a Estados Unidos, pero a la ciudad de Los \u00c1ngeles y a reunirse con representantes empresariales de firmas como JP Morgan, Amazon, VISA, Coinbase, Paramount, Chevron y otras m\u00e1s. Este encuentro se realiz\u00f3 el 4 de septiembre y fue organizado por el think-tank Milken Institute.<\/p>\n\n\n\n<p class=\"wp-block-paragraph\">El pasado 20 de octubre, el Banco Central oficializ\u00f3 el swap de monedas entre Argentina y EEUU por un valor de US$20 mil millones. Dicho anuncio se di\u00f3 tras una serie de reuniones entre el presidente Javier Milei y su par estadounidense, Donald Trump, as\u00ed como en las semanas previas a las elecciones legislativas nacionales y ante el hecho de que el precio del d\u00f3lar en los mercados locales hubiese llegado a tocar el techo de banda. Ante dicha situaci\u00f3n, el Tesoro estadounidense lleg\u00f3 a intervenir en los mercados locales comprando pesos. Esta serie de decisiones responde ante la importancia que tendr\u00eda la econom\u00eda argentina, tal como expresaron a su manera el Secretario del Tesoro Scott Bessent o el propio Trump.<\/p>\n\n\n\n<p class=\"wp-block-paragraph\">Estos fondos, sin embargo, deben ser devueltos tras su uso y no pertenecen al BCRA al no provenir de la compra de d\u00f3lares por el organismo. Le permitir\u00edan intervenir en los mercados cambiarios mediante las llamadas \u201creservas l\u00edquidas\u201d. El 9 de enero del corriente se supo que el BCRA devolvi\u00f3 U$2500 millones del tramo de U$20000 millones del swap con el Tesoro estadounidense. Esto se habr\u00eda conseguido tomando otro pr\u00e9stamo con una entidad financiera desconocida por el momento, a fin de que no bajaran las reservas del Banco Central por el pago efectuado (Fern\u00e1ndez Nadale, 9 de enero de 2026).<\/p>\n\n\n\n<p class=\"wp-block-paragraph\">El 29 de septiembre, mediante el decreto 697\/2025, el presidente Milei autoriz\u00f3 el ingreso de tropas estadounidenses al territorio argentino. La decisi\u00f3n estuvo motivada para facilitar su participaci\u00f3n en operativo \u201cTridente\u201d en conjunto con personal de las bases navales de Mar del Plata, Ushuaia y Puerto Belgrano. Dicha decisi\u00f3n levant\u00f3 pol\u00e9mica, ya que la misma normalmente requiere de la autorizaci\u00f3n previa del Congreso.<\/p>\n\n\n\n<p class=\"wp-block-paragraph\">El antedicho ejercicio combinado concluy\u00f3 el 15 de noviembre en las instalaciones de la Base Naval Mar del Plata. Durante tres semanas, la Agrupaci\u00f3n Buzos T\u00e1cticos y los Navy Seals compartieron experiencias y entrenaron maniobras operativas con el objetivo de reforzar la protecci\u00f3n de los espacios mar\u00edtimos.<\/p>\n\n\n\n<p class=\"wp-block-paragraph\">A fines de octubre, el ministro Caputo inici\u00f3 una gira por Washington. All\u00ed, acompa\u00f1ado por Santiago Bausili, presidente del BCRA, expuso ante el Atlantic Council, refiri\u00e9ndose a la relaci\u00f3n estrat\u00e9gica del Gobierno con los Estados Unidos y a los avances del programa econ\u00f3mico. Adem\u00e1s de ello, el ministro particip\u00f3 de la Asamblea Anual del FMI y del Banco Mundial, reuni\u00e9ndose con las autoridades correspondientes para evaluar lo relacionado al desempe\u00f1o econ\u00f3mico de la Argentina.<\/p>\n\n\n\n<p class=\"wp-block-paragraph\">En noviembre el presidente realiz\u00f3 una nueva gira por EEUU. Su primera parada fue en Miami el 6 de noviembre con el doble prop\u00f3sito de participar en el American Business Forum y en una cumbre de la CPAC a realizarse en Mar-a-Lago. Su comitiva estuvo compuesta por la Secretar\u00eda de la Presidencia Karina Milei, el canciller Pablo Quirno, el Ministro de Econom\u00eda Luis Caputo. Fueron recibidos all\u00ed por el embajador argentino en EEUU Axel Oxenford.<\/p>\n\n\n\n<p class=\"wp-block-paragraph\">Durante su paso por el American Business Forum, Milei emiti\u00f3 otro discurso donde realiz\u00f3 una defensa del capitalismo como sistema socioecon\u00f3mico y critic\u00f3 las pol\u00edticas de asistencias del Estado de bienestar. Horas m\u00e1s tarde, en su paso por la CPAC en Mar-a-Lago, su discurso all\u00ed gir\u00f3 en torno a una defensa de su gesti\u00f3n gubernamental y a continuar la batalla cultural, d\u00e1ndole las gracias al gobierno estadounidense en su ayuda brindada mediante el swap previo a las elecciones legislativas y rebatiendo a quienes consideran que su relaci\u00f3n cercana es equiparable a una entrega de la soberan\u00eda argentina. Cerr\u00f3 su discurso aludiendo a las elecciones para alcalde realizadas en Nueva York dos d\u00edas antes y a la victoria del dem\u00f3crata Zohan Mamdani.<\/p>\n\n\n\n<p class=\"wp-block-paragraph\"><em>Quisiera dedicarles estas palabras sobre todo a los neoyorquinos, que emprendieron el camino inverso al que emprendi\u00f3 Argentina, y ahora van a vivir bajo un gobierno comunista. Sepan que si la cosa se pone complicada, siempre ser\u00e1n bien recibidos en nuestra tierra, si buscan prosperar (Milei, 6 de noviembre de 2025)<\/em><\/p>\n\n\n\n<p class=\"wp-block-paragraph\">Durante la misma tambi\u00e9n fue visto bailando en el escenario al ritmo del tema \u201cYMCA\u201d, en imitaci\u00f3n de lo hecho por su par estadounidense.<\/p>\n\n\n\n<p class=\"wp-block-paragraph\">Al d\u00eda siguiente se traslad\u00f3 hacia Nueva York, en donde primero se reuni\u00f3 en el Council of the Americas con diversos empresarios que invierten en el pa\u00eds en \u00e1reas ligadas a energ\u00eda, miner\u00eda o alimentos. Se les invit\u00f3 a seguir invirtiendo en el pa\u00eds y se trat\u00f3 de mantenerlos al tanto de las reformas con las que planea ir a fondo el presidente en materia econ\u00f3mica a partir del 2026.<\/p>\n\n\n\n<p class=\"wp-block-paragraph\">Su estancia en Nueva York concluy\u00f3 con una visita a la tumba del rabino Menachem Mendel Schneerson, conocido como \u201cel rebe de Lubavitch\u201d, para agradecerle por el triunfo en las elecciones legislativas. Dicho lugar es un centro de peregrinaci\u00f3n famoso, tambi\u00e9n denominado como \u201cOhel\u201d y que el presidente ya ha visitado.<\/p>\n\n\n\n<p class=\"wp-block-paragraph\">El 12 y 13 de noviembre el canciller Pablo Quirno viaj\u00f3 hacia Washington para desarrollar una agenda que incluy\u00f3 aspectos relativos al plan econ\u00f3mico del gobierno argentino y a cuestiones diplom\u00e1ticas. El primer d\u00eda le toc\u00f3 participar de una mesa redonda en el Meridian Center -acompa\u00f1ado por Oxenford- en donde resalt\u00f3 que el gobierno nacional est\u00e1 avanzando con reformas laborales e impositiva y la importancia del RIGI para atraer inversiones, todo ello en presencia de diversos representantes de empresas estadounidense que invierten en Argentina.<\/p>\n\n\n\n<p class=\"wp-block-paragraph\">Tras \u00e9sto, visit\u00f3 al United States Trade Representative (USTR), donde lo recibi\u00f3 Jamieson Greer, titular de la instituci\u00f3n, para establecer los \u00faltimos detalles del acuerdo comercial entre Estados Unidos y Argentina.<\/p>\n\n\n\n<p class=\"wp-block-paragraph\">Al d\u00eda siguiente, el canciller Pablo Quirno se reuni\u00f3 en Washington con Marco Rubio, el Secretario de Estado estadounidense. Rubio felicit\u00f3 a Quirno por su nombramiento y elogi\u00f3 la gesti\u00f3n libertaria. Durante este encuentro se discuti\u00f3 la posibilidad de ampliar la cooperaci\u00f3n bilateral en energ\u00eda, seguridad, controles migratorios y desarrollo econ\u00f3mico.<\/p>\n\n\n\n<p class=\"wp-block-paragraph\">El 13 de noviembre tambi\u00e9n se hizo p\u00fablico que ambos gobiernos hab\u00edan alcanzado un marco para un acuerdo comercial rec\u00edproco y de inversiones. Dicho acuerdo incluir\u00eda la eliminaci\u00f3n de aranceles para ciertos productos no disponibles en los mercados estadounidenses, mientras que la Argentina dar\u00e1 acceso preferencial a las exportaciones estadounidenses, combatir\u00e1 las violaciones a la propiedad intelectual -incluso en el entorno digital- se alinear\u00e1 en seguridad econ\u00f3mica con Washington, facilitar\u00e1 el clima para las inversiones estadounidenses y deber\u00e1 afrontar los posibles efectos disruptivos de las empresas estatales en la relaci\u00f3n comercial bilateral, entre otras consideraciones.<\/p>\n\n\n\n<p class=\"wp-block-paragraph\">El antedicho acuerdo fue suscrito por ambas partes finalmente el 5 de febrero del corriente. Seg\u00fan lo comunicado por Canciller\u00eda<\/p>\n\n\n\n<p class=\"wp-block-paragraph\"><em>La iniciativa posiciona a Argentina, el primer pa\u00eds de Am\u00e9rica del Sur en firmar un acuerdo de esta magnitud, entre un grupo selecto de pa\u00edses con acceso preferencial al mercado estadounidense, fortalece su inserci\u00f3n internacional y promueve una asociaci\u00f3n m\u00e1s equilibrada con la principal econom\u00eda y el mayor importador del mundo (Ministerio de Relaciones Exteriores, Comercio Internacional y Culto, 2026)<\/em><\/p>\n\n\n\n<p class=\"wp-block-paragraph\">Varios funcionarios del gobierno celebraron la firma del acuerdo mediante publicaciones en sus redes sociales, desde el presidente hasta el vocero presidencial, Manuel Adorni.<\/p>\n\n\n\n<p class=\"wp-block-paragraph\">El 3 de enero se produjo la captura del presidente venezolano Nicol\u00e1s Maduro por parte de fuerzas estadounidenses y su extradici\u00f3n a EEUU. Ante \u00e9sto, la Oficina del Presidente emiti\u00f3 un comunicado celebrando el accionar. En el mismo acusan a Maduro de interferencia en procesos electorales latinoamericanos, desestabilizar al continente mediante una estrategia de migraci\u00f3n masiva, apoyar a grupos terroristas y financiar a la izquierda radical mediante diversas ONGs, todo lo cual se habr\u00eda hecho con dinero del narcotr\u00e1fico, se\u00f1alando su lazo con el Cartel de los Soles<a href=\"#_ftn4\" id=\"_ftnref4\"><sup>[4]<\/sup><\/a>. El mismo concluye esperando una transici\u00f3n en la cual las fuerzas de la oposici\u00f3n puedan asumir el mando en Caracas y la liberaci\u00f3n del gendarme argentino Nahuel Gallo, detenido en Venezuela desde el 2024.<\/p>\n\n\n\n<p class=\"wp-block-paragraph\">En relaci\u00f3n a este acontecimiento, el presidente Milei hizo un posteo en su cuenta de X criticando duramente a aquellos que criticaron el accionar estadounidense en Venezuela<\/p>\n\n\n\n<p class=\"wp-block-paragraph\"><em>Veo en todos lados a venezolanos festejando la ca\u00edda del dictador narcoterrorista Maduro pero tambi\u00e9n veo a todos los comunistas que viven en democracias occidentales (que son cada vez menos) llorando por el innegable fracaso de su ideolog\u00eda, que deriv\u00f3 en una dictadura asesina (Milei, 2026)<\/em><\/p>\n\n\n\n<p class=\"wp-block-paragraph\">Posteriormente, el 6 de enero, el canciller Pablo Quirno y el Secretario de Estado Marco Rubio sostuvieron un di\u00e1logo telef\u00f3nico al respecto, y el funcionario estadounidense agradeci\u00f3 la cooperaci\u00f3n continua argentina en la lucha contra el narcoterrorismo.<\/p>\n\n\n\n<p class=\"wp-block-paragraph\">El 21 de enero y ante los incendios que azotan la Patagonia, el embajador estadounidense en Argentina, Peter Lamelas, comunic\u00f3 por su cuenta de X la donaci\u00f3n de una docena de cajas con mangueras para incendios y equipos de comunicaci\u00f3n.<\/p>\n\n\n\n<p class=\"wp-block-paragraph\">El martes 3 de febrero, el canciller Quirno se present\u00f3 en Washington para mantener una serie de reuniones con representantes del sector privado estadounidense y autoridades oficiales. Durante su paso por el Atlantic Council, se reuni\u00f3 con diversos empresarios estadounidenses, se\u00f1alando los beneficios del RIGI y el clima propicio para la inversi\u00f3n en el pa\u00eds, resaltando que el pueblo argentino apoya las reformas econ\u00f3micas en marcha.<\/p>\n\n\n\n<p class=\"wp-block-paragraph\">Con posterioridad a eso, se encontr\u00f3 con Christopher Landau, el Subsecretario de Estado de los Estados Unidos. Ambos dialogaron sobre reforzar la cooperaci\u00f3n bilateral especialmente en materia de minerales cr\u00edticos.<\/p>\n\n\n\n<p class=\"wp-block-paragraph\">Al d\u00eda siguiente se celebr\u00f3 la Cumbre de Minerales Cr\u00edticos, que tuvo a Marco Rubio como anfitri\u00f3n. En la misma ambas partes suscribieron un acuerdo marco para la provisi\u00f3n de minerales cr\u00edticos. Seg\u00fan declaraciones del Secretario Rubio \u201cArgentina desempe\u00f1ar\u00e1 un rol clave para el mundo\u201d en la conformaci\u00f3n de cadenas de suministros en materia de minerales (Rubio en Idiart, 4 de febrero de 2026).<\/p>\n\n\n\n<p class=\"wp-block-paragraph\">Entre el 13 y el 15 de febrero pasado se reuni\u00f3 la 62\u00b0 Conferencia de Seguridad de M\u00fanich, Alemania. La delegaci\u00f3n argentina presente all\u00ed estuvo encabezada por el canciller Quirno y el actual Ministro de Defensa, el Teniente General Carlos Presti.<\/p>\n\n\n\n<p class=\"wp-block-paragraph\">En el marco de la misma, el 14 de febrero el ministro Presti se reuni\u00f3 all\u00ed con Elbridge Colby, el Subsecretario de Guerra estadounidense. Al respecto de este encuentro, el ministro us\u00f3 su cuenta de X para expresar lo hablado<\/p>\n\n\n\n<p class=\"wp-block-paragraph\"><em>Conversamos sobre los intereses comunes de la Argentina y Estados Unidos, la seguridad del hemisferio occidental y la cooperaci\u00f3n estrat\u00e9gica entre ambos pa\u00edses, y tambi\u00e9n sobre&nbsp; los ejercicios combinados previstos para este a\u00f1o. Ratificamos la relaci\u00f3n especial que nos une y la voluntad de profundizarla en el \u00e1rea de la defensa, fortaleciendo el trabajo y la confianza mutua (Presti, 2026)<\/em><em><\/em><\/p>\n\n\n\n<p class=\"wp-block-paragraph\">El 28 de febrero, y ante el ataque conjunto realizado por Estados Unidos e Israel y que result\u00f3 en el asesinato de Al\u00ed Jamenei, L\u00edder Supremo de la Rep\u00fablica Isl\u00e1mica de Ir\u00e1n, la Oficina del Presidente emiti\u00f3 un comunicado celebrando esta acci\u00f3n. Condenando la figura del l\u00edder iran\u00ed y resaltando los efectos negativos de sus pol\u00edticas sobre el pueblo iran\u00ed, el comunicado concluye con la expectativa de que el operativo traiga aparejada una transici\u00f3n democr\u00e1tica en Ir\u00e1n.<\/p>\n\n\n\n<p class=\"wp-block-paragraph\">Con este comunicado de expreso apoyo, la Rep\u00fablica Argentina se destac\u00f3 as\u00ed por ser el \u00fanico gobierno latinoamericano en pronunciarse a favor del ataque realizado. Dicha postura contrasta con la de otros l\u00edderes latinoamericanos que, aunque se han mostrado en favor del presidente Trump y su gobierno, no han respaldado este hecho (Padinger, 3 de marzo de 2026).<\/p>\n\n\n\n<p class=\"wp-block-paragraph\">En esta secci\u00f3n hemos agrupado la actividad desarrollada por una serie de ministerios con sus pares norteamericanos durante gran parte del 2025:<\/p>\n\n\n\n<h3 class=\"wp-block-heading\">Ministerio de Defensa<\/h3>\n\n\n\n<p class=\"wp-block-paragraph\">El 25 de abril del 2025, el Jefe del Comando Sur de EEUU, el Almirante de la Marina Alvin Holsey inici\u00f3 su primera visita por la Argentina, con el objetivo de reunirse el ministro de Defensa Luis Petri y el General Xavier Isaac, jefe del Estado Mayor Conjunto de las Fuerzas Armadas Argentinas, entre otros l\u00edderes gubernamentales, como es el caso de su reuni\u00f3n con el presidente Milei en Casa Rosada. La agenda de Hosley estuvo centrada en la seguridad regional y la protecci\u00f3n de rutas mar\u00edtimas estrat\u00e9gicas, as\u00ed como en el fortalecimiento de la colaboraci\u00f3n en defensa y el apoyo estadounidense a modernizar las capacidades defensivas argentinas.<\/p>\n\n\n\n<p class=\"wp-block-paragraph\">Tras sus reuniones con los antedichos, el Almirante visit\u00f3 la Base Naval de Ushuaia junto a la Encargada de Negocios de la Embajada estadounidense, Abigail Dressel. Este encuentro tuvo como objetivo la interiorizaci\u00f3n acerca de las actividades y capacidades de la Armada Argentina y proyectos que lleva adelante en la regi\u00f3n m\u00e1s austral del pa\u00eds.<\/p>\n\n\n\n<p class=\"wp-block-paragraph\">Entre el 20 y 21 de agosto, el Almirante Holsey regres\u00f3 al pa\u00eds para participar de la Conferencia Sudamericana de Defensa (SOUTHDEC 2025).El encuentro, organizado por el Comando Sur estadounidense y el Estado Mayor conjunto argentino, tuvo como fin fortalecer la cooperaci\u00f3n regional en defensa. Nuevamente, el Ministro Petri y el Almirante Isaac acompa\u00f1aron al Almirante Holsey, quien a su vez estuvo acompa\u00f1ado del secretario adjunto de Defensa Nacional y Asuntos Hemisf\u00e9ricos del Departamento de Defensa de Estados Unidos, Roosevelt Ditlevson.<\/p>\n\n\n\n<p class=\"wp-block-paragraph\">Los jefes de los Estados Mayores Conjuntos y representantes de Brasil, Colombia, Ecuador, Chile, Paraguay, Per\u00fa, Surinam y Uruguay estuvieron presentes tambi\u00e9n en la conferencia.&nbsp; El ministro Petri emiti\u00f3 el discurso inaugural<\/p>\n\n\n\n<p class=\"wp-block-paragraph\">Para la Argentina, es un honor recibirlos en Buenos Aires, en esta nueva edici\u00f3n del SOUTHDEC bajo el liderazgo del Estado Mayor Conjunto de las Fuerzas Armadas en sociedad con el Comando Sur\u2026En Defensa, la unidad de prop\u00f3sito y el trabajo mancomunado ya no son virtudes, sino que son condiciones de eficiencia e imprescindible para enfrentar las amenazas comunes (Ministerio de Defensa, 21 de agosto de 2025)<\/p>\n\n\n\n<p class=\"wp-block-paragraph\">El 2 de julio, el ministro Petri se reuni\u00f3 en el Pent\u00e1gono con el Secretario de Defensa Pete Hegseth. Durante este encuentro, ambos dialogaron sobre la cooperaci\u00f3n militar hist\u00f3rica entre ambas naciones y se profundizaron los lazos en materia de defensa, ya que se firm\u00f3 una carta de aceptaci\u00f3n para la adquisici\u00f3n de veh\u00edculos blindados 8&#215;8 Stryker para el Ej\u00e9rcito Argentino.<\/p>\n\n\n\n<h3 class=\"wp-block-heading\">Ministerio de Salud<\/h3>\n\n\n\n<p class=\"wp-block-paragraph\">El 25 y 26 de mayo del 2025, el Secretario de Salud Robert F. Kennedy Jr. visit\u00f3 el pa\u00eds, reuni\u00e9ndose con su hom\u00f3logo argentino, el Ministro de Salud&nbsp; Mario Lugones y con el Ministro de Desregulaci\u00f3n, Federico Sturzenegger.<\/p>\n\n\n\n<p class=\"wp-block-paragraph\">Los dos ministros de salud firmaron una declaraci\u00f3n conjunta, donde se critic\u00f3 el manejo de la pandemia del Covid-19 por la OMS, se prometi\u00f3 el aunar esfuerzos para construir un futuro m\u00e1s saluda y con menos costos y desde el Ministerio de Salud nacional se empez\u00f3 -siguiendo con lo planteado por este documento- a revisar el funcionamiento de los organismos de salud nacionales en diferentes \u00e1reas.<\/p>\n\n\n\n<p class=\"wp-block-paragraph\">Aprovechando su presencia, se le comunic\u00f3 al Secretario Kennedy la ratificaci\u00f3n de la decisi\u00f3n argentina de abandonar la OMS, algo ya comunicado por el gobierno argentino en febrero.<\/p>\n\n\n\n<h3 class=\"wp-block-heading\">Ministerio de Seguridad<\/h3>\n\n\n\n<p class=\"wp-block-paragraph\">En el marco de los acuerdos bilaterales de cooperaci\u00f3n en seguridad, la ministra Bullrich le entreg\u00f3 al gobierno estadounidense la base de datos del programa Tribuna Segura el 12 de mayo del 2025. La entrega fue formalizada ante la encargada de negocios de la Embajada de Estados Unidos en la Argentina, Abigail Dressel, donde tambi\u00e9n se hicieron presentes otros funcionarios nacionales.<\/p>\n\n\n\n<p class=\"wp-block-paragraph\">El 25 de julio, la ministra Bullrich recibi\u00f3 a la Encargada de Negocios de la Embajada estadounidense, Heidi G\u00f3mez Rapallo. Dicha ocasi\u00f3n se uso para tratar los lazos del Ministerio de Seguridad con las agencias estadounidenses en cuestiones como la prevenci\u00f3n del terrorismo internacional, el combate al narcotr\u00e1fico y al crimen organizado. G\u00f3mez Rapallo se comprometi\u00f3 a profundizar la cooperaci\u00f3n de parte de agencias estadounidenses como la DEA, FBI y el Departamento de Seguridad Nacional.<\/p>\n\n\n\n<p class=\"wp-block-paragraph\">El 19 de agosto, la ministra se reuni\u00f3 con diversas autoridades estadounidenses en lo relativo a seguridad y defensa, tales como el Subsecretario de Defensa para la Defensa Nacional y Asuntos Hemisf\u00e9ricos de EE.UU, Roosevelt Ditlevson; el Subsecretario de Defensa para Asuntos del Hemisferio Occidental, Sr. Joseph M. Humire y el asesor especial del Presidente Trump sobre Asuntos del Hemisferio Occidental en el Consejo de Seguridad Nacional, Michael Jensen.<\/p>\n\n\n\n<p class=\"wp-block-paragraph\">En este encuentro, adem\u00e1s de abordar cuestiones como la lucha contra el narcotr\u00e1fico y la cooperaci\u00f3n en seguridad, se trat\u00f3 la cuesti\u00f3n del Cartel de los Soles y del Tren de Aragua, que se nutre de las migraciones masivas como elemento disruptivo y de ataque.<\/p>\n\n\n\n<h2 class=\"wp-block-heading\">Europa Occidental<\/h2>\n\n\n\n<p class=\"wp-block-paragraph\">El per\u00edodo analizado inicia con el programa para la promoci\u00f3n comercial de arte argentino que form\u00f3 parte de la Semana Argentina en Espa\u00f1a, en la que nuestro pa\u00eds despleg\u00f3 entre los d\u00edas 3 y 10 de marzo una agenda con propuestas art\u00edsticas, gastron\u00f3micas y comerciales en las ciudades de Barcelona y Madrid. El Ministerio de Relaciones Exteriores, Comercio Internacional y Culto acompa\u00f1\u00f3 la participaci\u00f3n de galer\u00edas de arte argentinas en la tradicional Feria Internacional de Arte Contempor\u00e1neo de Espa\u00f1a \u201cARCOmadrid\u201d y en \u201cUVNT Art Fair\u201d, que tuvieron lugar en Madrid entre el 5 y el 9 de marzo, y que constituyen eventos clave para la promoci\u00f3n comercial e internacionalizaci\u00f3n de las artes visuales de nuestro pa\u00eds.<\/p>\n\n\n\n<p class=\"wp-block-paragraph\">A trav\u00e9s de un trabajo articulado entre la Canciller\u00eda, la Embajada Argentina en Espa\u00f1a, la Agencia Argentina de Inversiones y Comercio Internacional y la Secretar\u00eda de Cultura de la Naci\u00f3n, en colaboraci\u00f3n con MERIDIANO (C\u00e1mara Argentina de Galer\u00edas de Arte Contempor\u00e1neo) y la Fundaci\u00f3n arteba,&nbsp; se coordin\u00f3 un programa de actividades para la promoci\u00f3n de las artes visuales argentinas, que incluy\u00f3 encuentros de networking, visitas guiadas privadas para potenciales compradores por las galer\u00edas de arte de nuestro pa\u00eds y acciones estrat\u00e9gicas de posicionamiento en destacadas plataformas del sector.<\/p>\n\n\n\n<p class=\"wp-block-paragraph\">La participaci\u00f3n argentina en estas ferias de arte estuvo representada por las siguientes galer\u00edas: Del Infinito, Herlitzka &amp; Co, Galer\u00eda Nora Fisch, Rolf Art, Ruth Benzacar Galer\u00eda de Arte, W-galer\u00eda, Isla Flotante y Remota en ARCOmadrid (que celebr\u00f3 su 44\u00aa edici\u00f3n); y Valerie&#8217;s Factor y NN en la novena edici\u00f3n de UVNT. Asimismo, otras dos galer\u00edas argentinas -\u00adJulia Bailtal\u00e1 y Valk- participaron en JUSTMAD, una feria madrile\u00f1a que tuvo lugar en simult\u00e1neo.<\/p>\n\n\n\n<p class=\"wp-block-paragraph\">Entre los d\u00edas 25 y 28 de marzo se llev\u00f3 adelante en el Palacio San Mart\u00edn la XII Ronda de Negociaciones para un Acuerdo de Libre Comercio entre el MERCOSUR y la Asociaci\u00f3n Europea de Libre Comercio (EFTA, por sus siglas en ingl\u00e9s). Donde se busc\u00f3 avanzar en el intercambio t\u00e9cnico. La misma continu\u00f3 desarroll\u00e1ndose en el mes de abril.<\/p>\n\n\n\n<p class=\"wp-block-paragraph\">Por segundo a\u00f1o consecutivo, la Argentina tuvo una destacada participaci\u00f3n en la Semana del Dise\u00f1o de Mil\u00e1n, el mayor evento de dise\u00f1o, arte y arquitectura a nivel internacional, que se desarroll\u00f3 del 7 al 13 de abril con actividades en diferentes puntos de esa ciudad. La Canciller\u00eda argentina, la Secretar\u00eda de Cultura de la Naci\u00f3n, la Agencia Argentina de Inversiones y Comercio Internacional (AAICI) y Marca Pa\u00eds, realizaron un trabajo coordinado para fortalecer e internacionalizar la proyecci\u00f3n del dise\u00f1o de nuestro pa\u00eds. En esta edici\u00f3n, diversas marcas de dise\u00f1o argentinas, tanto consolidadas como independientes, expusieron sus creaciones en diferentes salones y galer\u00edas.<\/p>\n\n\n\n<p class=\"wp-block-paragraph\">A mediados de junio, el presidente Javier Milei inicia una nueva gira internacional en la cual visit\u00f3 Italia, Espa\u00f1a, Francia e Israel, con una comitiva formada por: Karina Milei -secretaria General de la Presidencia-, Gerardo Werthein -canciller- y Manuel Adorni \u2013 vocero. El recorrido inici\u00f3 en Roma, el 6 de junio, con el encuentro de Milei junto a Meloni, su principal aliada en Europa, con quien mantuvo una cena privada. En este punto de su viaje, se firm\u00f3 el Acuerdo YPF-ENI, en Roma, ambas compa\u00f1\u00edas firmaron un acuerdo preliminar en la iniciativa conjunta para exportar el Gas Natural Licuado (GNL) de Vaca Muerta, por un plazo m\u00ednimo de 20 a\u00f1os (La Naci\u00f3n, 6 de junio de 2025).<\/p>\n\n\n\n<p class=\"wp-block-paragraph\">A la ma\u00f1ana siguiente, Milei visit\u00f3 al Vaticano para su primera audiencia oficial con Le\u00f3n XIV, primero en una reuni\u00f3n \u00edntima, para luego recibir a la comitiva oficial. El viaje continu\u00f3 con destino a Madrid para cerrar el Economic Forum, cuyos organizadores son Racks Labs, una consultora en temas tecnol\u00f3gicos que lanz\u00f3 su propia criptomoneda, y Abast Global, un estudio jur\u00eddico andorrano especializado en temas fiscales, quienes publicitaron que \u201cla motosierra llega a Madrid\u201d (La Naci\u00f3n, 6 de junio de 2025).<\/p>\n\n\n\n<p class=\"wp-block-paragraph\">Finalmente, la comitiva llega a Niza. All\u00ed se reuni\u00f3 con su par franc\u00e9s para agradecer las gestiones y el apoyo que prest\u00f3 Emmanuel Macron en las negociaciones con el FMI.<\/p>\n\n\n\n<p class=\"wp-block-paragraph\">Desde el 9 de junio, la comitiva se dirigi\u00f3 a Tel Aviv, como lo han hecho en sus&nbsp; \u00faltimos viajes a Europa que vinculan su recorrido visitando a Benjam\u00edn Netanyahu, a Jerusal\u00e9n y en particular el Muro de los Lamentos y el Santo Sepulcro.<\/p>\n\n\n\n<p class=\"wp-block-paragraph\">El presidente Javier Milei particip\u00f3 a mediados de septiembre, desde Buenos Aires y por video, del \u201cEuropa Viva 25\u2033, un evento pol\u00edtico organizado por la ultraderecha europea en Madrid, que tras la derrota electoral en la provincia de Buenos Aires el presidente decidi\u00f3 no viajar.<\/p>\n\n\n\n<p class=\"wp-block-paragraph\">El Canciller Gerardo Werthein y su hom\u00f3logo alem\u00e1n, Dr. Johann Wadephul, encabezaron este primer encuentro de alto nivel entre los Gobiernos del Presidente Javier Milei y del Canciller Federal Friedrich Merz, en Berl\u00edn el d\u00eda 17 de septiembre. Ambos Ministros coincidieron en la importancia de profundizar la cooperaci\u00f3n y consolidar los mecanismos de di\u00e1logo bilateral. Durante la conversaci\u00f3n se subray\u00f3 el valor estrat\u00e9gico de la firma y ratificaci\u00f3n del Acuerdo Mercosur-Uni\u00f3n Europea, as\u00ed como el potencial de incrementar los flujos de comercio e inversi\u00f3n en sectores din\u00e1micos.<\/p>\n\n\n\n<p class=\"wp-block-paragraph\">Asimismo, se abord\u00f3 el inter\u00e9s compartido en avanzar hacia una asociaci\u00f3n estrat\u00e9gica en materia de energ\u00eda y minerales cr\u00edticos, con el prop\u00f3sito de impulsar nuevas inversiones en infraestructura y exploraci\u00f3n. Los ministros tambi\u00e9n intercambiaron visiones sobre la situaci\u00f3n internacional, con especial \u00e9nfasis en Ucrania y Medio Oriente. En este marco, dialogaron sobre el proceso de adhesi\u00f3n de la Argentina a la OCDE, en el cual Alemania ha manifestado su firme apoyo, y sobre el potencial ingreso de nuestro pa\u00eds como socio global de la OTAN, respecto del cual Alemania expres\u00f3 su total respaldo.<\/p>\n\n\n\n<p class=\"wp-block-paragraph\">El d\u00eda mi\u00e9rcoles 17 de septiembre la Canciller\u00eda inform\u00f3 la reuni\u00f3n de trabajo que mantuvo el canciller argentino con el Canciller de Alemania en Berl\u00edn. El Canciller Gerardo Werthein y su hom\u00f3logo alem\u00e1n, Dr. Johann Wadephul, encabezaron este primer encuentro de alto nivel entre los Gobiernos del Presidente Javier Milei y del Canciller Federal Friedrich Merz. Durante la conversaci\u00f3n se subray\u00f3 el valor estrat\u00e9gico de la firma y ratificaci\u00f3n del Acuerdo Mercosur-Uni\u00f3n Europea, as\u00ed como el potencial de incrementar los flujos de comercio e inversi\u00f3n en sectores din\u00e1micos.<\/p>\n\n\n\n<p class=\"wp-block-paragraph\">Asimismo, se abord\u00f3 el inter\u00e9s compartido en avanzar hacia una asociaci\u00f3n estrat\u00e9gica en materia de energ\u00eda y minerales cr\u00edticos, con el prop\u00f3sito de impulsar nuevas inversiones en infraestructura y exploraci\u00f3n. Los ministros tambi\u00e9n intercambiaron visiones sobre la situaci\u00f3n internacional, con especial \u00e9nfasis en Ucrania y Medio Oriente. En este marco, dialogaron sobre el proceso de adhesi\u00f3n de la Argentina a la OCDE, en el cual Alemania ha manifestado su firme apoyo, y sobre el potencial ingreso de nuestro pa\u00eds como socio global de la OTAN, respecto del cual Alemania expres\u00f3 su total respaldo.<\/p>\n\n\n\n<p class=\"wp-block-paragraph\">Como resultado del encuentro, ambos Ministros acordaron dar un nuevo impulso a la relaci\u00f3n bilateral a trav\u00e9s de la puesta en marcha de un mecanismo de Consultas Gubernamentales, que se realizar\u00e1 en Berl\u00edn en noviembre. Este relanzamiento refleja la decisi\u00f3n compartida de abrir m\u00e1s oportunidades para el comercio, fomentar las inversiones, promover la innovaci\u00f3n tecnol\u00f3gica y fortalecer la integraci\u00f3n en cadenas de valor estrat\u00e9gicas.<\/p>\n\n\n\n<p class=\"wp-block-paragraph\">El 8 de enero del corriente, el Presidente Javier Milei, junto al Canciller Pablo Quirno, recibieron a la Presidente de la Comunidad de Madrid, Isabel D\u00edaz Ayuso, en Casa Rosada.<\/p>\n\n\n\n<p class=\"wp-block-paragraph\">El d\u00eda 10 de febrero el Ministro de Relaciones Exteriores, Comercio Internacional y Culto, Pablo Quirno inici\u00f3 una visita oficial a Italia y Alemania. Su actividad inici\u00f3 el martes 10 de febrero en Roma donde mantuvo un encuentro con el Ministro de Asuntos Exteriores y Cooperaci\u00f3n Internacional de Italia, Antonio Tajani, en el Palazzo della Farnesina, ciudad de Roma.<\/p>\n\n\n\n<p class=\"wp-block-paragraph\">Durante la reuni\u00f3n analizaron el excelente estado de la relaci\u00f3n bilateral y se intercambiaron visiones sobre la situaci\u00f3n pol\u00edtica en Am\u00e9rica Latina, incluidos los casos de Cuba y Venezuela. Asimismo, se destac\u00f3 la relevancia de la firma del Acuerdo entre el MERCOSUR y la Uni\u00f3n Europea.<\/p>\n\n\n\n<p class=\"wp-block-paragraph\">En el marco de su visita a Roma, Quirno,&nbsp; mantuvo reuniones con altas autoridades de la Santa Sede a fin de profundizar el di\u00e1logo bilateral y fortalecer el v\u00ednculo entre la Rep\u00fablica Argentina y el Vaticano. El Canciller fue recibido por el Secretario de Estado de la Santa Sede, Cardenal Pietro Parolin, con quien dialog\u00f3 sobre la excelente relaci\u00f3n bilateral y reiter\u00f3 la invitaci\u00f3n al Santo Padre para visitar la Argentina. Coincidieron en la importancia de trabajar conjuntamente por la paz y la dignidad humana y conversaron sobre el escenario internacional.<\/p>\n\n\n\n<p class=\"wp-block-paragraph\">Posteriormente, mantuvo un encuentro con Mons. Edgar Pe\u00f1a Parra, Sustituto para los Asuntos Generales de la Secretar\u00eda de Estado, con quien abord\u00f3 la situaci\u00f3n en la Argentina y las pol\u00edticas p\u00fablicas en curso. Quirno reafirm\u00f3 el compromiso de continuar trabajando junto a la Conferencia Episcopal Argentina para recibir a Le\u00f3n XIV en nuestro pa\u00eds. Asimismo, se reuni\u00f3 con Mons. Paul Richard Gallagher, Secretario para las Relaciones con los Estados y las Organizaciones Internacionales, con quien repas\u00f3 la agenda bilateral y la situaci\u00f3n regional, incluidos los casos de Cuba y Venezuela, con especial atenci\u00f3n a los argentinos detenidos ilegalmente en Venezuela, as\u00ed como los avances recientes en el MERCOSUR y la candidatura de Rafael Grossi a Secretario General de las Naciones Unidas.<\/p>\n\n\n\n<p class=\"wp-block-paragraph\">Durante su visita a la Santa Sede, el Canciller hizo entrega de una carta de invitaci\u00f3n al Papa Le\u00f3n XIV, firmada por el Presidente Javier Milei, para que visite la Rep\u00fablica Argentina. En ese marco, Quirno reafirm\u00f3 la voluntad de la Argentina de continuar trabajando de manera conjunta con la Santa Sede en favor de la paz, el entendimiento entre las naciones y la resoluci\u00f3n pac\u00edfica de los conflictos.<\/p>\n\n\n\n<p class=\"wp-block-paragraph\">Otra de las reuniones en el marco de la visita de Quirno en Roma, fue con Riccardo Patern\u00f2 di Montecupo, Gran Canciller de la Soberana y Militar Orden de Malta. Durante el encuentro, repasaron la hist\u00f3rica relaci\u00f3n bilateral entre la Rep\u00fablica Argentina y la Orden de Malta y destacaron que nuestro pa\u00eds fue el primero de Am\u00e9rica Latina en establecer v\u00ednculos diplom\u00e1ticos con la Orden en 1948. Asimismo, avanzaron en la preparaci\u00f3n de la X Conferencia de las Am\u00e9ricas, que se celebrar\u00e1 en octubre pr\u00f3ximo en la Ciudad de Buenos Aires.<\/p>\n\n\n\n<p class=\"wp-block-paragraph\">Continuando su viaje, el segundo destino fue Alemania, durante los d\u00edas 13 y 14 de febrero el Canciller particip\u00f3 de la 62\u00b0 edici\u00f3n de la Conferencia de Seguridad de M\u00fanich, en el cual present\u00f3 el proyecto econ\u00f3mico argentino.<\/p>\n\n\n\n<p class=\"wp-block-paragraph\">En el marco de la Conferencia de Seguridad, el Canciller mantuvo una reuni\u00f3n con la Vicepresidenta y Alta Representante para Asuntos Exteriores y Pol\u00edtica de Seguridad de la Uni\u00f3n Europea, Kaja Kallas, con quien repas\u00f3 la agenda estrat\u00e9gica entre la Argentina y la Uni\u00f3n Europea. Durante el encuentro destacaron la ratificaci\u00f3n argentina del Acuerdo MERCOSUR\u2013UE y la importancia de avanzar en su plena implementaci\u00f3n. Asimismo, abordaron las regulaciones europeas que impactan en las exportaciones argentinas y las oportunidades de cooperaci\u00f3n en materias primas cr\u00edticas, energ\u00eda y seguridad. Tambi\u00e9n analizaron la situaci\u00f3n de la democracia en Am\u00e9rica Latina y el escenario internacional, en particular la guerra en Ucrania, y coincidieron en la necesidad de redoblar esfuerzos para alcanzar una paz justa y duradera.<\/p>\n\n\n\n<p class=\"wp-block-paragraph\">Tambi\u00e9n, en el marco de esta Conferencia, Quirno mantuvo una reuni\u00f3n con su par de Alemania, Johann Wadephul.&nbsp; Durante el encuentro conversaron sobre el gran momento de la relaci\u00f3n bilateral y el rol de Alemania como socio econ\u00f3mico clave para la Argentina. Destacaron la relevancia del Acuerdo MERCOSUR\u2013Uni\u00f3n Europea para profundizar el comercio y las inversiones entre ambos pa\u00edses y subrayaron la importancia de su pronta entrada en vigor. Asimismo, dialogaron sobre la cooperaci\u00f3n en defensa y sobre la importancia de trabajar entre pa\u00edses que comparten valores occidentales y una visi\u00f3n com\u00fan sobre el orden internacional.<\/p>\n\n\n\n<p class=\"wp-block-paragraph\">A finales del mes de febrero el MERCOSUR y la Uni\u00f3n Europea activaron el mecanismo previsto para la aplicaci\u00f3n provisional del Acuerdo Interino de Comercio en el marco del Acuerdo MERCOSUR-Uni\u00f3n Europea. El mismo establece poner en vigencia el Acuerdo Marco, el primero de mayo del corriente a\u00f1o.<\/p>\n\n\n\n<h2 class=\"wp-block-heading\">Jap\u00f3n<\/h2>\n\n\n\n<p class=\"wp-block-paragraph\">A mediados de julio se retom\u00f3 el di\u00e1logo agroindustrial con la tercera edici\u00f3n del Comit\u00e9 Conjunto de Cooperaci\u00f3n Agr\u00edcola. La reuni\u00f3n marc\u00f3 una nueva etapa en la relaci\u00f3n bilateral, con el foco puesto en potenciar el comercio y la inversi\u00f3n en alimentos. El Comit\u00e9 se llev\u00f3 a cabo en Buenos Aires entre la delegaci\u00f3n japonesa- encabezada por el viceministro de Asuntos Internacionales del ministerio de Agricultura, Silvicultura y Pesca (MAFF), Yoichi Watanabe- y representantes de nuestro pa\u00eds -autoridades de la Secretar\u00eda de Agricultura, Ganader\u00eda y Pesca del ministerio de Econom\u00eda-, con el objetivo de avanzar en exportaciones clave como carne, cereales y productos org\u00e1nicos. El objetivo es consolidar a la naci\u00f3n como proveedor confiable para el mercado japon\u00e9s.<\/p>\n\n\n\n<p class=\"wp-block-paragraph\">Durante la jornada se intercambiaron avances t\u00e9cnicos en materia de apertura de mercados, como la zonificaci\u00f3n sanitaria para carne aviar y los procesos de certificaci\u00f3n de productos org\u00e1nicos. Asimismo, se abord\u00f3 la incorporaci\u00f3n de tecnolog\u00eda e innovaci\u00f3n en la producci\u00f3n agr\u00edcola como otro punto clave para fortalecer los lazos bilaterales.<\/p>\n\n\n\n<p class=\"wp-block-paragraph\">Ambas delegaciones coincidieron en que existe un amplio margen para expandir el intercambio comercial y abrir nuevas oportunidades para el desarrollo del agro argentino, mediante el acceso a un mercado sofisticado y de alto valor como el japon\u00e9s.<\/p>\n\n\n\n<p class=\"wp-block-paragraph\">La jornada concluy\u00f3 con una sesi\u00f3n p\u00fablico-privada en la Bolsa de Cereales de Buenos Aires (BCBA). El encuentro permiti\u00f3 avanzar en una agenda com\u00fan que apunta a consolidar una relaci\u00f3n comercial basada en calidad, previsibilidad y valor agregado (TN, 15 de julio de 2025).<\/p>\n\n\n\n<p class=\"wp-block-paragraph\">El 18 de noviembre, asumi\u00f3 como Embajador de Jap\u00f3n en la Rep\u00fablica Argentina,&nbsp;&nbsp; Hoshino Yoshitaka.<\/p>\n\n\n\n<p class=\"wp-block-paragraph\">Las delegaciones de MERCOSUR y de Jap\u00f3n celebraron, el 27 de enero de 2026 en Asunci\u00f3n, la Primera Reuni\u00f3n del Marco de Asociaci\u00f3n Estrat\u00e9gica entre MERCOSUR y Jap\u00f3n, cuyo establecimiento el 20 de diciembre de 2025 fue altamente reconocido y bienvenido a nivel de los l\u00edderes de ambas partes.&nbsp;&nbsp;&nbsp;&nbsp;&nbsp;&nbsp;&nbsp;&nbsp;<\/p>\n\n\n\n<p class=\"wp-block-paragraph\">Ambas partes reafirmaron sus relaciones amistosas, basadas en valores fundamentales compartidos y en su compromiso con un sistema multilateral de comercio abierto, transparente y basado en normas. Reconocieron que MERCOSUR y Jap\u00f3n son socios econ\u00f3micos de gran importancia mutua, con un significativo potencial para profundizar y diversificar sus relaciones econ\u00f3micas.<\/p>\n\n\n\n<p class=\"wp-block-paragraph\">Las delegaciones intercambiaron puntos de vista sobre la implementaci\u00f3n del Marco de Asociaci\u00f3n Estrat\u00e9gica,recordando que este tiene por objeto elevar la cooperaci\u00f3n a un nivel superior desde una perspectiva integral y de largo plazo, fundamentada en el comercio y la inversi\u00f3n y construida sobre ellos. MERCOSUR expres\u00f3 sus altas expectativas respecto al lanzamiento de un proceso de negociaci\u00f3n de un Acuerdo de Asociaci\u00f3n Econ\u00f3mica (AAE)\/Tratado de Libre Comercio (TLC).<\/p>\n\n\n\n<p class=\"wp-block-paragraph\">La delegaci\u00f3n de Jap\u00f3n hizo referencia a una amplia gama de \u00e1reas para una posible cooperaci\u00f3n con el objetivo de fortalecer las relaciones entre MERCOSUR y Jap\u00f3n, incluyendo \u00e1reas espec\u00edficas como comercio e inversi\u00f3n, cadenas de suministro, econom\u00eda digital, suministro estable de granos y transici\u00f3n energ\u00e9tica.<\/p>\n\n\n\n<h2 class=\"wp-block-heading\">Corea Del Sur, Australia, Nueva Zelanda<\/h2>\n\n\n\n<p class=\"wp-block-paragraph\">Respecto a estas \u00e1reas, no se han registrado actividades de vinculaci\u00f3n destacables durante el per\u00edodo comprendido entre marzo y septiembre del 2025.<\/p>\n\n\n\n<p class=\"wp-block-paragraph\">El 15 de enero de 2026, el canciller Pablo Quirno recibi\u00f3 copia de las cartas credenciales de la nueva embajadora australiana en Argentina, Sarah Louise Roberts.<\/p>\n\n\n\n<p class=\"wp-block-paragraph\">El Canciller Pablo Quirno recibi\u00f3 a comienzos del mes de marzo, en el Palacio San Mart\u00edn, al Ministro de Relaciones Exteriores de Nueva Zelanda, Rt. Hon Winston Peters, en el marco de la primera visita a la Argentina de un funcionario neozeland\u00e9s de ese nivel en 19 a\u00f1os, lo que refleja el renovado inter\u00e9s de ambas partes en profundizar el v\u00ednculo bilateral.<\/p>\n\n\n\n<p class=\"wp-block-paragraph\">Durante el encuentro, los Cancilleres analizaron el escenario internacional actual y coincidieron en la importancia de fortalecer la relaci\u00f3n entre dos pa\u00edses afines en su compromiso con la democracia, las econom\u00edas abiertas y el respeto al derecho internacional. Asimismo, dialogaron sobre la promoci\u00f3n de inversiones en la Argentina.<\/p>\n\n\n\n<h2 class=\"wp-block-heading\">Organismos Internacionales<\/h2>\n\n\n\n<h3 class=\"wp-block-heading\">Banco Mundial<\/h3>\n\n\n\n<p class=\"wp-block-paragraph\">El 11 de abril, el Directorio del Banco Mundial aprob\u00f3 un nuevo desembolso de US$1500 millones para el gobierno argentino. Este monto estar\u00e1 destinado a respaldar pol\u00edticas p\u00fablicas orientadas a mantener la sustentabilidad fiscal, apoyar a los m\u00e1s vulnerables e impulsar el comercio y la inversi\u00f3n.<\/p>\n\n\n\n<p class=\"wp-block-paragraph\">El 21 de julio, se oficializ\u00f3 un nuevo pr\u00e9stamo del Banco Mundial por un monto de US$230 mil millones, destinado a mejorar la inserci\u00f3n laboral de los j\u00f3venes y de quienes se encuentran desempleados mediante diversos programas de capacitaci\u00f3n.<\/p>\n\n\n\n<p class=\"wp-block-paragraph\">El 19 de diciembre, el Banco Mundial anunci\u00f3 la aprobaci\u00f3n de un financiamiento adicional de US$300 millones para Argentina, destinados a fortalecer la capacidad institucional del pa\u00eds en la gesti\u00f3n de subsidios al gas y proteger a los hogares m\u00e1s vulnerables.<\/p>\n\n\n\n<p class=\"wp-block-paragraph\">En su informe Perspectivas Econ\u00f3micas Mundiales de enero del 2026, el Banco proyect\u00f3 que la econom\u00eda argentina crecer\u00e1 4% en 2026, lo cual es menor al 4,6% estimado para 2025, cuando la actividad mostr\u00f3 una recuperaci\u00f3n m\u00e1s marcada tras la recesi\u00f3n previa. Como factor decisivo en ello parece operar la presi\u00f3n cambiaria, contenida en parte con el swap estadounidense pero que se tradujo en aumentos de la tasa de inter\u00e9s, lo cual a la vez impact\u00f3 en el consumo, cr\u00e9dito e inversi\u00f3n locales.<\/p>\n\n\n\n<h3 class=\"wp-block-heading\">Fondo Monetario Internacional<\/h3>\n\n\n\n<p class=\"wp-block-paragraph\">A mediados de abril, el directorio ejecutivo del FMI aprob\u00f3 un&nbsp; nuevo programa de financiaci\u00f3n a 48 meses para el pa\u00eds por un valor de US$20 mil millones. El acuerdo, seg\u00fan las autoridades del organismo, est\u00e1 destinado a sostener la transici\u00f3n hacia una econom\u00eda m\u00e1s abierta y orientada al mercado (International Monetary Fund, 11 de abril de 2025).<\/p>\n\n\n\n<p class=\"wp-block-paragraph\">Los desembolsos del a\u00f1o 2025 ser\u00e1n de US$15.000 millones, de los cuales US$12.000 millones ingresar\u00e1n en forma inmediata, US$2.000 millones adicionales dentro de los pr\u00f3ximos 60 d\u00edas y US$1.000 millones adicionales en el resto del a\u00f1o.<\/p>\n\n\n\n<p class=\"wp-block-paragraph\">Junto con este programa, el Banco Mundial y el Banco Interamericano de Desarrollo (BID) han anunciado sus propios programas plurianuales por montos respectivos de US$12.000 millones y US$10.000 millones. Los mismos est\u00e1n dirigidos a apoyar el programa de reformas econ\u00f3micas gubernamentales.<\/p>\n\n\n\n<p class=\"wp-block-paragraph\">Los desembolsos de liquidez de estos organismos durante el corriente a\u00f1o ser\u00e1n de US$6.100 millones, ingresando uno US$1.500 millones inmediatamente, US$2.100 millones adicionales dentro de los pr\u00f3ximos 60 d\u00edas y US$2.500 millones en lo que resta de 2025.<\/p>\n\n\n\n<p class=\"wp-block-paragraph\">El 24 de abril, el ministro Luis Caputo mantuvo una extensa jornada de trabajo, en el marco de las Reuniones de Primavera del FMI y el Banco Mundial 2025. Junto a Pablo Quirno, mantuvo una reuni\u00f3n bilateral con el ministro de Finanzas e Industria de Francia, \u00c9ric Lombard, en donde intercambiaron elogios por sus respectivas labores y la comitiva argentina le mostr\u00f3 su agradecimiento al ministro franc\u00e9s por su apoyo ante el programa argentino con el FMI. Posteriormente se reuni\u00f3 con la Primera Subdirectora Gerente del FMI, Gita Gopinath, quien elogi\u00f3 la evoluci\u00f3n del programa econ\u00f3mico argentino y los esfuerzos llevados a cabo.<\/p>\n\n\n\n<p class=\"wp-block-paragraph\">Durante las sesiones de primavera del organismo, la directora Kristalina Georgieva demostr\u00f3 su satisfacci\u00f3n por las medidas econ\u00f3micas del gobierno libertario e incluso se involucr\u00f3 en el proceso electoral de cara a las elecciones legislativas&nbsp; de octubre<\/p>\n\n\n\n<p class=\"wp-block-paragraph\"><em>En el plano interno, el pa\u00eds se dirige a elecciones en octubre. Es muy importante que no se descarrile la voluntad de cambio. Hasta ahora, no vemos que ese riesgo se est\u00e9 materializando, pero inst\u00f3 a Argentina a que mantenga el rumbo (Georgieva en Letjman, 24 de abril de 2024)<\/em><\/p>\n\n\n\n<p class=\"wp-block-paragraph\">El 7 de noviembre pasado, el gobierno argentino le realiz\u00f3 un pago en concepto de intereses al FMI por unos US$796 millones, lo cual ocasion\u00f3 una ca\u00edda de US$753 millones y llev\u00f3 los activos brutos del Banco Central a unos US$40.260 millones.<\/p>\n\n\n\n<p class=\"wp-block-paragraph\">En febrero, la Argentina pag\u00f3 vencimientos del FMI por un valor de US$878 millones en concepto de intereses usando Derechos Especiales de Giro al Tesoro estadounidense a fin de completar el pago. Se trata del primer pago del a\u00f1o de Argentina con el FMI. Durante el 2026, Argentina enfrenta obligaciones con la entidad por USD 3.349 millones en intereses y USD 1.145 millones en concepto de amortizaci\u00f3n de capital, y los siguientes pagos ser\u00e1n as\u00ed: mayo (USD 812 millones), agosto (USD 851 millones) y noviembre (USD 846 millones) en intereses, mientras que la primera cuota de amortizaci\u00f3n ser\u00e1 en septiembre por US$ 801 millones y la siguiente, en diciembre, por US$ 343 millones.<\/p>\n\n\n\n<h3 class=\"wp-block-heading\">Foro Econ\u00f3mico Mundial de Davos<\/h3>\n\n\n\n<p class=\"wp-block-paragraph\">Durante su tercera participaci\u00f3n consecutiva en el Foro Econ\u00f3mico el 21 de enero pasado, el presidente Milei pronunci\u00f3 otro discurso valorando al sistema capitalista de libre empresa como superior debido a sus valores \u00e9ticos y morales, y destacando el trabajo hecho por su propio equipo en el manejo de la econom\u00eda argentina durante los \u00faltimos dos a\u00f1os.<\/p>\n\n\n\n<p class=\"wp-block-paragraph\">Por otro lado, el presidente, invitado por Donald Trump, firm\u00f3 la incorporaci\u00f3n argentina al Board of Peace (Junta de Paz), un nuevo organismo multilateral lanzado por iniciativa del mandatario estadounidense<a href=\"#_ftn5\" id=\"_ftnref5\"><sup>[5]<\/sup><\/a>. El mismo tendr\u00eda la funci\u00f3n de garantizar una paz duradera y resolver conflictos internacionales, empezando por el de la Franja de Gaza. Seg\u00fan declaraciones del presidente Trump, \u00e9l espera que la misma pueda llegar a reemplazar a la ONU (Magid, 20 de enero de 2026).<\/p>\n\n\n\n<h3 class=\"wp-block-heading\">G20<\/h3>\n\n\n\n<p class=\"wp-block-paragraph\">En la cumbre de l\u00edderes del G20 realizada a fines de noviembre en Johannesburgo, Sud\u00e1frica y en paralelo con la decisi\u00f3n del gobierno estadounidense, el presidente Milei decidi\u00f3 no asistir a la misma y en su lugar fue el Canciller Quirno.<\/p>\n\n\n\n<p class=\"wp-block-paragraph\">Durante \u00e9sta, el Canciller remarc\u00f3 la necesidad de mantener un sistema internacional basado en \u201clibertad, reglas claras y una gesti\u00f3n econ\u00f3mica responsable\u201d y que la&nbsp; \u201cArgentina considera que el crecimiento econ\u00f3mico es la base fundamental para la creaci\u00f3n de empleo, la inversi\u00f3n y la resiliencia econ\u00f3mica\u201d (Quirno, 22 de noviembre de 2025).<\/p>\n\n\n\n<p class=\"wp-block-paragraph\">El documento final de la misma no fue acompa\u00f1ado por la representaci\u00f3n nacional -en otro movimiento que refleja el alineamiento autom\u00e1tico con la Casa Blanca- y la justificaci\u00f3n dada por Quirno se bas\u00f3 en cuestiones ligadas al conflicto en Medio Oriente. Para \u00e9l, este documento no captar\u00eda la complejidad regional ni las causas estructurales del mismo.<\/p>\n\n\n\n<h3 class=\"wp-block-heading\">Junta de la Paz<\/h3>\n\n\n\n<p class=\"wp-block-paragraph\">Este organismo tuvo su ceremonia de inauguraci\u00f3n el 19 de febrero en Washington DC, EEUU. El presidente Milei particip\u00f3 de la misma, ratificando su apoyo y compromiso con el organismo, elogiando el liderazgo mostrado por el presidente Trump y ofreciendo la ayuda de los Cascos Blancos para la reconstrucci\u00f3n de Gaza.<\/p>\n\n\n\n<h3 class=\"wp-block-heading\">Organizaci\u00f3n de Cooperaci\u00f3n y Desarrollo Econ\u00f3mico<\/h3>\n\n\n\n<p class=\"wp-block-paragraph\">Con motivo de la visita de Mathias Corman, Secretario General de la OCDE, el canciller Quirno lo recibi\u00f3 en el Palacio San Mart\u00edn el 11 de noviembre, donde le entreg\u00f3 el Memorando inicial de Adhesi\u00f3n de la Argentina a la organizaci\u00f3n. Este documento representa un avance en los aspectos evaluativos del grado de alineamiento de las pol\u00edticas p\u00fablicas y otras pr\u00e1cticas, a fin de determinar que est\u00e9n a la altura de la OCDE. Se trata de un paso clave en el proceso de adhesi\u00f3n argentina a dicho organismo.<\/p>\n\n\n\n<p class=\"wp-block-paragraph\">El 22 de enero, el Consejo de la OCDE decidi\u00f3 iniciar el proceso de discusi\u00f3n de la admisi\u00f3n de la Rep\u00fablica Argentina as\u00ed como de otros pa\u00edses miembros.<\/p>\n\n\n\n<h3 class=\"wp-block-heading\">Organizaci\u00f3n Mundial de Comercio<\/h3>\n\n\n\n<p class=\"wp-block-paragraph\">El 22 de julio, La Argentina deposit\u00f3 su instrumento de aceptaci\u00f3n del Acuerdo sobre Subvenciones a la Pesca en la OMC. Con esto, solo faltar\u00edan cinco aceptaciones m\u00e1s para que el mismo entre en vigor.<\/p>\n\n\n\n<h3 class=\"wp-block-heading\">Organizaci\u00f3n de Naciones Unidas<\/h3>\n\n\n\n<p class=\"wp-block-paragraph\">El 4 de marzo, en la Asamblea General de la ONU se vot\u00f3 para declarar al 28 de enero como D\u00eda Internacional de la Coexistencia Pac\u00edfica. Dicha resoluci\u00f3n fue impulsada por el Reino de Bahrein, y seg\u00fan el representante de este pa\u00eds, se bas\u00f3 en \u201cla promoci\u00f3n de la tolerancia, el respeto de la diversidad religiosa y cultural y los derechos humanos\u201d (Bosoer, 5 de marzo de 2025). La delegaci\u00f3n argentina, junto con la estadounidense e israel\u00ed, votaron en contra de \u00e9sta, demostrando el alineamiento sostenido del gobierno argentino con el estadounidense.<\/p>\n\n\n\n<p class=\"wp-block-paragraph\">El 12 de junio, en otra votaci\u00f3n dentro de la Asamblea General, la delegaci\u00f3n argentina vot\u00f3 en consonancia con Estados Unidos e Israel al rechazar el pedido de alto al fuego en la Franja de Gaza. Esta propuesta, impulsada originalmente por Espa\u00f1a y Palestina, fue luego apoyada por una veintena de pa\u00edses diferentes.<\/p>\n\n\n\n<p class=\"wp-block-paragraph\">El 1\u00b0 de septiembre se difundi\u00f3 la noticia de que el gobierno posterg\u00f3 la candidatura argentina al Consejo de Derechos Humanos de la ONU. Dicha decisi\u00f3n responde a una agenda de reducir la presencia argentina en organismos multilaterales que no se consideran relevantes (Alvez, 1 de septiembre de 2025). La decisi\u00f3n fue dada a conocer al organismo por el Representante argentino en Ginebra,Carlos Foradori, donde se ubica la sede del organismo. La decisi\u00f3n parece emular las tomadas o anunciadas por los gobiernos estadounidense e israel\u00ed.<\/p>\n\n\n\n<p class=\"wp-block-paragraph\">El 24 de septiembre, el presidente Milei particip\u00f3 de la 80\u00b0 Asamblea General de las Naciones Unidas en Nueva York. Los puntos destacados de su discurso fueron los siguientes: primero, propuso un cuarteto de principios para mejorar el funcionamiento de la Asamblea General -Principio del mandato esencial; principio de subsidiariedad internacional; principio de diligencia institucional y principio de simplificaci\u00f3n y racionalizaci\u00f3n normativa, todos con la finalidad de contrarrestar la influencia de pol\u00edticas colectivistas que, seg\u00fan \u00e9l, han desviado a la ONU de sus prop\u00f3sitos generales.<\/p>\n\n\n\n<p class=\"wp-block-paragraph\">Adem\u00e1s, reafirm\u00f3 el reclamo soberano sobre las Islas Malvinas, Georgias, Sandwich del Sur y los espacios mar\u00edtimos circundantes; repudi\u00f3 el terrorismo islamico fundamentalista y su apoyo por las acciones del gobierno israel\u00ed; condeno lo que \u00e9l considera una escalada de violencia por parte de la \u201cizquierda internacional\u201d y pidi\u00f3 por la liberaci\u00f3n del gendarme Nahuel Gallo, detenido en Venezuela.<\/p>\n\n\n\n<p class=\"wp-block-paragraph\">El 29 de octubre, y por primera vez en su historia, la Argentina vot\u00f3 en contra del levantamiento del bloqueo comercial estadounidense sobre Cuba. Se trata de un hito al romperse una tradici\u00f3n diplom\u00e1tica que llevaba m\u00e1s de tres d\u00e9cadas y hab\u00eda atravesado a gobiernos de diferente signo pol\u00edtico. Dicha decisi\u00f3n tambi\u00e9n reflej\u00f3 el acompa\u00f1amiento del gobierno libertario con Tel Aviv y Washington, quienes tambi\u00e9n votaron en contra.<\/p>\n\n\n\n<p class=\"wp-block-paragraph\">Entre el 11 y el 13 de noviembre el Comite contra la Tortura de la ONU, la delegaci\u00f3n argentina -compuesta por los Subsecretarios de derechos humanos Alberto Ba\u00f1os, de Asuntos Penitenciarios, Juli\u00e1n Curi, y de Asuntos Legales, Diego Goldman- realiz\u00f3 una presentaci\u00f3n en la cual fueron interrogados por las autoridades del comite acerca del desmantelamiento de las pol\u00edticas de memoria y de derechos humanos, as\u00ed como por la represi\u00f3n policial.<\/p>\n\n\n\n<p class=\"wp-block-paragraph\">El intercambio entre los miembros del organismo y la delegaci\u00f3n argentina se torn\u00f3 controversial cuanto menos. El subsecretario Ba\u00f1os neg\u00f3 que se hayan abandonado las pol\u00edticas de memoria, se\u00f1alando en cambio que ahora se cumplen de forma \u201camplia\u201d (Abuelas de Plaza de Mayo, 14 de noviembre de 2025). Cuestion\u00f3 el acceso a la informaci\u00f3n solicitado por la sociedad civil y puso en duda el n\u00famero de desaparecidos durante la \u00daltima Dictadura.<\/p>\n\n\n\n<p class=\"wp-block-paragraph\">En una publicaci\u00f3n del Ministerio de Seguridad, se atac\u00f3 al organismo, alegando que el mismo en realidad representa a las fuerzas pol\u00edticas opositoras y que sus preguntas fueron un exceso, mientras que el accionar de la representaci\u00f3n nacional fue declarado contundente (MInisterio de Seguridad, 2025).<\/p>\n\n\n\n<p class=\"wp-block-paragraph\">Continuando con este alineamiento, el 23 de noviembre la Asamblea General present\u00f3 una resoluci\u00f3n para combatir y erradicar la tortura, y la representaci\u00f3n argentina volvi\u00f3 a votar en contra y en consonancia con sus aliados preferenciales.<\/p>\n\n\n\n<p class=\"wp-block-paragraph\">El 16 de diciembre la Asamblea General de la ONU adopt\u00f3 una resoluci\u00f3n para combatir y prevenir las enfermedades no comunicables y promover la salud mental. Solo las representaciones estadounidenses y argentinas votaron en contra de la misma.<\/p>\n\n\n\n<p class=\"wp-block-paragraph\">En su participaci\u00f3n en el Consejo de Seguridad de la ONU el 5 de enero pasado, el embajador argentino Francisco Tropepi respald\u00f3 el accionar estadounidense y la captura de Nicol\u00e1s Maduro.<\/p>\n\n\n\n<p class=\"wp-block-paragraph\"><em>El Gobierno de la Rep\u00fablica Argentina valora la decisi\u00f3n y la determinaci\u00f3n demostradas por el Presidente de los Estados Unidos y por su gobierno en las recientes acciones adoptadas en Venezuela que derivaron en la captura del dictador Nicol\u00e1s Maduro (\u201cEn la ONU, el embajador argentino respald\u00f3 la intervenci\u00f3n de EE.UU. en Venezuela y pidi\u00f3 la liberaci\u00f3n de Nahuel Gallo\u201d, 2026)<\/em><\/p>\n\n\n\n<p class=\"wp-block-paragraph\">Sus palabras reflejan el profundo y continuo alineamiento del gobierno libertario con el de Trump. Adem\u00e1s de lo previo, el embajador resalt\u00f3 que la denuncia continua del gobierno argentino sobre la violaci\u00f3n de derechos civiles y pol\u00edticos bajo el regimen chavista y solicit\u00f3 la liberaci\u00f3n de Nahuel Gallo por las autoridades de transici\u00f3n futuras.<\/p>\n\n\n\n<h2 class=\"wp-block-heading\">Bibliograf\u00eda<\/h2>\n\n\n\n<p class=\"wp-block-paragraph\">\u00bfPor qu\u00e9 es tendencia? [@https:\/\/x.com\/porquetendencia]. (22 de julio de 2025). Tweet.X.:&nbsp; <a href=\"https:\/\/x.com\/porquetendencia\/status\/1947728440162979885?s=20\">https:\/\/x.com\/porquetendencia\/status\/1947728440162979885?s=20<\/a><\/p>\n\n\n\n<p class=\"wp-block-paragraph\">Abuelas de Plaza de Mayo (14 de noviembre de 2025). El artilugio de la mentira como defensa.: <a href=\"https:\/\/www.abuelas.org.ar\/prensa-y-difusion\/noticias\/2154\">https:\/\/www.abuelas.org.ar\/prensa-y-difusion\/noticias\/2154<\/a><\/p>\n\n\n\n<p class=\"wp-block-paragraph\">Alvez, J. (1 de septiembre de 2025). El Gobierno retira a la Argentina del Consejo de Derechos Humanos de la ONU y no se postular\u00e1 para el pr\u00f3ximo per\u00edodo. Infobae.: <a href=\"https:\/\/www.infobae.com\/politica\/2025\/09\/01\/el-gobierno-retira-a-la-argentina-del-consejo-de-derechos-humanos-de-la-onu-y-no-se-postulara-para-el-proximo-periodo\/\">https:\/\/www.infobae.com\/politica\/2025\/09\/01\/el-gobierno-retira-a-la-argentina-del-consejo-de-derechos-humanos-de-la-onu-y-no-se-postulara-para-el-proximo-periodo\/<\/a><\/p>\n\n\n\n<p class=\"wp-block-paragraph\">Bosoer, F. (5 de marzo de 2025). \u00bfContra la coexistencia pac\u00edfica?. Clar\u00edn.: <a href=\"https:\/\/www.clarin.com\/opinion\/coexistencia-pacifica_0_u4HTcJnycm.html\">https:\/\/www.clarin.com\/opinion\/coexistencia-pacifica_0_u4HTcJnycm.html<\/a><\/p>\n\n\n\n<p class=\"wp-block-paragraph\">En la ONU, el embajador argentino respald\u00f3 la intervenci\u00f3n de EE.UU. en Venezuela y pidi\u00f3 la liberaci\u00f3n de Nahuel Gallo (5 de enero de 2026). <em>Perfil.<\/em>: <a href=\"https:\/\/www.perfil.com\/noticias\/politica\/en-la-onu-el-embajador-argentino-respaldo-la-intervencion-de-eeuu-en-venezuela-y-pidio-la-liberacion-de-nahuel-gallo.phtml\">https:\/\/www.perfil.com\/noticias\/politica\/en-la-onu-el-embajador-argentino-respaldo-la-intervencion-de-eeuu-en-venezuela-y-pidio-la-liberacion-de-nahuel-gallo.phtml<\/a><\/p>\n\n\n\n<p class=\"wp-block-paragraph\">Fern\u00e1ndez Nadale, M. (9 de enero de 2026). C\u00f3mo hizo el Gobierno para pagar el swap con Estados Unidos sin que bajen las reservas.<em> Infobae<\/em>.: <a href=\"https:\/\/www.infobae.com\/economia\/2026\/01\/09\/como-hizo-el-gobierno-para-pagar-el-swap-con-estados-unidos-sin-que-bajen-las-reservas\/\">https:\/\/www.infobae.com\/economia\/2026\/01\/09\/como-hizo-el-gobierno-para-pagar-el-swap-con-estados-unidos-sin-que-bajen-las-reservas\/<\/a><\/p>\n\n\n\n<p class=\"wp-block-paragraph\">Gira de Javier Milei en Italia, Espa\u00f1a, Francia e Israel, en vivo: el viaje del presidente, minuto a minuto (6 de junio de 2025). La Naci\u00f3n. <a href=\"https:\/\/www.lanacion.com.ar\/politica\/gira-de-javier-milei-en-italia-espana-francia-e-israel-en-vivo-el-viaje-del-presidente-minuto-a-nid06062025\/\">https:\/\/www.lanacion.com.ar\/politica\/gira-de-javier-milei-en-italia-espana-francia-e-israel-en-vivo-el-viaje-del-presidente-minuto-a-nid06062025\/<\/a><\/p>\n\n\n\n<p class=\"wp-block-paragraph\">Idiart, G. (4 de febrero de 2026). EE.UU. y Argentina firmaron un acuerdo de minerales cr\u00edticos en la cumbre global que convoc\u00f3 la Casa Blanca. <em>La Naci\u00f3n<\/em>.: <a href=\"https:\/\/www.lanacion.com.ar\/politica\/quirno-participa-de-una-cumbre-clave-de-minerales-criticos-convocada-por-estados-unidos-nid04022026\/\">https:\/\/www.lanacion.com.ar\/politica\/quirno-participa-de-una-cumbre-clave-de-minerales-criticos-convocada-por-estados-unidos-nid04022026\/<\/a><\/p>\n\n\n\n<p class=\"wp-block-paragraph\">International Monetary Fund (11 de abril de 2025). IMF Executive Board Approves 48-month US$20 billion Extended Arrangement for Argentina.: <a href=\"https:\/\/www.imf.org\/en\/News\/Articles\/2025\/04\/12\/pr25101-argentina-imf-executive-board-approves-48-month-usd20-billion-extended-arrangement\">https:\/\/www.imf.org\/en\/News\/Articles\/2025\/04\/12\/pr25101-argentina-imf-executive-board-approves-48-month-usd20-billion-extended-arrangement<\/a><\/p>\n\n\n\n<p class=\"wp-block-paragraph\">La Naci\u00f3n (6 de junio de 2025). Gira de Javier Milei en Italia, Espa\u00f1a, Francia e Israel, en vivo: el viaje del presidente, minuto a minuto. La Naci\u00f3n. <a href=\"https:\/\/www.lanacion.com.ar\/politica\/gira-de-javier-milei-en-italia-espana-francia-e-israel-en-vivo-el-viaje-del-presidente-minuto-a-nid06062025\/\">https:\/\/www.lanacion.com.ar\/politica\/gira-de-javier-milei-en-italia-espana-francia-e-israel-en-vivo-el-viaje-del-presidente-minuto-a-nid06062025\/<\/a><\/p>\n\n\n\n<p class=\"wp-block-paragraph\">Letjman, R. (24 de abril de 2025). La directora del FMI habl\u00f3 de las elecciones en Argentina: \u201cEs importante que el cambio no descarrile\u201d. Infobae.: <a href=\"https:\/\/www.infobae.com\/economia\/2025\/04\/24\/kristalina-georgieva-directora-gerente-del-fmi-argentina-ha-mostrado-que-esta-vez-es-diferente\/\">https:\/\/www.infobae.com\/economia\/2025\/04\/24\/kristalina-georgieva-directora-gerente-del-fmi-argentina-ha-mostrado-que-esta-vez-es-diferente\/<\/a><\/p>\n\n\n\n<p class=\"wp-block-paragraph\">Magid, J.(20 de enero de 2026). Trump says Board of Peace \u2018might\u2019 replace the United Nations, but wants the UN to continue. <em>The Times of Israel.<\/em>: <a href=\"https:\/\/www.timesofisrael.com\/liveblog_entry\/trump-says-board-of-peace-might-replace-united-nations-but-wants-un-to-continue\/\">https:\/\/www.timesofisrael.com\/liveblog_entry\/trump-says-board-of-peace-might-replace-united-nations-but-wants-un-to-continue\/<\/a><\/p>\n\n\n\n<p class=\"wp-block-paragraph\">Milei, J.<\/p>\n\n\n\n<p class=\"wp-block-paragraph\">\u2014 (@JMilei) (3 de enero de 2026). LA CONTRADICCI\u00d3N DE LOS ZURDOS. Lo que est\u00e1 pasando en las redes sociales es un ejemplo perfecto de la hipocres\u00eda progresista. <em>X<\/em>.: <a href=\"https:\/\/x.com\/JMilei\/status\/2007597529253515707?s=20\">https:\/\/x.com\/JMilei\/status\/2007597529253515707?s=20<\/a><\/p>\n\n\n\n<p class=\"wp-block-paragraph\">\u2014 (6 de noviembre de 2025). Discurso del Presidente Javier Milei en la Cena de Gala del CPAC en Mar-a-Lago, Miami. Casa Rosada Presidencia.: <a href=\"https:\/\/www.casarosada.gob.ar\/informacion\/discursos\/51111-discurso-del-presidente-javier-milei-en-la-cena-de-gala-del-cpac-en-mar-a-lago-miami\">https:\/\/www.casarosada.gob.ar\/informacion\/discursos\/51111-discurso-del-presidente-javier-milei-en-la-cena-de-gala-del-cpac-en-mar-a-lago-miami<\/a><\/p>\n\n\n\n<p class=\"wp-block-paragraph\">Ministerio de Defensa (2025). La Rep\u00fablica Argentina fue anfitri\u00f3n durante la Conferencia Sudamericana de Defensa (SOUTHDEC 2025).: <a href=\"https:\/\/www.argentina.gob.ar\/noticias\/la-republica-argentina-fue-anfitrion-durante-la-conferencia-sudamericana-de-defensa\">https:\/\/www.argentina.gob.ar\/noticias\/la-republica-argentina-fue-anfitrion-durante-la-conferencia-sudamericana-de-defensa<\/a><\/p>\n\n\n\n<p class=\"wp-block-paragraph\">Ministerio de Relaciones Exteriores, Comercio Internacional y Culto (5 de febrero de 2026).Argentina y Estados Unidos firmaron un acuerdo sobre comercio e inversiones rec\u00edprocos.:&nbsp; <a href=\"https:\/\/www.cancilleria.gob.ar\/es\/destacados\/argentina-y-estados-unidos-firmaron-un-acuerdo-sobre-comercio-e-inversiones-reciprocos#:~:text=Estos%20compromisos%20apuntan%20a%20mejorar,de%20inversiones%20de%20largo%20plazo\">https:\/\/www.cancilleria.gob.ar\/es\/destacados\/argentina-y-estados-unidos-firmaron-un-acuerdo-sobre-comercio-e-inversiones-reciprocos#:~:text=Estos%20compromisos%20apuntan%20a%20mejorar,de%20inversiones%20de%20largo%20plazo<\/a>.<\/p>\n\n\n\n<p class=\"wp-block-paragraph\">Ministerio de Seguridad (13 de noviembre de 2025). Una contundente respuesta del Gobierno Argentino recibi\u00f3 el Comit\u00e9 contra la Tortura de las Naciones Unidas en su examen al pa\u00eds.: <a href=\"https:\/\/www.argentina.gob.ar\/noticias\/una-contundente-respuesta-del-gobierno-argentino-recibio-el-comite-contra-la-tortura-de-las\">https:\/\/www.argentina.gob.ar\/noticias\/una-contundente-respuesta-del-gobierno-argentino-recibio-el-comite-contra-la-tortura-de-las<\/a><\/p>\n\n\n\n<p class=\"wp-block-paragraph\">Oficina del Presidente [@OPRArgentina]. (26 de agosto de 2025). [Tweet] [imagen adjunta]. X.: <a href=\"https:\/\/x.com\/OPRArgentina\/status\/1960423109020016971\">https:\/\/x.com\/OPRArgentina\/status\/1960423109020016971<\/a><\/p>\n\n\n\n<p class=\"wp-block-paragraph\">Padinger, G. (3 de marzo de 2026). Por qu\u00e9 Argentina fue el \u00fanico pa\u00eds de Am\u00e9rica Latina que respald\u00f3 los ataques contra Ir\u00e1n. <em>CNN en espa\u00f1ol.<\/em>: <a href=\"https:\/\/cnnespanol.cnn.com\/2026\/03\/03\/argentina\/argentina-unico-pais-latam-respaldo-ataques-iran-eeuu-orix\">https:\/\/cnnespanol.cnn.com\/2026\/03\/03\/argentina\/argentina-unico-pais-latam-respaldo-ataques-iran-eeuu-orix<\/a><\/p>\n\n\n\n<p class=\"wp-block-paragraph\">Presti, C. (@TGCarlosPresti). (14 de febrero de 2026). Me reun\u00ed con el Subsecretario de Pol\u00edticas del Departamento de Guerra de Estados Unidos, @ElbridgeColby, en una reuni\u00f3n distendida. <em>X<\/em>.: <a href=\"https:\/\/x.com\/TGCarlosPresti\/status\/2022747780180066769\">https:\/\/x.com\/TGCarlosPresti\/status\/2022747780180066769<\/a><\/p>\n\n\n\n<p class=\"wp-block-paragraph\">Quirno, P (22 de noviembre de 2025). El Ministro de Relaciones Exteriores Pablo Quirno participa de la Cumbre de L\u00edderes del G20 en Sud\u00e1frica. <em>Ministerio de Relaciones Exteriores, Comercio Internacional y Culto<\/em>.: <a href=\"https:\/\/www.cancilleria.gob.ar\/es\/actualidad\/noticias\/el-ministro-de-relaciones-exteriores-pablo-quirno-participa-de-la-cumbre-de\">https:\/\/www.cancilleria.gob.ar\/es\/actualidad\/noticias\/el-ministro-de-relaciones-exteriores-pablo-quirno-participa-de-la-cumbre-de<\/a> TN (15 de julio de 2025). Argentina y Jap\u00f3n reactivan su v\u00ednculo estrat\u00e9gico en el agro. TN. <a href=\"https:\/\/tn.com.ar\/campo\/2025\/07\/15\/argentina-y-japon-reactivan-su-vinculo-estrategico-en-el-agro\/\">https:\/\/tn.com.ar\/campo\/2025\/07\/15\/argentina-y-japon-reactivan-su-vinculo-estrategico-en-el-agro\/<\/a><\/p>\n\n\n\n<hr class=\"wp-block-separator has-alpha-channel-opacity\"\/>\n\n\n\n<p class=\"wp-block-paragraph\"><a href=\"#_ftnref1\" id=\"_ftn1\"><sup>[1]<\/sup><\/a> IRI-UNLP<\/p>\n\n\n\n<p class=\"wp-block-paragraph\"><a href=\"#_ftnref2\" id=\"_ftn2\"><sup>[2]<\/sup><\/a> IRI-UNLP<\/p>\n\n\n\n<p class=\"wp-block-paragraph\"><a href=\"#_ftnref3\" id=\"_ftn3\"><sup>[3]<\/sup><\/a> Se trata de una organizaci\u00f3n fundada en 1963 por David Rockefeller a instancias del presidente John F. Kennedy para combatir la influencia cubana en Latinoam\u00e9rica y que ha tenido la misi\u00f3n de promover el libre comercio desde entonces.<\/p>\n\n\n\n<p class=\"wp-block-paragraph\"><a href=\"#_ftnref4\" id=\"_ftn4\"><sup>[4]<\/sup><\/a> En un comunicado posterior a la captura emitido por el Departamento de Justicia de EEUU, \u00e9ste afirm\u00f3 que dicha organizaci\u00f3n no existe como tal, sino que se tratar\u00eda ahora de una red de clientelismo. <a href=\"https:\/\/www.justice.gov\/opa\/media\/1422326\/dl\">https:\/\/www.justice.gov\/opa\/media\/1422326\/dl<\/a><\/p>\n\n\n\n<p class=\"wp-block-paragraph\"><a href=\"#_ftnref5\" id=\"_ftn5\"><sup>[5]<\/sup><\/a> La Resoluci\u00f3n 2803\/25 del Consejo de Seguridad de la ONU adoptada el 17 de noviembre de 2025 mencionaba ya el establecimiento de una Junta de Paz en medio del conflicto palestino-israeli, siendo descrita all\u00ed como una autoridad transicional encargada de establecer lo necesario para una soluci\u00f3n al conflitco.<\/p>\n\n\n\n<p class=\"has-text-align-right wp-block-paragraph\"><\/p>\n<\/div>\n","protected":false},"excerpt":{"rendered":"<p>por Abril Bidondo y Mat\u00edas Mendoza<\/p>\n","protected":false},"author":5,"featured_media":0,"comment_status":"closed","ping_status":"closed","sticky":false,"template":"","format":"standard","meta":{"_uag_custom_page_level_css":"","_monsterinsights_skip_tracking":false,"_monsterinsights_sitenote_active":false,"_monsterinsights_sitenote_note":"","_monsterinsights_sitenote_category":0,"ocean_post_layout":"","ocean_both_sidebars_style":"","ocean_both_sidebars_content_width":0,"ocean_both_sidebars_sidebars_width":0,"ocean_sidebar":"","ocean_second_sidebar":"","ocean_disable_margins":"enable","ocean_add_body_class":"anuario","ocean_shortcode_before_top_bar":"","ocean_shortcode_after_top_bar":"","ocean_shortcode_before_header":"","ocean_shortcode_after_header":"","ocean_has_shortcode":"","ocean_shortcode_after_title":"","ocean_shortcode_before_footer_widgets":"","ocean_shortcode_after_footer_widgets":"","ocean_shortcode_before_footer_bottom":"","ocean_shortcode_after_footer_bottom":"","ocean_display_top_bar":"default","ocean_display_header":"default","ocean_header_style":"","ocean_center_header_left_menu":"","ocean_custom_header_template":"","ocean_custom_logo":0,"ocean_custom_retina_logo":0,"ocean_custom_logo_max_width":0,"ocean_custom_logo_tablet_max_width":0,"ocean_custom_logo_mobile_max_width":0,"ocean_custom_logo_max_height":0,"ocean_custom_logo_tablet_max_height":0,"ocean_custom_logo_mobile_max_height":0,"ocean_header_custom_menu":"","ocean_menu_typo_font_family":"","ocean_menu_typo_font_subset":"","ocean_menu_typo_font_size":0,"ocean_menu_typo_font_size_tablet":0,"ocean_menu_typo_font_size_mobile":0,"ocean_menu_typo_font_size_unit":"px","ocean_menu_typo_font_weight":"","ocean_menu_typo_font_weight_tablet":"","ocean_menu_typo_font_weight_mobile":"","ocean_menu_typo_transform":"","ocean_menu_typo_transform_tablet":"","ocean_menu_typo_transform_mobile":"","ocean_menu_typo_line_height":0,"ocean_menu_typo_line_height_tablet":0,"ocean_menu_typo_line_height_mobile":0,"ocean_menu_typo_line_height_unit":"","ocean_menu_typo_spacing":0,"ocean_menu_typo_spacing_tablet":0,"ocean_menu_typo_spacing_mobile":0,"ocean_menu_typo_spacing_unit":"","ocean_menu_link_color":"","ocean_menu_link_color_hover":"","ocean_menu_link_color_active":"","ocean_menu_link_background":"","ocean_menu_link_hover_background":"","ocean_menu_link_active_background":"","ocean_menu_social_links_bg":"","ocean_menu_social_hover_links_bg":"","ocean_menu_social_links_color":"","ocean_menu_social_hover_links_color":"","ocean_disable_title":"default","ocean_disable_heading":"default","ocean_post_title":"","ocean_post_subheading":"","ocean_post_title_style":"","ocean_post_title_background_color":"","ocean_post_title_background":0,"ocean_post_title_bg_image_position":"","ocean_post_title_bg_image_attachment":"","ocean_post_title_bg_image_repeat":"","ocean_post_title_bg_image_size":"","ocean_post_title_height":0,"ocean_post_title_bg_overlay":0.5,"ocean_post_title_bg_overlay_color":"","ocean_disable_breadcrumbs":"default","ocean_breadcrumbs_color":"","ocean_breadcrumbs_separator_color":"","ocean_breadcrumbs_links_color":"","ocean_breadcrumbs_links_hover_color":"","ocean_display_footer_widgets":"default","ocean_display_footer_bottom":"default","ocean_custom_footer_template":"","ocean_post_oembed":"","ocean_post_self_hosted_media":"","ocean_post_video_embed":"","ocean_link_format":"","ocean_link_format_target":"self","ocean_quote_format":"","ocean_quote_format_link":"post","ocean_gallery_link_images":"on","ocean_gallery_id":[],"footnotes":""},"categories":[2050],"tags":[2143],"class_list":["post-46941","post","type-post","status-publish","format-standard","hentry","category-anuario2026","tag-a2026artcerpi","entry"],"uagb_featured_image_src":{"full":false,"thumbnail":false,"medium":false,"medium_large":false,"large":false,"1536x1536":false,"2048x2048":false,"ocean-thumb-m":false,"ocean-thumb-ml":false,"ocean-thumb-l":false,"sow-carousel-default":false,"sow-blog-portfolio":false,"sow-blog-grid":false,"sow-blog-alternate":false},"uagb_author_info":{"display_name":"Juana Alvarez Eiras","author_link":"https:\/\/www.iri.edu.ar\/index.php\/author\/juana-alvarez-eiras\/"},"uagb_comment_info":0,"uagb_excerpt":"por Abril Bidondo y Mat\u00edas Mendoza","_links":{"self":[{"href":"https:\/\/www.iri.edu.ar\/index.php\/wp-json\/wp\/v2\/posts\/46941","targetHints":{"allow":["GET"]}}],"collection":[{"href":"https:\/\/www.iri.edu.ar\/index.php\/wp-json\/wp\/v2\/posts"}],"about":[{"href":"https:\/\/www.iri.edu.ar\/index.php\/wp-json\/wp\/v2\/types\/post"}],"author":[{"embeddable":true,"href":"https:\/\/www.iri.edu.ar\/index.php\/wp-json\/wp\/v2\/users\/5"}],"replies":[{"embeddable":true,"href":"https:\/\/www.iri.edu.ar\/index.php\/wp-json\/wp\/v2\/comments?post=46941"}],"version-history":[{"count":2,"href":"https:\/\/www.iri.edu.ar\/index.php\/wp-json\/wp\/v2\/posts\/46941\/revisions"}],"predecessor-version":[{"id":46943,"href":"https:\/\/www.iri.edu.ar\/index.php\/wp-json\/wp\/v2\/posts\/46941\/revisions\/46943"}],"wp:attachment":[{"href":"https:\/\/www.iri.edu.ar\/index.php\/wp-json\/wp\/v2\/media?parent=46941"}],"wp:term":[{"taxonomy":"category","embeddable":true,"href":"https:\/\/www.iri.edu.ar\/index.php\/wp-json\/wp\/v2\/categories?post=46941"},{"taxonomy":"post_tag","embeddable":true,"href":"https:\/\/www.iri.edu.ar\/index.php\/wp-json\/wp\/v2\/tags?post=46941"}],"curies":[{"name":"wp","href":"https:\/\/api.w.org\/{rel}","templated":true}]}}