{"id":47046,"date":"2026-09-04T12:32:30","date_gmt":"2026-09-04T15:32:30","guid":{"rendered":"https:\/\/www.iri.edu.ar\/?p=47046"},"modified":"2026-09-04T12:32:31","modified_gmt":"2026-09-04T15:32:31","slug":"documentos-41","status":"publish","type":"post","link":"https:\/\/www.iri.edu.ar\/index.php\/2026\/09\/04\/documentos-41\/","title":{"rendered":"Documentos"},"content":{"rendered":"\n<div class=\"wp-block-uagb-container uagb-block-59c3f77b default uagb-is-root-container\"><div class=\"wp-block-image\">\n<figure class=\"aligncenter size-full\"><a href=\"http:\/\/www.iri.edu.ar\/wp-content\/uploads\/2026\/08\/feat-anuario-2026.png\"><img fetchpriority=\"high\" decoding=\"async\" width=\"750\" height=\"200\" src=\"http:\/\/www.iri.edu.ar\/wp-content\/uploads\/2026\/08\/feat-anuario-2026.png\" alt=\"\" class=\"wp-image-46716\" srcset=\"https:\/\/www.iri.edu.ar\/wp-content\/uploads\/2026\/08\/feat-anuario-2026.png 750w, https:\/\/www.iri.edu.ar\/wp-content\/uploads\/2026\/08\/feat-anuario-2026-300x80.png 300w\" sizes=\"(max-width: 750px) 100vw, 750px\" \/><\/a><\/figure>\n<\/div>\n\n\n<p class=\"departamento wp-block-paragraph\">Centro de Estudios en G\u00e9nero(s) y RRII (CEGRI)<\/p>\n\n\n\n<h6 class=\"wp-block-heading\"><a><\/a>Documentos<\/h6>\n\n\n\n<h1 class=\"wp-block-heading\">ONU<\/h1>\n\n\n\n<h2 class=\"wp-block-heading\">Asamblea General<\/h2>\n\n\n\n<p class=\"wp-block-paragraph\"><strong>14\/07\/2025<\/strong><\/p>\n\n\n\n<p class=\"wp-block-paragraph\">Informe de la Relatora Especial sobre la Violencia contra las mujeres y las ni\u00f1as, sus causas y consecuencias. Las distintas manifestaciones de violencia contra las mujeres y las ni\u00f1as en el contexto de la reproducci\u00f3n subrogada. Res. 79\/152. <a href=\"https:\/\/ladefe.gob.ar\/wp-content\/uploads\/2025\/11\/05-Informe-de-la-Relatoria-Especial-s_Violencia-c_-Mujeres-y-ninas.-Gestacion.-julio-2025.pdf\">Ver<\/a><strong><\/strong><\/p>\n\n\n\n<p class=\"wp-block-paragraph\"><strong>16\/02\/2026<\/strong><\/p>\n\n\n\n<p class=\"wp-block-paragraph\">Medidas especiales de protecci\u00f3n contra la explotaci\u00f3n y el abuso sexuales. <a href=\"https:\/\/documents.un.org\/doc\/undoc\/gen\/n26\/028\/34\/pdf\/n2602834.pdf\">Ver<\/a><\/p>\n\n\n\n<p class=\"wp-block-paragraph\"><strong>25\/07\/2025<\/strong><\/p>\n\n\n\n<p class=\"wp-block-paragraph\">Mejoramiento de la situaci\u00f3n de las mujeres en el sistema de las Naciones Unidas: Informe del Secretario General (2025). <a href=\"https:\/\/www.unwomen.org\/es\/digital-library\/publications\/2025\/07\/mejoramiento-de-la-situacion-de-las-mujeres-en-el-sistema-de-las-naciones-unidas-informe-del-secretario-general-2025\">Ver<\/a><\/p>\n\n\n\n<h2 class=\"wp-block-heading\">ECOSOC<\/h2>\n\n\n\n<p class=\"wp-block-paragraph\"><strong>03\/03\/2026<\/strong><\/p>\n\n\n\n<p class=\"wp-block-paragraph\">La situaci\u00f3n de las mujeres y ni\u00f1as con discapacidad en la regi\u00f3n \u00e1rabe: un an\u00e1lisis a la luz de los ex\u00e1menes nacionales de la Declaraci\u00f3n y la Plataforma de Acci\u00f3n de Beijing. <a href=\"https:\/\/documents.un.org\/doc\/undoc\/gen\/i26\/000\/53\/pdf\/i2600053.pdf\">Ver<\/a><\/p>\n\n\n\n<p class=\"wp-block-paragraph\"><strong>08\/03\/2026<\/strong><\/p>\n\n\n\n<p class=\"wp-block-paragraph\">Garantizar y fortalecer el acceso a la justicia para todas las mujeres y ni\u00f1as, incluso mediante la promoci\u00f3n de sistemas jur\u00eddicos inclusivos y equitativos, la eliminaci\u00f3n de leyes, pol\u00edticas y pr\u00e1cticas discriminatorias y el abordaje de las barreras estructurales. <a href=\"https:\/\/documents.un.org\/doc\/undoc\/ltd\/n26\/042\/17\/pdf\/n2604217.pdf\">Ver<\/a><\/p>\n\n\n\n<p class=\"wp-block-paragraph\"><strong>11\/02\/2026<\/strong><\/p>\n\n\n\n<p class=\"wp-block-paragraph\">Protecci\u00f3n de las mujeres y las ni\u00f1as mediante una terminolog\u00eda adecuada. <a href=\"https:\/\/documents.un.org\/doc\/undoc\/ltd\/n26\/050\/89\/pdf\/n2605089.pdf\">Ver<\/a><\/p>\n\n\n\n<p class=\"wp-block-paragraph\"><strong>11\/03\/2026<\/strong><\/p>\n\n\n\n<p class=\"wp-block-paragraph\">Las mujeres, las ni\u00f1as y el VIH y el sida. <a href=\"https:\/\/documents.un.org\/doc\/undoc\/ltd\/n26\/050\/83\/pdf\/n2605083.pdf\">Ver<\/a><\/p>\n\n\n\n<h2 class=\"wp-block-heading\">CEPAL<\/h2>\n\n\n\n<p class=\"wp-block-paragraph\"><strong>12\/08\/2025<\/strong><\/p>\n\n\n\n<p class=\"wp-block-paragraph\">La sociedad del cuidado: gobernanza, econom\u00eda pol\u00edtica y di\u00e1logo social para una transformaci\u00f3n con igualdad de g\u00e9nero. <a href=\"https:\/\/repositorio.cepal.org\/server\/api\/core\/bitstreams\/dd048d66-3216-4dbc-a86e-a006c2ac7385\/content\">Ver<\/a><\/p>\n\n\n\n<p class=\"wp-block-paragraph\">Chile: Econom\u00eda del Cuidado y Trabajo Decente. Escenarios y recomendaciones. Escenarios de inversi\u00f3n para la sociedad del cuidado en Am\u00e9rica Latina y el Caribe. <a href=\"https:\/\/oig.cepal.org\/es\/documento\/chile-economia-cuidado-trabajo-decente-escenarios-recomendaciones-escenarios-inversion-0\">Ver<\/a><\/p>\n\n\n\n<p class=\"wp-block-paragraph\"><strong>12\/08\/2025<\/strong><\/p>\n\n\n\n<p class=\"wp-block-paragraph\">M\u00e9xico: Invertir en licencias y servicios de cuidados para una mayor igualdad en el mundo del trabajo. Escenarios de inversi\u00f3n para la sociedad del cuidado en Am\u00e9rica Latina y el Caribe. <a href=\"https:\/\/oig.cepal.org\/sites\/default\/files\/2025-11\/nota_mexico_es-30-10-2025.pdf\">Ver<\/a><\/p>\n\n\n\n<p class=\"wp-block-paragraph\"><strong>14\/08\/2025<\/strong><\/p>\n\n\n\n<p class=\"wp-block-paragraph\">La Agenda 2030 para el Desarrollo Sostenible y la Agenda Regional de G\u00e9nero en Am\u00e9rica Latina y el Caribe: indicadores de g\u00e9nero de la Rep\u00fablica Dominicana a 2024. <a href=\"https:\/\/oig.cepal.org\/es\/documento\/la-agenda-2030-desarrollo-sostenible-la-agenda-regional-genero-america-latina-caribe-1\">Ver<\/a><\/p>\n\n\n\n<p class=\"wp-block-paragraph\"><strong>24\/11\/2025<\/strong><\/p>\n\n\n\n<p class=\"wp-block-paragraph\">Al menos 19.254 feminicidios se han registrado en los \u00faltimos cinco a\u00f1os en Am\u00e9rica Latina y el Caribe. <a href=\"https:\/\/www.cepal.org\/es\/comunicados\/cepal-al-menos-19254-feminicidios-se-han-registrado-ultimos-cinco-anos-america-latina\">Ver<\/a><\/p>\n\n\n\n<p class=\"wp-block-paragraph\"><strong>04\/12\/2025<\/strong><\/p>\n\n\n\n<p class=\"wp-block-paragraph\">Mejorando la seguridad alimentaria y la nutrici\u00f3n mediante compras p\u00fablicas locales de alimentos provenientes de mujeres agricultoras familiares. <a href=\"https:\/\/www.cepal.org\/es\/publicaciones\/84424-mejorando-la-seguridad-alimentaria-la-nutricion-mediante-compras-publicas\">Ver<\/a><\/p>\n\n\n\n<p class=\"wp-block-paragraph\"><strong>23\/12\/2025<\/strong><\/p>\n\n\n\n<p class=\"wp-block-paragraph\">Financiamiento del cambio clim\u00e1tico en el Caribe: an\u00e1lisis desde una perspectiva de g\u00e9nero. <a href=\"https:\/\/www.cepal.org\/es\/publicaciones\/84510-financiamiento-cambio-climatico-caribe-analisis-perspectiva-genero\">Ver<\/a><\/p>\n\n\n\n<p class=\"wp-block-paragraph\">Escenarios para el empoderamiento econ\u00f3mico de las mujeres en la Argentina: pisos pegajosos, escaleras rotas y techos de cristal. <a href=\"https:\/\/www.cepal.org\/es\/publicaciones\/84502-escenarios-empoderamiento-economico-mujeres-la-argentina-pisos-pegajosos\">Ver<\/a><\/p>\n\n\n\n<p class=\"wp-block-paragraph\"><strong>26\/12\/2025<\/strong><\/p>\n\n\n\n<p class=\"wp-block-paragraph\">Tiempos para cuidar en Am\u00e9rica Latina y el Caribe: hacia la corresponsabilidad social y de g\u00e9nero. <a href=\"https:\/\/www.cepal.org\/es\/publicaciones\/81366-tiempos-cuidar-america-latina-caribe-la-corresponsabilidad-social-genero\">Ver<\/a><\/p>\n\n\n\n<p class=\"wp-block-paragraph\"><strong>29\/12\/2025<\/strong><\/p>\n\n\n\n<p class=\"wp-block-paragraph\">La Agenda 2030 para el Desarrollo Sostenible y la Agenda Regional de G\u00e9nero en Am\u00e9rica Latina y el Caribe: indicadores de g\u00e9nero de Chile a 2024. <a href=\"https:\/\/www.cepal.org\/es\/publicaciones\/82446-la-agenda-2030-desarrollo-sostenible-la-agenda-regional-genero-america-latina\">Ver<\/a><\/p>\n\n\n\n<p class=\"wp-block-paragraph\"><strong>12\/01\/2026<\/strong><\/p>\n\n\n\n<p class=\"wp-block-paragraph\">Puentes para la igualdad de g\u00e9nero entre Am\u00e9rica Latina y el Caribe y Alemania: criterios para aplicar la pol\u00edtica feminista alemana de cooperaci\u00f3n para el desarrollo en sinergia con la Agenda Regional de G\u00e9nero de Am\u00e9rica Latina y el Caribe. <a href=\"https:\/\/www.cepal.org\/es\/publicaciones\/84721-puentes-la-igualdad-genero-america-latina-caribe-alemania-criterios-aplicar-la\">Ver<\/a><\/p>\n\n\n\n<p class=\"wp-block-paragraph\"><strong>24\/03\/2026<\/strong><\/p>\n\n\n\n<p class=\"wp-block-paragraph\">La Agenda 2030 para el Desarrollo Sostenible y la Agenda Regional de G\u00e9nero en Am\u00e9rica Latina y el Caribe. <a href=\"https:\/\/mexico.unwomen.org\/sites\/default\/files\/2026-04\/gender_snapshot_2025_-_indicadores_de_genero_de_mexico_a_2025_-_mexico.pdf\">Ver<\/a><\/p>\n\n\n\n<h2 class=\"wp-block-heading\">PNUD<\/h2>\n\n\n\n<p class=\"wp-block-paragraph\"><strong>15\/10\/2025<\/strong><\/p>\n\n\n\n<p class=\"wp-block-paragraph\">Yemen hacia la igualdad de g\u00e9nero: Informe anual 2024. <a href=\"https:\/\/www.undp.org\/yemen\/publications\/undp-yemen-towards-gender-equality-2024-annual-report\">Ver<\/a><\/p>\n\n\n\n<p class=\"wp-block-paragraph\"><strong>10\/11\/2025<\/strong><\/p>\n\n\n\n<p class=\"wp-block-paragraph\">Estrategia de igualdad de G\u00e9nero del PNUD 2022-2025: Informe anual 2024. <a href=\"https:\/\/www.undp.org\/sites\/g\/files\/zskgke326\/files\/2025-11\/undp-gender-equality-strategy-2024-annual-report.pdf\">Ver<\/a><\/p>\n\n\n\n<h2 class=\"wp-block-heading\">UNICEF<\/h2>\n\n\n\n<p class=\"wp-block-paragraph\"><strong>14\/10\/2025<\/strong><\/p>\n\n\n\n<p class=\"wp-block-paragraph\">Beijing con ojos de ni\u00f1a y adolescente. <a href=\"https:\/\/www.unicef.org\/colombia\/media\/16161\/file\/Beijing%20con%20ojos%20de%20ni%C3%B1a%20y%20adolescentes.pdf.pdf\">Ver<\/a><\/p>\n\n\n\n<h2 class=\"wp-block-heading\">ONU MUJERES<\/h2>\n\n\n\n<p class=\"wp-block-paragraph\"><strong>01\/07\/2025<\/strong><\/p>\n\n\n\n<p class=\"wp-block-paragraph\">Financiamiento para la igualdad de g\u00e9nero y la sociedad de los cuidados. Propuestas desde Am\u00e9rica Latina y el Caribe en el marco de la 4\u00aa Conferencia Internacional sobre Financiaci\u00f3n para el Desarrollo. Oficina Regional para las Am\u00e9ricas y el Caribe. <a href=\"https:\/\/lac.unwomen.org\/sites\/default\/files\/2025-07\/es_financiamiento-para-el-desarrollo_web-v4_01jul2025.pdf\">Ver<\/a><\/p>\n\n\n\n<p class=\"wp-block-paragraph\"><strong>11\/08\/2025<\/strong><\/p>\n\n\n\n<p class=\"wp-block-paragraph\">El derecho al cuidado en Am\u00e9rica Latina y el Caribe. Avances normativos. <a href=\"https:\/\/lac.unwomen.org\/sites\/default\/files\/2025-12\/s2500265_es.pdf\">Ver<\/a><\/p>\n\n\n\n<p class=\"wp-block-paragraph\"><strong>15\/08\/2025<\/strong><\/p>\n\n\n\n<p class=\"wp-block-paragraph\">Compromiso de Tlatelolco. Una D\u00e9cada de Acci\u00f3n para el Logro de la Igualdad Sustantiva de G\u00e9nero y la Sociedad del Cuidado. <a href=\"https:\/\/lac.unwomen.org\/sites\/default\/files\/2025-08\/esp_2500331s_crm.16_compromiso_tlatelolco.pdf\">Ver<\/a><\/p>\n\n\n\n<p class=\"wp-block-paragraph\"><strong>01\/09\/2025<\/strong><\/p>\n\n\n\n<p class=\"wp-block-paragraph\">El progreso en el cumplimiento de los Objetivos de Desarrollo Sostenible: Panorama de g\u00e9nero 2025. <a href=\"https:\/\/www.unwomen.org\/sites\/default\/files\/2025-11\/progress-on-the-sustainable-development-goals-the-gender-snapshot-2025-es.pdf\">Ver<\/a><\/p>\n\n\n\n<p class=\"wp-block-paragraph\"><strong>10\/2025<\/strong><\/p>\n\n\n\n<p class=\"wp-block-paragraph\">Panorama legal para la eliminaci\u00f3n de la violencia contra las mujeres en los pa\u00edses de Am\u00e9rica Latina y el Caribe &#8211; Edici\u00f3n 2025. <a href=\"https:\/\/lac.unwomen.org\/sites\/default\/files\/2025-12\/es_panoramalegal_evaw_2025_19nov25.pdf\">Ver<\/a><strong><\/strong><\/p>\n\n\n\n<p class=\"wp-block-paragraph\"><strong>20\/10\/2025<\/strong><\/p>\n\n\n\n<p class=\"wp-block-paragraph\">Las guerras contra las mujeres se intensifican a medida que los conflictos mundiales alcanzan m\u00e1ximos hist\u00f3ricos. <a href=\"https:\/\/www.unwomen.org\/es\/noticias\/comunicado-de-prensa\/2025\/10\/las-guerras-contra-las-mujeres-se-intensifican-a-medida-que-los-conflictos-mundiales-alcanzan-maximos-historicos\">Ver<\/a><\/p>\n\n\n\n<p class=\"wp-block-paragraph\"><strong>31\/10\/2025<\/strong><\/p>\n\n\n\n<p class=\"wp-block-paragraph\">Mujeres que lideran la crisis: una visi\u00f3n de g\u00e9nero sobre la paz y la acci\u00f3n humanitaria en Europa y Asia Central. <a href=\"https:\/\/eca.unwomen.org\/en\/digital-library\/publications\/2025\/10\/women-leading-through-crisis-a-gender-snapshot-on-peace-and-humanitarian-action-in-europe-and-central-asia\">Ver<\/a><\/p>\n\n\n\n<p class=\"wp-block-paragraph\"><strong>04\/11\/2025<\/strong><\/p>\n\n\n\n<p class=\"wp-block-paragraph\">El informe Perspectivas de G\u00e9nero del Pac\u00edfico revela que la representaci\u00f3n de las mujeres en los parlamentos es un tercio del promedio mundial, y que existen importantes brechas en el cumplimiento de otros ODS. <a href=\"https:\/\/asiapacific.unwomen.org\/en\/stories\/press-release\/2025\/11\/pacific-gender-outlook\">Ver<\/a><\/p>\n\n\n\n<p class=\"wp-block-paragraph\"><strong>11\/11\/2025<\/strong><\/p>\n\n\n\n<p class=\"wp-block-paragraph\">Alerta de g\u00e9nero: \u201cLas \u00faltimas y las menos atendidas\u201d Dimensiones de g\u00e9nero de la inseguridad alimentaria en Sud\u00e1n. <a href=\"https:\/\/www.unwomen.org\/en\/digital-library\/publications\/2025\/11\/gender-alert-last-and-least-gender-dimensions-of-food-insecurity-in-sudan\">Ver<\/a><\/p>\n\n\n\n<p class=\"wp-block-paragraph\"><strong>13\/11\/2025<\/strong><\/p>\n\n\n\n<p class=\"wp-block-paragraph\">Informe anual de acci\u00f3n humanitaria 2024. <a href=\"https:\/\/www.unwomen.org\/en\/digital-library\/publications\/2025\/11\/humanitarian-action-annual-report-2024\">Ver<\/a><\/p>\n\n\n\n<p class=\"wp-block-paragraph\"><strong>18\/11\/2025<\/strong><\/p>\n\n\n\n<p class=\"wp-block-paragraph\">La violencia digital se est\u00e1 intensificando, pero casi la mitad de las mujeres y ni\u00f1as del mundo carecen de protecci\u00f3n legal contra el abuso digital. <a href=\"https:\/\/www.unwomen.org\/en\/news-stories\/press-release\/2025\/11\/digital-violence-is-intensifying-yet-nearly-half-of-the-worlds-women-and-girls-lack-legal-protection-from-digital-abuse\">Ver<\/a><\/p>\n\n\n\n<p class=\"wp-block-paragraph\"><strong>24\/11\/2025<\/strong><\/p>\n\n\n\n<p class=\"wp-block-paragraph\">Feminicidios en 2024: estimaciones mundiales de feminicidios de parejas \u00edntimas y familiares. <a href=\"https:\/\/www.unwomen.org\/en\/digital-library\/publications\/2025\/11\/femicides-in-2024-global-estimates-of-intimate-partner-family-member-femicides\">Ver<\/a><\/p>\n\n\n\n<p class=\"wp-block-paragraph\"><strong>26\/11\/2025<\/strong><\/p>\n\n\n\n<p class=\"wp-block-paragraph\">Informe de an\u00e1lisis de la situaci\u00f3n de las mujeres, la paz y la seguridad en Camboya. <a href=\"https:\/\/asiapacific.unwomen.org\/en\/digital-library\/publications\/2025\/11\/situation-analysis-report-on-wps-in-cambodia\">Ver<\/a><\/p>\n\n\n\n<p class=\"wp-block-paragraph\"><strong>24\/02\/2026<\/strong><\/p>\n\n\n\n<p class=\"wp-block-paragraph\">Las mujeres en el cuerpo diplom\u00e1tico: Marcos normativos, barreras estructurales y recomendaciones de pol\u00edtica. <a href=\"https:\/\/www.unwomen.org\/es\/digital-library\/publications\/2026\/02\/las-mujeres-en-el-cuerpo-diplomatico-marcos-normativos-barreras-estructurales-y-recomendaciones-de-politica\">Ver<\/a><\/p>\n\n\n\n<p class=\"wp-block-paragraph\"><strong>05\/03\/2026<\/strong><\/p>\n\n\n\n<p class=\"wp-block-paragraph\">Informe P\u00fablico Anual 2025. <a href=\"https:\/\/onumujeresinformesanuales.mx\/\">Ver<\/a><\/p>\n\n\n\n<p class=\"wp-block-paragraph\"><strong>11\/03\/2026<\/strong><\/p>\n\n\n\n<p class=\"wp-block-paragraph\">Mujeres en la pol\u00edtica: 2026. <a href=\"https:\/\/www.unwomen.org\/es\/digital-library\/publications\/2026\/03\/mujeres-en-la-politica-2026\">Ver<\/a><\/p>\n\n\n\n<p class=\"wp-block-paragraph\"><strong>11\/04\/2026<\/strong><\/p>\n\n\n\n<p class=\"wp-block-paragraph\">Las mujeres presiden solo uno de cada siete pa\u00edses, y los hombres siguen dominando el poder pol\u00edtico mundial. <a href=\"https:\/\/www.unwomen.org\/es\/noticias\/comunicado-de-prensa\/2026\/03\/las-mujeres-presiden-solo-uno-de-cada-siete-paises-y-los-hombres-siguen-dominando-el-poder-politico-mundial\">Ver<\/a><\/p>\n\n\n\n<p class=\"wp-block-paragraph\"><strong>30\/04\/2026<\/strong><\/p>\n\n\n\n<p class=\"wp-block-paragraph\">Las denuncias policiales por violencia digital contra mujeres periodistas se duplican desde 2020; una de cada cuatro sufre ansiedad o depresi\u00f3n a causa de ello. <a href=\"https:\/\/www.unwomen.org\/es\/noticias\/comunicado-de-prensa\/2026\/04\/las-denuncias-policiales-por-violencia-digital-contra-mujeres-periodistas-se-duplican-desde-2020-una-de-cada-cuatro-sufre-ansiedad-o-depresion-a-causa-de-ello\">Ver<\/a><\/p>\n\n\n\n<p class=\"wp-block-paragraph\"><strong>04\/05\/ 2026<\/strong><\/p>\n\n\n\n<p class=\"wp-block-paragraph\">La Estrategia de Coordinaci\u00f3n de la Oficina Regional de las Naciones Unidas para \u00c1frica Oriental y Meridional (2026-2029) describe un marco integral para fortalecer la coordinaci\u00f3n sist\u00e9mica en pro de la igualdad de g\u00e9nero y el empoderamiento de las mujeres en \u00c1frica Oriental y Meridional.&nbsp;<a href=\"https:\/\/africa.unwomen.org\/en\/digital-library\/publications\/2026\/05\/un-women-esaro-coordination-strategy-2026-2029\">Ver<\/a><\/p>\n\n\n\n<p class=\"wp-block-paragraph\">Informes sobre la evidencia del An\u00e1lisis Sociocultural del Feminicidio en Kenia para destacar los complejos factores, patrones e impactos interrelacionados del feminicidio en todo el pa\u00eds. <a href=\"https:\/\/africa.unwomen.org\/en\/digital-library\/publications\/2026\/05\/briefs-thematic-analysis-on-addressing-femicide-in-kenya\">Ver<\/a><\/p>\n\n\n\n<p class=\"wp-block-paragraph\"><strong>05\/05\/2026<\/strong><\/p>\n\n\n\n<p class=\"wp-block-paragraph\">ONU Mujeres ESARO: Puesta en marcha del programa integrado de apoyo a las pol\u00edticas 2026-2029.&nbsp; <a href=\"https:\/\/africa.unwomen.org\/en\/digital-library\/publications\/2026\/05\/un-women-esaro-integrated-policy-support-operationalization-2026-2029\">Ver<\/a><\/p>\n\n\n\n<p class=\"wp-block-paragraph\"><strong>06\/05\/2026<\/strong><\/p>\n\n\n\n<p class=\"wp-block-paragraph\">Protecci\u00f3n integral en la pr\u00e1ctica: Apoyo a mujeres y ni\u00f1as en Amhara y zonas en conflicto. <a href=\"https:\/\/africa.unwomen.org\/en\/digital-library\/publications\/2026\/05\/holistic-protection-in-practice-supporting-women-and-girls-in-amhara-and-contested-areas\">Ver<\/a><\/p>\n\n\n\n<p class=\"wp-block-paragraph\">Bolet\u00edn de G\u00e9nero \u2013 Edici\u00f3n especial: 16 d\u00edas de acciones patri\u00f3ticas. <a href=\"https:\/\/africa.unwomen.org\/en\/digital-library\/publications\/2026\/05\/gender-newsletter-edition-speciale-16-jours-dactions-patriotiques-0\">Ver<\/a><\/p>\n\n\n\n<p class=\"wp-block-paragraph\"><strong>07\/06\/2026<\/strong><\/p>\n\n\n\n<p class=\"wp-block-paragraph\">Informe del D\u00eda Internacional de la Mujer 2026 en Nigeria. <a href=\"https:\/\/africa.unwomen.org\/en\/digital-library\/publications\/2026\/05\/iwd2026-in-nigeria-report\">Ver<\/a><\/p>\n\n\n\n<p class=\"wp-block-paragraph\"><strong>13\/05\/2026<\/strong><\/p>\n\n\n\n<p class=\"wp-block-paragraph\">Informe de pol\u00edtica: Evaluaci\u00f3n de la planificaci\u00f3n y presupuestaci\u00f3n con perspectiva de g\u00e9nero en Etiop\u00eda. <a href=\"https:\/\/africa.unwomen.org\/en\/digital-library\/publications\/2026\/05\/policy-brief-gender-responsive-planning-and-budgeting-assessment-in-ethiopia\">Ver<\/a><\/p>\n\n\n\n<p class=\"wp-block-paragraph\">Informe de pol\u00edtica: Equidad de g\u00e9nero e impuestos en Etiop\u00eda. <a href=\"https:\/\/africa.unwomen.org\/en\/digital-library\/publications\/2026\/05\/policy-brief-gender-equity-and-taxation-in-ethiopia\">Ver<\/a><\/p>\n\n\n\n<p class=\"wp-block-paragraph\"><strong>19\/05\/2026<\/strong><\/p>\n\n\n\n<p class=\"wp-block-paragraph\">Avances en materia de g\u00e9nero: Informe informativo sobre el Programa para el Mantenimiento de los Logros. <a href=\"https:\/\/africa.unwomen.org\/en\/digital-library\/publications\/2026\/05\/gender-gains-a-briefing-report-on-sustaining-the-gains-programme\">Ver<\/a><\/p>\n\n\n\n<p class=\"wp-block-paragraph\">La Agenda Feminista por la Paz: \u00c1reas Tem\u00e1ticas y Llamamiento a la Acci\u00f3n. <a href=\"https:\/\/africa.unwomen.org\/en\/digital-library\/publications\/2026\/05\/the-feminist-agenda-for-peace-thematic-areas-and-call-for-actions\">Ver<\/a><\/p>\n\n\n\n<p class=\"wp-block-paragraph\"><strong>21\/05\/ 2026<\/strong><\/p>\n\n\n\n<p class=\"wp-block-paragraph\">Informe de la Secretaria General Adjunta y Directora Ejecutiva de la Entidad de las Naciones Unidas para la Igualdad de G\u00e9nero y el Empoderamiento de las Mujeres sobre la aplicaci\u00f3n del Plan Estrat\u00e9gico para 2022-2025. <a href=\"https:\/\/docs.un.org\/en\/unw\/2026\/2\">Ver<\/a><\/p>\n\n\n\n<p class=\"wp-block-paragraph\"><strong>26\/05\/2026<\/strong><\/p>\n\n\n\n<p class=\"wp-block-paragraph\">Perfil de Liberia sobre la igualdad de g\u00e9nero en 2025. <a href=\"https:\/\/africa.unwomen.org\/en\/digital-library\/publications\/2026\/05\/liberia-country-gender-equality-profile-2025\">Ver<\/a><\/p>\n\n\n\n<p class=\"wp-block-paragraph\"><strong>11\/06\/2026<\/strong><\/p>\n\n\n\n<p class=\"wp-block-paragraph\">Nota estrat\u00e9gica de ONU Mujeres para \u00c1frica Oriental y Meridional 2026-2029. <a href=\"https:\/\/africa.unwomen.org\/en\/digital-library\/publications\/2026\/06\/un-women-east-and-southern-africa-strategic-note-2026-2029\">Ver<\/a><\/p>\n\n\n\n<p class=\"wp-block-paragraph\"><strong>16\/06\/2026<\/strong><\/p>\n\n\n\n<p class=\"wp-block-paragraph\">Informe sobre una visi\u00f3n general, basada en evidencia, de la igualdad de g\u00e9nero en Etiop\u00eda y su progreso hacia los Objetivos de Desarrollo Sostenible (ODS). <a href=\"https:\/\/africa.unwomen.org\/en\/digital-library\/publications\/2026\/06\/gender-equality-across-the-sustainable-development-goals-in-ethiopia-2025\">Ver<\/a><\/p>\n\n\n\n<p class=\"wp-block-paragraph\">Documento t\u00e9cnico sobre los Procedimientos Operativos Est\u00e1ndar (POE) para la implementaci\u00f3n del Grupo de Trabajo sobre G\u00e9nero en la Acci\u00f3n Humanitaria en las cinco regiones humanitarias de Etiop\u00eda: Afar, Amhara, Oromia, Somali y Tigray. <a href=\"https:\/\/africa.unwomen.org\/en\/digital-library\/publications\/2026\/06\/standard-operating-procedures-sops-ethiopia-giha-wg-decentralization-process\">Ver<\/a><\/p>\n\n\n\n<p class=\"wp-block-paragraph\"><strong>23\/06\/2026<\/strong><\/p>\n\n\n\n<p class=\"wp-block-paragraph\">Pol\u00edtica Nacional de G\u00e9nero revisada de Ruanda 2021: De la presencia al poder: una estrategia para una transformaci\u00f3n profunda. <a href=\"https:\/\/africa.unwomen.org\/en\/digital-library\/publications\/2026\/06\/rwandas-revised-national-gender-policy-2021-from-presence-to-power-a-strategy-for-deep-transformation#view\">Ver<\/a><\/p>\n\n\n\n<p class=\"wp-block-paragraph\"><strong>30\/06\/2026<\/strong><\/p>\n\n\n\n<p class=\"wp-block-paragraph\">Tras la CSW70, ONU Mujeres \u00c1frica Occidental y Central lanz\u00f3 una iniciativa de captaci\u00f3n de aliados para instar a sus colaboradores a transformar el impulso colectivo en acciones concretas. <a href=\"https:\/\/africa.unwomen.org\/en\/digital-library\/publications\/2026\/06\/post-csw70-action-brief-protecting-gains-mobilizing-allies\">Ver<\/a><\/p>\n\n\n\n<p class=\"wp-block-paragraph\">Avances y logros en la adopci\u00f3n y el uso de datos de g\u00e9nero: el caso de Ruanda. <a href=\"https:\/\/africa.unwomen.org\/en\/digital-library\/publications\/2026\/07\/developments-and-achievements-in-the-uptake-and-use-of-gender-data-the-case-of-rwanda\">Ver<\/a><\/p>\n\n\n\n<h1 class=\"wp-block-heading\">OIT<\/h1>\n\n\n\n<p class=\"wp-block-paragraph\"><strong>14\/08\/2025<\/strong><\/p>\n\n\n\n<p class=\"wp-block-paragraph\">Lineamiento para pol\u00edticas de cuidado desde una perspectiva de g\u00e9nero, territorial e interseccional. <a href=\"https:\/\/www.ilo.org\/es\/publications\/lineamientos-politicas-cuidado-genero-territorial-interseccional\">Ver<\/a><\/p>\n\n\n\n<p class=\"wp-block-paragraph\"><strong>09\/12\/2025<\/strong><\/p>\n\n\n\n<p class=\"wp-block-paragraph\">Reflexiones sobre el trabajo: Mujeres e igualdad en el mundo laboral. <a href=\"https:\/\/www.ilo.org\/es\/publications\/reflexiones-sobre-el-trabajo-mujeres-e-igualdad-en-el-mundo-laboral\">Ver<\/a><\/p>\n\n\n\n<p class=\"wp-block-paragraph\"><strong>19\/03\/2026<\/strong><\/p>\n\n\n\n<p class=\"wp-block-paragraph\">Impulsar la igualdad de g\u00e9nero a trav\u00e9s del di\u00e1logo social: Experiencias innovadoras en cuidados y licencias en Am\u00e9rica Latina. <a href=\"https:\/\/www.ilo.org\/es\/publications\/impulsar-la-igualdad-de-genero-traves-del-dialogo-social-experiencias\">Ver<\/a><\/p>\n\n\n\n<h1 class=\"wp-block-heading\">CEDAW<\/h1>\n\n\n\n<p class=\"wp-block-paragraph\"><strong>02\/03\/2026<\/strong><\/p>\n\n\n\n<p class=\"wp-block-paragraph\">Adenda a la Recomendaci\u00f3n general n\u00fam. 30 sobre las mujeres en la prevenci\u00f3n de conflictos y en situaciones de conflicto y posteriores al conflicto, en relaci\u00f3n con la agenda sobre las mujeres, la paz y la seguridad. <a href=\"https:\/\/documents.un.org\/doc\/undoc\/gen\/n26\/041\/26\/pdf\/n2604126.pdf\">Ver<\/a><\/p>\n\n\n\n<h1 class=\"wp-block-heading\">EIGE<\/h1>\n\n\n\n<p class=\"wp-block-paragraph\"><strong>09\/10\/2025<\/strong><\/p>\n\n\n\n<p class=\"wp-block-paragraph\">Respuesta a la violencia de g\u00e9nero en el contexto de la migraci\u00f3n: an\u00e1lisis de las pol\u00edticas y acciones de los Estados miembros de la UE. <a href=\"https:\/\/eige.europa.eu\/publications-resources\/publications\/responding-gender-based-violence-context-migration-mapping-eu-member-states-policies-and-actions#eige-files\">Ver<\/a><\/p>\n\n\n\n<p class=\"wp-block-paragraph\"><strong>02\/12\/2025<\/strong><\/p>\n\n\n\n<p class=\"wp-block-paragraph\">\u00cdndice de igualdad de g\u00e9nero 2025: Datos m\u00e1s precisos para un mundo en transformaci\u00f3n. <a href=\"https:\/\/eige.europa.eu\/publications-resources\/publications\/gender-equality-index-2025-sharper-data-changing-world\">Ver<\/a><\/p>\n\n\n\n<p class=\"wp-block-paragraph\"><strong>29\/04\/2026<\/strong><\/p>\n\n\n\n<p class=\"wp-block-paragraph\">El momento de la verdad para Europa: la nueva Estrategia para la Igualdad de G\u00e9nero. <a href=\"https:\/\/eige.europa.eu\/newsroom\/news\/europes-moment-truth-new-gender-equality-strategy\">Ver<\/a><\/p>\n\n\n\n<p class=\"wp-block-paragraph\"><strong>28\/08\/2026<\/strong><\/p>\n\n\n\n<p class=\"wp-block-paragraph\">De la percepci\u00f3n a la pol\u00edtica: Desmantelando los estereotipos de g\u00e9nero en la Uni\u00f3n Europea. <a href=\"https:\/\/eige.europa.eu\/publications-resources\/publications\/perception-policy-dismantling-gender-stereotypes-european-union\">Ver<\/a><\/p>\n\n\n\n<h1 class=\"wp-block-heading\">BRICS<\/h1>\n\n\n\n<p class=\"wp-block-paragraph\"><strong>10\/07\/2025<\/strong><\/p>\n\n\n\n<p class=\"wp-block-paragraph\">Informe sobre el desarrollo de la mujer en los BRICS 2025. <a href=\"https:\/\/bricswomen.com\/wp-content\/uploads\/2025\/07\/Brics-Womens-Developmet-Report-2025_EN_v4-0616.pdf\">Ver<\/a><\/p>\n\n\n\n<p class=\"wp-block-paragraph\"><strong>07\/07\/2025<\/strong><\/p>\n\n\n\n<p class=\"wp-block-paragraph\">Alianza Empresarial de Mujeres. Informe Anual de 2025. <a href=\"https:\/\/bricswomen.com\/wp-content\/uploads\/2025\/07\/ID_250322_WBA_web-1.pdf\">Ver<\/a><\/p>\n\n\n\n<h1 class=\"wp-block-heading\">ASEAN<\/h1>\n\n\n\n<p class=\"wp-block-paragraph\"><strong>09\/08\/2025<\/strong><\/p>\n\n\n\n<p class=\"wp-block-paragraph\">Panel de indicadores de APEC sobre la mujer y la econom\u00eda 2025. <a href=\"https:\/\/www.apec.org\/docs\/default-source\/publications\/2025\/8\/225_pse_apec-we-dashboard-2025.pdf?sfvrsn=d30cfa73_1\">Ver<\/a><\/p>\n\n\n\n<h1 class=\"wp-block-heading\">OEA<\/h1>\n\n\n\n<h2 class=\"wp-block-heading\">CIDH<\/h2>\n\n\n\n<p class=\"wp-block-paragraph\"><strong>26\/11\/2025<\/strong><\/p>\n\n\n\n<p class=\"wp-block-paragraph\">Los Estados deben garantizar el desarrollo con enfoque de g\u00e9nero para todas las mujeres, ni\u00f1as y adolescentes. <a href=\"https:\/\/www.oas.org\/es\/cidh\/jsForm\/?File=%2Fes%2Fcidh%2Fprensa%2Fcomunicados%2F2025%2F243.asp&amp;utm_source=chatgpt.com\">Ver<\/a><\/p>\n\n\n\n<p class=\"wp-block-paragraph\"><strong>10\/12\/2025<\/strong><\/p>\n\n\n\n<p class=\"wp-block-paragraph\">D\u00eda de los Derechos Humanos: la CIDH reafirma las obligaciones de los Estados para erradicar el feminicidio en las Am\u00e9ricas. <a href=\"https:\/\/www.oas.org\/es\/CIDH\/jsForm\/?File=\/es\/cidh\/prensa\/comunicados\/2025\/258.asp&amp;utm_term=class-ef\">Ver<\/a><\/p>\n\n\n\n<p class=\"wp-block-paragraph\"><strong>19\/12\/2025<\/strong><\/p>\n\n\n\n<p class=\"wp-block-paragraph\">Hait\u00ed: CIDH expresa preocupaci\u00f3n por la persistente violencia sexual contra mujeres, ni\u00f1as y adolescentes. <a href=\"https:\/\/www.oas.org\/es\/CIDH\/jsForm\/?File=\/es\/cidh\/prensa\/comunicados\/2025\/277.asp&amp;utm_content=country-hti&amp;utm_term=class-mon\">Ver<\/a><\/p>\n\n\n\n<p class=\"wp-block-paragraph\"><strong>31\/03\/2026<\/strong><\/p>\n\n\n\n<p class=\"wp-block-paragraph\">CIDH llama a los Estados a garantizar el derecho a defender derechos de las personas trans. <a href=\"https:\/\/www.oas.org\/es\/CIDH\/jsForm\/?File=\/es\/cidh\/prensa\/comunicados\/2026\/061.asp\">Ver<\/a><\/p>\n\n\n\n<p class=\"wp-block-paragraph\"><strong>10\/04\/2026<\/strong> Los Estados deben garantizar la igualdad de g\u00e9nero en el deporte. <a href=\"https:\/\/www.oas.org\/es\/CIDH\/jsForm\/?File=\/es\/cidh\/prensa\/comunicados\/2026\/061.asp\">Ver<\/a><\/p>\n<\/div>\n","protected":false},"excerpt":{"rendered":"<p>Centro de Estudios en G\u00e9nero(s) y RRII (CEGRI) Documentos ONU Asamblea General 14\/07\/2025 Informe de la Relatora Especial sobre la Violencia contra las mujeres y las ni\u00f1as, sus causas y consecuencias. Las distintas manifestaciones de violencia contra las mujeres y las ni\u00f1as en el contexto de la reproducci\u00f3n subrogada. Res. 79\/152. Ver 16\/02\/2026 Medidas especiales [&hellip;]<\/p>\n","protected":false},"author":5,"featured_media":0,"comment_status":"closed","ping_status":"closed","sticky":false,"template":"","format":"standard","meta":{"_uag_custom_page_level_css":"","_monsterinsights_skip_tracking":false,"_monsterinsights_sitenote_active":false,"_monsterinsights_sitenote_note":"","_monsterinsights_sitenote_category":0,"ocean_post_layout":"","ocean_both_sidebars_style":"","ocean_both_sidebars_content_width":0,"ocean_both_sidebars_sidebars_width":0,"ocean_sidebar":"","ocean_second_sidebar":"","ocean_disable_margins":"enable","ocean_add_body_class":"","ocean_shortcode_before_top_bar":"","ocean_shortcode_after_top_bar":"","ocean_shortcode_before_header":"","ocean_shortcode_after_header":"","ocean_has_shortcode":"","ocean_shortcode_after_title":"","ocean_shortcode_before_footer_widgets":"","ocean_shortcode_after_footer_widgets":"","ocean_shortcode_before_footer_bottom":"","ocean_shortcode_after_footer_bottom":"","ocean_display_top_bar":"default","ocean_display_header":"default","ocean_header_style":"","ocean_center_header_left_menu":"","ocean_custom_header_template":"","ocean_custom_logo":0,"ocean_custom_retina_logo":0,"ocean_custom_logo_max_width":0,"ocean_custom_logo_tablet_max_width":0,"ocean_custom_logo_mobile_max_width":0,"ocean_custom_logo_max_height":0,"ocean_custom_logo_tablet_max_height":0,"ocean_custom_logo_mobile_max_height":0,"ocean_header_custom_menu":"","ocean_menu_typo_font_family":"","ocean_menu_typo_font_subset":"","ocean_menu_typo_font_size":0,"ocean_menu_typo_font_size_tablet":0,"ocean_menu_typo_font_size_mobile":0,"ocean_menu_typo_font_size_unit":"px","ocean_menu_typo_font_weight":"","ocean_menu_typo_font_weight_tablet":"","ocean_menu_typo_font_weight_mobile":"","ocean_menu_typo_transform":"","ocean_menu_typo_transform_tablet":"","ocean_menu_typo_transform_mobile":"","ocean_menu_typo_line_height":0,"ocean_menu_typo_line_height_tablet":0,"ocean_menu_typo_line_height_mobile":0,"ocean_menu_typo_line_height_unit":"","ocean_menu_typo_spacing":0,"ocean_menu_typo_spacing_tablet":0,"ocean_menu_typo_spacing_mobile":0,"ocean_menu_typo_spacing_unit":"","ocean_menu_link_color":"","ocean_menu_link_color_hover":"","ocean_menu_link_color_active":"","ocean_menu_link_background":"","ocean_menu_link_hover_background":"","ocean_menu_link_active_background":"","ocean_menu_social_links_bg":"","ocean_menu_social_hover_links_bg":"","ocean_menu_social_links_color":"","ocean_menu_social_hover_links_color":"","ocean_disable_title":"default","ocean_disable_heading":"default","ocean_post_title":"","ocean_post_subheading":"","ocean_post_title_style":"","ocean_post_title_background_color":"","ocean_post_title_background":0,"ocean_post_title_bg_image_position":"","ocean_post_title_bg_image_attachment":"","ocean_post_title_bg_image_repeat":"","ocean_post_title_bg_image_size":"","ocean_post_title_height":0,"ocean_post_title_bg_overlay":0.5,"ocean_post_title_bg_overlay_color":"","ocean_disable_breadcrumbs":"default","ocean_breadcrumbs_color":"","ocean_breadcrumbs_separator_color":"","ocean_breadcrumbs_links_color":"","ocean_breadcrumbs_links_hover_color":"","ocean_display_footer_widgets":"default","ocean_display_footer_bottom":"default","ocean_custom_footer_template":"","ocean_post_oembed":"","ocean_post_self_hosted_media":"","ocean_post_video_embed":"","ocean_link_format":"","ocean_link_format_target":"self","ocean_quote_format":"","ocean_quote_format_link":"post","ocean_gallery_link_images":"on","ocean_gallery_id":[],"footnotes":""},"categories":[2050],"tags":[2150],"class_list":["post-47046","post","type-post","status-publish","format-standard","hentry","category-anuario2026","tag-a2026cegridoc","entry"],"uagb_featured_image_src":{"full":false,"thumbnail":false,"medium":false,"medium_large":false,"large":false,"1536x1536":false,"2048x2048":false,"ocean-thumb-m":false,"ocean-thumb-ml":false,"ocean-thumb-l":false,"sow-carousel-default":false,"sow-blog-portfolio":false,"sow-blog-grid":false,"sow-blog-alternate":false},"uagb_author_info":{"display_name":"Juana Alvarez Eiras","author_link":"https:\/\/www.iri.edu.ar\/index.php\/author\/juana-alvarez-eiras\/"},"uagb_comment_info":0,"uagb_excerpt":"Centro de Estudios en G\u00e9nero(s) y RRII (CEGRI) Documentos ONU Asamblea General 14\/07\/2025 Informe de la Relatora Especial sobre la Violencia contra las mujeres y las ni\u00f1as, sus causas y consecuencias. Las distintas manifestaciones de violencia contra las mujeres y las ni\u00f1as en el contexto de la reproducci\u00f3n subrogada. Res. 79\/152. Ver 16\/02\/2026 Medidas especiales&hellip;","_links":{"self":[{"href":"https:\/\/www.iri.edu.ar\/index.php\/wp-json\/wp\/v2\/posts\/47046","targetHints":{"allow":["GET"]}}],"collection":[{"href":"https:\/\/www.iri.edu.ar\/index.php\/wp-json\/wp\/v2\/posts"}],"about":[{"href":"https:\/\/www.iri.edu.ar\/index.php\/wp-json\/wp\/v2\/types\/post"}],"author":[{"embeddable":true,"href":"https:\/\/www.iri.edu.ar\/index.php\/wp-json\/wp\/v2\/users\/5"}],"replies":[{"embeddable":true,"href":"https:\/\/www.iri.edu.ar\/index.php\/wp-json\/wp\/v2\/comments?post=47046"}],"version-history":[{"count":1,"href":"https:\/\/www.iri.edu.ar\/index.php\/wp-json\/wp\/v2\/posts\/47046\/revisions"}],"predecessor-version":[{"id":47049,"href":"https:\/\/www.iri.edu.ar\/index.php\/wp-json\/wp\/v2\/posts\/47046\/revisions\/47049"}],"wp:attachment":[{"href":"https:\/\/www.iri.edu.ar\/index.php\/wp-json\/wp\/v2\/media?parent=47046"}],"wp:term":[{"taxonomy":"category","embeddable":true,"href":"https:\/\/www.iri.edu.ar\/index.php\/wp-json\/wp\/v2\/categories?post=47046"},{"taxonomy":"post_tag","embeddable":true,"href":"https:\/\/www.iri.edu.ar\/index.php\/wp-json\/wp\/v2\/tags?post=47046"}],"curies":[{"name":"wp","href":"https:\/\/api.w.org\/{rel}","templated":true}]}}