{"id":47050,"date":"2026-09-04T12:34:49","date_gmt":"2026-09-04T15:34:49","guid":{"rendered":"https:\/\/www.iri.edu.ar\/?p=47050"},"modified":"2026-09-04T12:34:50","modified_gmt":"2026-09-04T15:34:50","slug":"cronologia-27","status":"publish","type":"post","link":"https:\/\/www.iri.edu.ar\/index.php\/2026\/09\/04\/cronologia-27\/","title":{"rendered":"Cronolog\u00eda"},"content":{"rendered":"\n<div class=\"wp-block-uagb-container uagb-block-59c3f77b default uagb-is-root-container\"><div class=\"wp-block-image\">\n<figure class=\"aligncenter size-full\"><a href=\"http:\/\/www.iri.edu.ar\/wp-content\/uploads\/2026\/08\/feat-anuario-2026.png\"><img fetchpriority=\"high\" decoding=\"async\" width=\"750\" height=\"200\" src=\"http:\/\/www.iri.edu.ar\/wp-content\/uploads\/2026\/08\/feat-anuario-2026.png\" alt=\"\" class=\"wp-image-46716\" srcset=\"https:\/\/www.iri.edu.ar\/wp-content\/uploads\/2026\/08\/feat-anuario-2026.png 750w, https:\/\/www.iri.edu.ar\/wp-content\/uploads\/2026\/08\/feat-anuario-2026-300x80.png 300w\" sizes=\"(max-width: 750px) 100vw, 750px\" \/><\/a><\/figure>\n<\/div>\n\n\n<p class=\"departamento wp-block-paragraph\">Centro de Estudios en G\u00e9nero(s) y RRII (CEGRI)<\/p>\n\n\n\n<h6 class=\"wp-block-heading\"><a><\/a>Cronolog\u00eda<\/h6>\n\n\n\n<h2 class=\"wp-block-heading\">Julio<\/h2>\n\n\n\n<p class=\"wp-block-paragraph\"><strong>03\/07\/2025<\/strong><\/p>\n\n\n\n<p class=\"wp-block-paragraph\"><strong>Estados Unidos: <\/strong>La continuidad en la prohibici\u00f3n a la atenci\u00f3n en la reafirmaci\u00f3n de g\u00e9nero en Estados Unidos no s\u00f3lo afecta directamente a las juventudes trans, sino que impacta tambi\u00e9n en sus familias y el sistema de salud en general. Para ello Human Right Watch elabor\u00f3 un informe que documenta este deterioro a partir de la asunci\u00f3n de Trump en 2021, que se agudiz\u00f3 en el a\u00f1o 2025, y que comete una flagrante violaci\u00f3n a los compromisos internacionales contra\u00eddos con anterioridad por este gobierno. <a href=\"https:\/\/www.hrw.org\/es\/news\/2025\/06\/03\/ee-uu-las-prohibiciones-la-atencion-de-reafirmacion-de-genero-perjudican-la\">Fuente<\/a><\/p>\n\n\n\n<p class=\"wp-block-paragraph\"><strong>Sud\u00e1n Del Sur: <\/strong>En el marco de un conflicto armado de baja intensidad, en este pa\u00eds cada vez son cada vez m\u00e1s frecuentes el uso de los cuerpos de ni\u00f1as y j\u00f3venes estudiantes como campo de batalla. Esta demostraci\u00f3n de poder y pr\u00e1cticas patriarcales, terminan convirtiendo a las ni\u00f1eces en bot\u00edn de guerra o moneda de cambio. En este sentido el gobierno y asociaciones sudanesas vienen trabajando para desarrollar pol\u00edticas de concientizaci\u00f3n y de protecci\u00f3n de los derechos que le corresponden a las afectadas. <a href=\"https:\/\/www.hrw.org\/es\/news\/2025\/07\/03\/ataques-contra-ninas-en-sudan-del-sur\">Fuente<\/a><\/p>\n\n\n\n<p class=\"wp-block-paragraph\"><strong>05\/07\/2025<\/strong><\/p>\n\n\n\n<p class=\"wp-block-paragraph\"><strong>Cumbre de Sevilla sobre financiamiento internacional: <\/strong>En Espa\u00f1a se realiz\u00f3 la Conferencia Internacional sobre la Financiaci\u00f3n para el Desarrollo con fuertes cr\u00edticas frente a los escasos compromisos en torno a la brecha salarial, econom\u00eda del cuidado e igualdad de g\u00e9nero. <a href=\"https:\/\/elpais.com\/planeta-futuro\/2025-07-05\/luces-y-sombras-de-la-cumbre-de-sevilla-una-conferencia-de-hombres-con-resultados-sobre-todo-para-hombres.html\">Fuente<\/a><\/p>\n\n\n\n<p class=\"wp-block-paragraph\"><strong>07\/07\/2025<\/strong><\/p>\n\n\n\n<p class=\"wp-block-paragraph\"><strong>Surinam: <\/strong>Asume la primera presidenta, Jennifer Geerlings-Simons para gobernar durante los pr\u00f3ximos cinco a\u00f1os: <a href=\"https:\/\/www.france24.com\/es\/minuto-a-minuto\/20250706-jennifer-geerlings-simons-se-convierte-en-la-primera-presidenta-de-surinam\">Fuente<\/a><\/p>\n\n\n\n<p class=\"wp-block-paragraph\"><strong>14\/07\/2025<\/strong><\/p>\n\n\n\n<p class=\"wp-block-paragraph\"><strong>Argentina: <\/strong>A 15 a\u00f1os del matrimonio igualitario en Argentina se realiza un balance y comparaci\u00f3n entre la CABA y la provincia de Buenos Aires. <a href=\"https:\/\/chequeado.com\/el-explicador\/a-15-anos-de-la-sancion-de-la-ley-de-matrimonio-igualitario-como-evolucionaron-los-casamientos-entre-parejas-del-mismo-sexo\/\">Fuente<\/a><\/p>\n\n\n\n<p class=\"wp-block-paragraph\"><strong>23\/07\/2025<\/strong><\/p>\n\n\n\n<p class=\"wp-block-paragraph\"><strong>ASEAN: <\/strong>Se reuni\u00f3 en Malasia el Foro de Energ\u00eda y G\u00e9nero de la ASEAN titulado \u201cCamino hacia el nuevo ciclo del Plan Maestro de energ\u00eda de la ASEAN desde una perspectiva inclusiva de g\u00e9nero\u201d, con respaldo del Banco Mundial. La finalidad fue elaborar una propuesta para el plan de acci\u00f3n cooperativa en energ\u00eda 2026-2030 y debatir sobre pol\u00edticas equitativas e inclusivas del g\u00e9nero. Actualmente solo representan en el sector el 8%. <a href=\"https:\/\/accept.aseanenergy.org\/toward-a-gender-inclusive-energy-future-mainstreaming-gender-in-asean-energy-policy-under-the-asean-plan-of-action-for-energy-cooperation-2026-2030#:~:text=The%20forum%20sought%20to%20address%20this%20gap,to%20advance%20the%20region's%20gender%2Dinclusive%20energy%20sector.\">Fuente<\/a><\/p>\n\n\n\n<p class=\"wp-block-paragraph\"><strong>24\/07\/2025<\/strong><\/p>\n\n\n\n<p class=\"wp-block-paragraph\"><strong>Jap\u00f3n:<\/strong> En el pa\u00eds nip\u00f3n, durante las \u00faltimas elecciones result\u00f3 en un significativo n\u00famero de mujeres elegidas al Senado siendo resultado de una creciente feminizaci\u00f3n de la vida p\u00fablica que ha sido acompa\u00f1ada por la existencia de una legislaci\u00f3n que acompa\u00f1\u00f3 el proceso. <a href=\"https:\/\/www.lemonde.fr\/international\/article\/2025\/07\/24\/au-japon-le-nombre-record-de-femmes-elues-au-senat-temoigne-d-une-feminisation-accrue-de-la-vie-publique_6623462_3210.html?search-type=classic&amp;ise_click_rank=6\">Fuente<\/a><\/p>\n\n\n\n<p class=\"wp-block-paragraph\"><strong>25\/07\/2025<\/strong><\/p>\n\n\n\n<p class=\"wp-block-paragraph\"><strong>D\u00eda de la Mujer Afrodescendiente: <\/strong>En el marco del d\u00eda de las mujeres afrodescendiente, la vicepresidenta colombiana, Francia M\u00e1rquez, convoc\u00f3 una reuni\u00f3n de lideresas afroamericanas en Bogot\u00e1 el futuro de las infancias, feminidades afrodescendientes y racismo. <a href=\"https:\/\/elpais.com\/america-futura\/2025-08-02\/la-dignidad-no-se-negocia-mujeres-afrodescendientes-en-resistencia.html\">Fuente<\/a><\/p>\n\n\n\n<p class=\"wp-block-paragraph\"><strong>28\/07\/2025<\/strong><\/p>\n\n\n\n<p class=\"wp-block-paragraph\"><strong>Camer\u00fan: <\/strong>debido al incremento de los feminicidios el a\u00f1o anterior, diferentes asociaciones de la sociedad civil junto con representantes pol\u00edticos buscan crear un comit\u00e9 para el seguimiento de la aprobaci\u00f3n de una ley contra la violencia de g\u00e9nero. <a href=\"https:\/\/www.lemonde.fr\/afrique\/article\/2025\/07\/28\/au-cameroun-des-feministes-plaident-pour-l-adoption-d-une-loi-contre-les-violences-basees-sur-le-genre_6624783_3212.html?search-type=classic&amp;ise_click_rank=15\">Fuente<\/a><\/p>\n\n\n\n<p class=\"wp-block-paragraph\"><strong>Ecuador: <\/strong>Los movimientos feministas ecuatorianos y de derechos humanos se oponen al cierre del Ministerio de la Mujer y Derechos Humanos frente a la decisi\u00f3n del gobierno del presidente de derecha Daniel Noboa. <a href=\"https:\/\/www.nodal.am\/2025\/07\/ecuador-movimiento-feminista-se-declara-en-resistencia-tras-cierre-de-ministerio-de-la-mujer-y-fusion-decretada-por-daniel-noboa\/\">Fuente<\/a><\/p>\n\n\n\n<p class=\"wp-block-paragraph\"><strong>29\/07\/2025<\/strong><\/p>\n\n\n\n<p class=\"wp-block-paragraph\"><strong>Panam\u00e1: <\/strong>las mujeres paname\u00f1as temen retrocesos en sus derechos frente al cierre del Ministerio de la Mujer, por parte del gobierno de derecha de Jos\u00e9 Ra\u00fal Mulino. <a href=\"https:\/\/www.resumenlatinoamericano.org\/2025\/07\/29\/feminismos-mujeres-panamenas-temen-retroceso-con-fin-del-ministerio-de-la-mujer-anunciado-por-mulino\/\">Fuente<\/a><\/p>\n\n\n\n<p class=\"wp-block-paragraph\"><strong>Naciones Unidas: <\/strong>ONU Mujeres celebra 15 a\u00f1os de la creaci\u00f3n de la agencia con un breve balance de su trabajo en defensa de la promoci\u00f3n de los derechos de las mujeres y las ni\u00f1as en b\u00fasqueda de la equidad. <a href=\"https:\/\/news.un.org\/en\/story\/2025\/07\/1165522\">Fuente<\/a><\/p>\n\n\n\n<p class=\"wp-block-paragraph\"><strong>30\/07\/2025<\/strong><\/p>\n\n\n\n<p class=\"wp-block-paragraph\"><strong>Afganist\u00e1n: <\/strong>Las mujeres afganas contin\u00faan sufriendo la opresi\u00f3n sobre sus cuerpos y su autonom\u00eda, lo que ha llevado a denominar el r\u00e9gimen como de <em>apartheid de g\u00e9nero. <\/em><a href=\"https:\/\/www.hrw.org\/es\/news\/2025\/07\/30\/las-mujeres-afganas-siguen-luchando-por-la-libertad-de-sus-cuerpos\">Fuente<\/a><\/p>\n\n\n\n<h2 class=\"wp-block-heading\">Agosto<\/h2>\n\n\n\n<p class=\"wp-block-paragraph\"><strong>04\/08\/2025<\/strong><\/p>\n\n\n\n<p class=\"wp-block-paragraph\"><strong>Siria: <\/strong>reportaje sobre los motivos y la purga silenciosa contra las mujeres trans en el proceso de reconstrucci\u00f3n pol\u00edtica en Siria. <a href=\"https:\/\/elpais.com\/planeta-futuro\/2025-08-04\/somos-las-ultimas-de-damasco-la-purga-silenciosa-contra-las-mujeres-trans-en-la-nueva-siria.html\">Fuente<\/a><\/p>\n\n\n\n<p class=\"wp-block-paragraph\"><strong>07\/08\/2025<\/strong><\/p>\n\n\n\n<p class=\"wp-block-paragraph\"><strong>Uruguay: <\/strong>El congreso del pa\u00eds charr\u00faa ratific\u00f3 el acuerdo sobre reconocimiento mutuo de medidas de protecci\u00f3n para las mujeres en situaci\u00f3n de violencia de g\u00e9nero firmado entre los pa\u00edses del Mercosur. <a href=\"https:\/\/www.pagina12.com.ar\/847879-uruguay-aprobo-el-acuerdo-del-mercosur-para-victimas-de-viol\/#:~:text=El%20Parlamento%20de%20Uruguay%20ratific%C3%B3%20el%20acuerdo,Compartir%20en%20WhatsAppWhatsApp.%20Telegram.%20Compartir%20en%20TelegramTelegram\">Fuente<\/a><\/p>\n\n\n\n<p class=\"wp-block-paragraph\"><strong>14\/08\/2025<\/strong><\/p>\n\n\n\n<p class=\"wp-block-paragraph\"><strong>Derechos LGTBQ+ mundial: <\/strong>El Centro de Investigaci\u00f3n sobre Derechos Humanos present\u00f3 el resultado de un relevamiento internacional sobre la situaci\u00f3n de los derechos de la comunidad LGTBQ+ avances y retrocesos centrado en Estados Unidos, Gran Breta\u00f1a y Europa. <a href=\"https:\/\/www.humanrightsresearch.org\/post\/lgbtq-rights-in-2025-progress-and-pushback\">Fuente<\/a><\/p>\n\n\n\n<p class=\"wp-block-paragraph\"><strong>25\/08\/2025<\/strong><\/p>\n\n\n\n<p class=\"wp-block-paragraph\"><strong>Reino Unido: <\/strong>Seg\u00fan una investigaci\u00f3n, la brecha salarial de g\u00e9nero en el Reino Unido se ha subestimado durante m\u00e1s de 20 a\u00f1os, lo que podr\u00eda generar nuevas dudas sobre la calidad de los datos utilizados para fundamentar las decisiones salariales clave en todo el pa\u00eds. Los hallazgos, publicados en el British Journal of Industrial Relations, sugieren que, desde 2004, la Oficina de Estad\u00edsticas Nacionales (ONS) no tuvo en cuenta adecuadamente el hecho de que recib\u00eda m\u00e1s datos de las grandes empresas al elaborar su encuesta anual sobre horas y salarios.&nbsp; La ONS declar\u00f3 al Financial Times que el muestreo y la ponderaci\u00f3n de la encuesta estaban en revisi\u00f3n y que la agencia hab\u00eda mejorado su metodolog\u00eda desde 2024 para abordar algunos de los problemas planteados en el informe. <a href=\"https:\/\/www.theguardian.com\/world\/2025\/aug\/25\/uk-gender-pay-gap-underestimated-for-two-decades-report-says\">Fuente<\/a><\/p>\n\n\n\n<p class=\"wp-block-paragraph\"><strong>28\/08\/2025<\/strong><\/p>\n\n\n\n<p class=\"wp-block-paragraph\"><strong>Marruecos: <\/strong>Un tribunal de Marruecos ha rechazado una petici\u00f3n para liberar de forma provisional a la activista feminista Ibtisame Lachgar (de 50 a\u00f1os), acusada de \u00abatentado contra la religi\u00f3n isl\u00e1mica\u00bb por una publicaci\u00f3n en redes sociales de una fotograf\u00eda en la que aparec\u00eda con una camiseta que conten\u00eda un mensaje considerado \u00abofensivo a Dios\u00bb. Lachgar&nbsp; fue imputada tras publicar una fotograf\u00eda en la que vest\u00eda una camiseta en la que se pod\u00eda leer la palabra \u00abDios\u00bb seguida de la frase \u00abes lesbiana\u00bb. Adem\u00e1s, estaba acompa\u00f1ada de un texto en el que describ\u00eda el islam como \u00abfascista, falocr\u00e1tico y mis\u00f3gino\u00bb, al igual que \u00abcualquier ideolog\u00eda religiosa\u00bb. <a href=\"https:\/\/www.lanacion.com.ar\/agencias\/marruecos-un-tribunal-rechaza-la-liberacion-provisional-de-una-feminista-acusada-de-atentado-contra-nid28082025\/\">Fuente<\/a><\/p>\n\n\n\n<p class=\"wp-block-paragraph\"><strong>29\/08\/2025<\/strong><\/p>\n\n\n\n<p class=\"wp-block-paragraph\"><strong>India: <\/strong>El informe NARI 2025, que abarca a 12.770 mujeres en 31 ciudades, presenta un panorama desigual de la seguridad en las zonas urbanas de la India. Si bien Mumbai, Kohima y Visakhapatnam se encuentran entre las m\u00e1s seguras, ciudades como Delhi, Calcuta y Patna se sit\u00faan en los \u00faltimos puestos. Seis de cada diez mujeres afirman sentirse seguras, pero el 40% admiti\u00f3 no sentirse as\u00ed. El acoso sigue sin denunciarse lo suficiente, la confianza en las autoridades es baja y la movilidad nocturna est\u00e1 plagada de temor. Los hallazgos destacan que la seguridad va m\u00e1s all\u00e1 de las cifras de delincuencia y afecta a todos los aspectos de la vida. <a href=\"https:\/\/economictimes.indiatimes.com\/news\/new-updates\/safe-on-paper-but-unsafe-in-life-what-nari-2025-reveals-about-indias-cities\/articleshow\/123580019.cms\">Fuente<\/a><\/p>\n\n\n\n<h2 class=\"wp-block-heading\">Septiembre<\/h2>\n\n\n\n<p class=\"wp-block-paragraph\"><strong>02\/09\/2025<\/strong><\/p>\n\n\n\n<p class=\"wp-block-paragraph\"><strong>Argentina: <\/strong>En 1990, a\u00f1os antes de que el grito de \u00abNi una menos\u00bb recorriera Argentina en una nueva ola feminista, una monja, hasta entonces desconocida, logr\u00f3 cuestionar no solo los h\u00e1bitos sexuales de funcionarios e \u00abhijos del poder\u00bb, sino tambi\u00e9n las pr\u00e1cticas turbias de los reci\u00e9n establecidos gobiernos democr\u00e1ticos e hizo que se extendiera la pregunta: \u00bfcon esta democracia tambi\u00e9n se viola, se asesina y se encubre a los culpables? La nota da cuenta de la historia de la monja cat\u00f3lica Marta Pelloni y su lucha. <a href=\"https:\/\/www.bbc.com\/mundo\/articles\/c5yezlqnl9go\">Fuente:<\/a><\/p>\n\n\n\n<p class=\"wp-block-paragraph\"><strong>03\/09\/2025<\/strong><\/p>\n\n\n\n<p class=\"wp-block-paragraph\"><strong>Marruecos: <\/strong>Un tribunal de Marruecos ha condenado este mi\u00e9rcoles a dos a\u00f1os y medio de c\u00e1rcel a la activista feminista Ibtisame Lachgar, acusada de \u00abatentado contra la religi\u00f3n isl\u00e1mica\u00bb por una publicaci\u00f3n en redes sociales,&nbsp; con un mensaje considerado \u00abofensivo a Dios\u00bb. <a href=\"https:\/\/www.lanacion.com.ar\/agencias\/marruecos-condenada-a-dos-anos-y-medio-de-carcel-en-marruecos-la-feminista-acusada-de-atentado-nid03092025\/\">Fuente<\/a><\/p>\n\n\n\n<p class=\"wp-block-paragraph\"><strong>04\/09\/2025<\/strong><\/p>\n\n\n\n<p class=\"wp-block-paragraph\"><strong>Espa\u00f1a: <\/strong>El Ministerio de Igualdad lanz\u00f3 la campa\u00f1a &#8216;Por huevos&#8217;, con el actor Paco Le\u00f3n como protagonista, donde aboga por una masculinidad m\u00e1s libre, m\u00e1s diversa y m\u00e1s feminista y \u00abante la ola reacci\u00f3naria\u00bb y \u00abnegacionista que \u00abmuchos hombres\u00bb est\u00e1n comprando a trav\u00e9s de las redes sociales, seg\u00fan se\u00f1al\u00f3 la titular del departamento, Ana Redondo. La secretaria de Estado, Mar\u00eda Guijarro, se\u00f1al\u00f3 que el mensaje que env\u00eda ofrece a los hombres la posibilidad de \u00abromper con las jerarqu\u00edas\u00bb que les han impuesto desde peque\u00f1os. \u00abY que, tal vez, tener huevos no es imponerse y tirar para adelante sin respetar sino repensarse, transformar su mentalidad, cuestionarse y llegar a cambiar\u00bb. <a href=\"https:\/\/www.lanacion.com.ar\/agencias\/igualdad-lanza-la-campana-por-una-masculinidad-mas-libre-diversa-y-feminista-y-ante-la-ola-nid04092025\/\">Fuente<\/a><\/p>\n\n\n\n<p class=\"wp-block-paragraph\"><strong>Espa\u00f1a: <\/strong>La escritora nigeriana Chimamanda Ngozi Adichie ha reflexionado sobre el fen\u00f3meno migratorio durante la presentaci\u00f3n de su nueva novela &#8216;Unos cuantos sue\u00f1os&#8217; (Random House) y ha se\u00f1alado que le parece \u00abhorrible\u00bb que la gente que sue\u00f1a con \u00abalgo mejor\u00bb est\u00e9 siendo en la actualidad \u00abcriminalizada\u00bb. M\u00e1s all\u00e1 del fen\u00f3meno migratorio, la autora ha apostado por una redefinici\u00f3n de la masculinidad que no implique su feminizaci\u00f3n, sino una revisi\u00f3n de sus fundamentos. Indic\u00f3 que considera importante redefinir la masculinidad, no para hacer una masculinidad femenina, sino para ir hacia atr\u00e1s y revisar algunas ideas que a veces se consideran anticuadas, pero que significan valent\u00eda y fuerza en positivo y justicia y Fair Play. Agreg\u00f3 que la sociedad debe plantearse c\u00f3mo reducir la violencia sobre las mujeres y ha abogado por centrarse en los agresores y no en las v\u00edctimas. <a href=\"https:\/\/www.lanacion.com.ar\/agencias\/chimamanda-ngozi-sobre-migrantes-me-parece-horrible-que-la-gente-que-suena-con-algo-mejor-este-nid04092025\/\">Fuente<\/a><\/p>\n\n\n\n<p class=\"wp-block-paragraph\"><strong>05\/09\/2025<\/strong><\/p>\n\n\n\n<p class=\"wp-block-paragraph\"><strong>Espa\u00f1a: <\/strong>Padres de beb\u00e9s nacidos por gestaci\u00f3n subrogada y feministas convocaron en Madrid actos opuestos sobre esta t\u00e9cnica de reproducci\u00f3n asistida. Por un lado, tendr\u00e1 lugar en la capital el II Congreso Internacional de Gestaci\u00f3n Subrogada, con el lema &#8216;Escuchar para proteger&#8217;, que acoger\u00e1 un encuentro entre mujeres gestantes en procesos de gestaci\u00f3n subrogada y j\u00f3venes nacidas mediante esta pr\u00e1ctica. Tambi\u00e9n participar\u00e1n expertas en Derecho, Antropolog\u00eda, Obstetricia y Psicolog\u00eda. Por su parte organizaciones feministas convocaron una concentraci\u00f3n en Madrid para pedir \u00abcontundencia\u00bb contra los \u00abvientres de alquiler\u00bb. As\u00ed expresar\u00e1n en la marcha su oposici\u00f3n al \u00abalquiler de vientres\u00bb y denunciar\u00e1n \u00ablos intentos de legalizar la explotaci\u00f3n de las capacidades reproductivas de las mujeres\u00bb.&nbsp; <a href=\"https:\/\/www.lanacion.com.ar\/agencias\/padres-de-bebes-nacidos-por-gestacion-subrogada-y-feministas-convocan-actos-opuestos-este-sabado-en-nid05092025\/\">Fuente<\/a><\/p>\n\n\n\n<p class=\"wp-block-paragraph\"><strong>06\/09\/2025<\/strong><\/p>\n\n\n\n<p class=\"wp-block-paragraph\"><strong>Brasil: <\/strong>Armadas con piedras, cuchillos, ollas, sartenes y utensilios dom\u00e9sticos, unas 300 mujeres de Mossor\u00f3, R\u00edo Grande del Norte (Brasil), tomaron las calles de la ciudad, destruyeron los avisos colocados en las puertas de la iglesia principal y vandalizaron las oficinas del peri\u00f3dico local. Conocido como el Mot\u00edn de las Mujeres, el episodio ocurrido hace 150 a\u00f1os, el 30 de agosto de 1875, tuvo un objetivo y una causa. El objetivo fue el decreto imperial promulgado ese a\u00f1o que regulaba el reclutamiento militar tanto para el Ej\u00e9rcito como para la Marina. La causa fue el miedo que el reclutamiento infundi\u00f3 en las mujeres despu\u00e9s de que muchas de ellas enviudaran o perdieran a sus hijos en la Guerra del Paraguay (conocida tambi\u00e9n comoGuerra de la Triple Alianza), un sangriento conflicto que tuvo lugar entre 1864 y 1870. La nota recorre esa historia. <a href=\"https:\/\/www.bbc.com\/mundo\/articles\/cd6nd557gxyo\">Fuente<\/a><\/p>\n\n\n\n<p class=\"wp-block-paragraph\"><strong>10\/09\/2025<\/strong><\/p>\n\n\n\n<p class=\"wp-block-paragraph\"><strong>Corea del Sur:<\/strong> Una mujer surcoreana fue absuelta luego de que un tribunal revisara su condena por arrancarle la lengua de un mordisco a un hombre durante una presunta agresi\u00f3n sexual hace m\u00e1s de seis d\u00e9cadas. Choi Mal-ja ten\u00eda 18 a\u00f1os cuando fue declarada culpable de lesiones corporales graves y condenada a 10 meses de prisi\u00f3n. Su agresor, de 21 a\u00f1os, recibi\u00f3 una pena menor de seis meses. Tras una campa\u00f1a de a\u00f1os para limpiar su nombre, en julio comenz\u00f3 un nuevo juicio en la ciudad de Busan, en el sur del pa\u00eds. En la primera audiencia la fiscal\u00eda se disculp\u00f3 con ella y, en una medida inusual, solicit\u00f3 al tribunal que anulara la condena. <a href=\"https:\/\/www.bbc.com\/mundo\/articles\/c306dn3rvnqo\">Fuente<\/a><\/p>\n\n\n\n<p class=\"wp-block-paragraph\"><strong>10\/09\/2025<\/strong><\/p>\n\n\n\n<p class=\"wp-block-paragraph\"><strong>Francia: <\/strong>Las memorias de Gis\u00e8le Pelicot, convertida en \u00edcono feminista tras el macrojuicio por violaci\u00f3n que protagoniz\u00f3 en Francia, saldr\u00e1n a la venta el 17 de febrero de 2026 con el t\u00edtulo \u00abEt la joie de vivre\u00bb (en espa\u00f1ol \u00abUn himno a la vida\u00bb), anunciaron el mi\u00e9rcoles varias editoriales. Pelicot, de 72 a\u00f1os, fue aplaudida mundialmente el a\u00f1o pasado por su valent\u00eda al testificar p\u00fablicamente durante el juicio contra su exmarido, quien la drog\u00f3 durante una d\u00e9cada para violarla junto a decenas de desconocidos contactados por internet. <a href=\"https:\/\/www.lanacion.com.ar\/agencias\/gisele-pelicot-publicara-sus-memorias-un-himno-a-la-vida-el-17-de-febrero-nid10092025\/\">Fuente<\/a><\/p>\n\n\n\n<p class=\"wp-block-paragraph\"><strong>11\/09\/2025<\/strong><\/p>\n\n\n\n<p class=\"wp-block-paragraph\"><strong>Marruecos: <\/strong>La organizaci\u00f3n no gubernamental Human Rights Watch (HRW) ha reclamado este jueves a las autoridades de Marruecos que exoneren y liberen a una activista feminista condenada a dos a\u00f1os y medio de c\u00e1rcel por blasfemia por una publicaci\u00f3n en redes sociales son un mensaje que fue considerado \u00abofensivo a Dios\u00bb. <a href=\"https:\/\/www.lanacion.com.ar\/agencias\/marruecos-hrw-pide-a-marruecos-la-exoneracion-y-liberacion-de-una-activista-condenada-por-atentado-nid11092025\/\">Fuente<\/a><\/p>\n\n\n\n<p class=\"wp-block-paragraph\"><strong>15\/09\/2025<\/strong><\/p>\n\n\n\n<p class=\"wp-block-paragraph\"><strong>ONU Mujeres: <\/strong>La igualdad de g\u00e9nero en 2025 plantea una encrucijada. Uno de los caminos conduce a una pobreza m\u00e1s aguda, a econom\u00edas m\u00e1s d\u00e9biles y a la supresi\u00f3n de los derechos humanos. El otro lleva al progreso de las econom\u00edas, la construcci\u00f3n de sociedades m\u00e1s seguras y futuros m\u00e1s justos para todas las personas.&nbsp; Lo que hace que 2025 sea crucial es el calendario: quedan cinco a\u00f1os para que venza el plazo de la Agenda 2030 para el Desarrollo Sostenible. El mundo estableci\u00f3 esa fecha para hacer realidad la igualdad para todas las personas. El Panorama de g\u00e9nero 2025, elaborado por ONU Mujeres y el Departamento de Asuntos Econ\u00f3micos y Sociales de las Naciones Unidas, muestra lo que costar\u00eda el fracaso, pero tambi\u00e9n los beneficios que est\u00e1n a nuestro alcance. <a href=\"https:\/\/www.unwomen.org\/es\/articulos\/articulo-explicativo\/la-igualdad-de-genero-en-2025-logros-brechas-y-la-decision-de-los-342-billones-de-dolares\">Fuente<\/a><\/p>\n\n\n\n<p class=\"wp-block-paragraph\"><strong>ONU Mujeres: <\/strong>La nueva edici\u00f3n del informe Panorama de G\u00e9nero 2025 de ONU Mujeres y el Departamento de Asuntos Econ\u00f3micos y Sociales de las Naciones Unidas (DAES) pone de manifiesto que el mundo se encuentra ante una encrucijada. Con inversi\u00f3n, la igualdad de g\u00e9nero est\u00e1 a nuestro alcance, con una probabilidad mayor que nunca de que las ni\u00f1as completen su escolarizaci\u00f3n, mientras la mortalidad materna se redujo casi un 40 %&nbsp; entre 2000 y 2023. Las tasas de violencia en la pareja son 2,5 veces inferiores en los pa\u00edses que adoptan diversas medidas para detenerla (leyes, pol\u00edticas, mecanismos institucionales, etc.) que en aquellos con un sistema de protecci\u00f3n d\u00e9bil. El liderazgo de las mujeres en las negociaciones clim\u00e1ticas se duplic\u00f3.&nbsp; Durante los cinco \u00faltimos a\u00f1os, se han aprobado o reformado 99 leyes para acabar con la discriminaci\u00f3n. <a href=\"https:\/\/www.unwomen.org\/es\/news-stories\/press-release\/2025\/09\/closing-the-gender-digital-divide-boost-global-gdp\">Fuente<\/a><\/p>\n\n\n\n<p class=\"wp-block-paragraph\"><strong>Inglaterra: <\/strong>Seg\u00fan un organismo de control de la igualdad de la ONU, los avances logrados con tanto esfuerzo en el acceso de las mujeres a la atenci\u00f3n m\u00e9dica, los derechos y el empleo se ven amenazados por los conflictos mundiales, los recortes en la ayuda y el retroceso en materia de igualdad de g\u00e9nero. La probabilidad de que una mujer muera durante el embarazo o el parto es m\u00e1s de un tercio menor que hace 25 a\u00f1os, seg\u00fan el informe anual de ONU Mujeres, mientras que las ni\u00f1as tienen m\u00e1s probabilidades que nunca de terminar sus estudios. El informe tambi\u00e9n constat\u00f3 que las tasas de violencia de pareja eran 2,5 veces menores en los pa\u00edses que hab\u00edan implementado medidas integrales contra la violencia. Treinta a\u00f1os despu\u00e9s de que la Declaraci\u00f3n y Plataforma de Acci\u00f3n de Beijing establecieran un plan para la igualdad de g\u00e9nero, ONU Mujeres ha pedido a los gobiernos que se comprometan a retomar medidas en la Asamblea General de la ONU que se celebra este mes en Nueva York. <a href=\"https:\/\/www.theguardian.com\/global-development\/2025\/sep\/15\/global-progress-gender-equality-womens-rights-sdg--un\">Fuente<\/a><\/p>\n\n\n\n<p class=\"wp-block-paragraph\"><strong>18\/09\/2025<\/strong><\/p>\n\n\n\n<p class=\"wp-block-paragraph\"><strong>Bolivia:<\/strong> El C\u00f3digo de las Familias que reg\u00eda en Bolivia establec\u00eda los 18 a\u00f1os como edad m\u00ednima para casarse, pero permit\u00eda que adolescentes de 16 y 17 a\u00f1os contrajeran matrimonio con autorizaci\u00f3n de sus padres o tutores. La C\u00e1mara de Diputados boliviana aprob\u00f3 una ley que elimina toda excepci\u00f3n para el matrimonio de menores de edad. Resulta un hecho hist\u00f3rico que implica un paso enorme y fundamental en la defensa de los derechos de los ni\u00f1os, ni\u00f1as y adolescentes en Bolivia. <a href=\"https:\/\/www.bbc.com\/mundo\/articles\/cge2q52e54qo\">Fuente<\/a><\/p>\n\n\n\n<p class=\"wp-block-paragraph\"><strong>20\/09\/2025<\/strong><\/p>\n\n\n\n<p class=\"wp-block-paragraph\"><strong>China:<\/strong> Seg\u00fan un libro blanco publicado el viernes, China ha logrado importantes avances en la promoci\u00f3n de la igualdad de g\u00e9nero y el empoderamiento de la mujer, y ha desempe\u00f1ado un papel activo en el impulso de esta causa a nivel mundial. Publicado por la Oficina de Informaci\u00f3n del Consejo de Estado, el libro blanco, titulado \u00abLos logros de China en el desarrollo integral de la mujer en la nueva era\u00bb, detalla la visi\u00f3n, las pr\u00e1cticas y los logros de China en este \u00e1mbito. El libro blanco consta de cinco cap\u00edtulos y se public\u00f3 antes de la Reuni\u00f3n Mundial de L\u00edderes sobre Igualdad de G\u00e9nero y Empoderamiento de la Mujer de 2025, que se celebrar\u00e1 en Beijing. <a href=\"https:\/\/en.people.cn\/n3\/2025\/0920\/c90000-20368536.html\">Fuente<\/a><\/p>\n\n\n\n<p class=\"wp-block-paragraph\"><strong>24\/09\/2025<\/strong><\/p>\n\n\n\n<p class=\"wp-block-paragraph\"><strong>Espa\u00f1a:<\/strong> El presidente del Gobierno espa\u00f1ol, Pedro S\u00e1nchez, ha defendido que la igualdad de g\u00e9nero no es \u00abun capricho progresista\u00bb sino \u00abun derecho\u00bb, y ha pedido \u00abalzar la voz\u00bb en una \u00ablucha feminista\u00bb que, en su opini\u00f3n, \u00abconcierne a todos\u00bb. Asegur\u00f3 que Espa\u00f1a est\u00e1 decidida a \u00abcontrarrestar\u00bb el \u00abretroceso\u00bb dado por discursos que normalizan la misoginia y promueven un modelo t\u00f3xico de masculinidad, de la mano de pol\u00edticas p\u00fablicas divididas en dos frentes: por un lado, \u00abimpulsando campa\u00f1as de concienciaci\u00f3n sobre diferentes tipos de masculinidad positiva\u00bb; y por otro lado, \u00abadoptando medidas espec\u00edficas contra la violencia de g\u00e9nero inducida por la tecnolog\u00eda\u00bb. Agreg\u00f3 que \u00abno puede haber igualdad sin democracia, ni democracia plena sin igualdad\u00bb. <a href=\"https:\/\/www.lanacion.com.ar\/agencias\/sanchez-defiende-que-la-igualdad-de-genero-no-es-un-capricho-progresista-sino-un-derecho-por-el-que-nid23092025\/\">Fuente<\/a><\/p>\n\n\n\n<p class=\"wp-block-paragraph\"><strong>28\/09\/2025<\/strong><\/p>\n\n\n\n<p class=\"wp-block-paragraph\"><strong>Argentina:<\/strong> Miles de personas participaron en una protesta contra el feminicidio en Buenos Aires de tres mujeres j\u00f3venes torturadas y asesinadas en un crimen que ha conmocionado a la&nbsp; Argentina. Los brutales asesinatos de Lara Guti\u00e9rrez, de 15 a\u00f1os, y de Morena Verdi y Brenda del Castillo, ambas de 20, fueron transmitidos en vivo por redes sociales. <a href=\"https:\/\/www.bbc.com\/mundo\/articles\/c708k1xkl85o\">Fuente<\/a><\/p>\n\n\n\n<p class=\"wp-block-paragraph\"><strong>28\/09\/2025<\/strong><\/p>\n\n\n\n<p class=\"wp-block-paragraph\"><strong>Argentina: <\/strong>Hace m\u00e1s de 30 a\u00f1os cada 28 de septiembre se conmemora el D\u00eda de Acci\u00f3n Global por el acceso al Aborto Legal y Seguro. Tiene su origen en el V Encuentro Feminista Latinoamericano y del Caribe realizado en la Argentina en 1990 y fue una iniciativa de activistas argentinas y uruguayas que ven\u00edan dando la pelea por el derecho al aborto en sus respectivos pa\u00edses. Desde diciembre de 2020 Argentina cuenta con la Ley 27.610 que consagra el derecho a la Interrupci\u00f3n Voluntaria del Embarazo (IVE) hasta la semana 14 inclusive o la Interrupci\u00f3n Legal (ILE) si la salud de la persona gestante corre peligro o el embarazo es consecuencia de una violaci\u00f3n, pero a\u00fan hoy, pasados casi cinco a\u00f1os de aprobada la ley, hay mujeres presas por hacerlo. <a href=\"https:\/\/www.tiempoar.com.ar\/ta_article\/otra-deuda-de-justicia-en-argentina-todavia-hay-mujeres-presas-por-abortar\/\">Fuente<\/a><\/p>\n\n\n\n<p class=\"wp-block-paragraph\"><strong>29\/09\/2025<\/strong><\/p>\n\n\n\n<p class=\"wp-block-paragraph\"><strong>Espa\u00f1a:<\/strong> La eliminaci\u00f3n de la brecha de g\u00e9nero entre la poblaci\u00f3n jubilada elevar\u00eda el PIB en 1,8 puntos. La diferencia a favor de los hombres es de 25.000 millones anuales en pensiones p\u00fablicas y de 1.300 millones en planes privados, seg\u00fan ClosinGap y Mapfre. <a href=\"https:\/\/elpais.com\/economia\/2025-09-29\/la-eliminacion-de-la-brecha-de-genero-entre-la-poblacion-jubilada-elevaria-el-pib-en-18-puntos.html#?rel=mas\">Fuente<\/a><\/p>\n\n\n\n<h2 class=\"wp-block-heading\">Octubre<\/h2>\n\n\n\n<p class=\"wp-block-paragraph\"><strong>01\/10\/2025<\/strong><\/p>\n\n\n\n<p class=\"wp-block-paragraph\"><strong>Afganist\u00e1n:<\/strong> Los talibanes tomaron el poder en 2021. Prohibieron la educaci\u00f3n a las ni\u00f1as mayores de 12 a\u00f1os, restringieron severamente las opciones laborales para las mujeres y hace poco retiraron los libros escritos por mujeres de las universidades. Internet representaba el&nbsp; \u00faltimo contacto de esas ni\u00f1as con el mundo exterior y los talibanes acaban de bloquear tambi\u00e9n&nbsp; internet. <a href=\"https:\/\/www.bbc.com\/mundo\/articles\/cz0827j1nvdo\">Fuente<\/a><\/p>\n\n\n\n<p class=\"wp-block-paragraph\"><strong>02\/10\/2025<\/strong><\/p>\n\n\n\n<p class=\"wp-block-paragraph\"><strong>Estados Unidos:<\/strong> Mujeres que han integrado el Ej\u00e9rcito de Estados Unidos rechazaron las afirmaciones del secretario de Defensa de este pa\u00eds, Pete Hegseth, quien hab\u00eda declarado que los requerimientos para roles de combate van a \u00abretornar a los m\u00e1s altos est\u00e1ndares masculinos\u00bb, y se\u00f1alaron que dichos est\u00e1ndares siempre han sido los mismos para hombres y mujeres. <a href=\"https:\/\/www.bbc.com\/mundo\/articles\/cwy9l4xqd0xo\">Fuente<\/a><\/p>\n\n\n\n<p class=\"wp-block-paragraph\"><strong>3\/10\/2025<\/strong><\/p>\n\n\n\n<p class=\"wp-block-paragraph\"><strong>Indonesia:<\/strong> Se les conoce como \u00abni\u00f1os souvenir\u00bb. Nacidos de trabajadores migrantes que forman v\u00ednculos en el extranjero, muchos ni\u00f1os crecen en Indonesia sin sus padres y enfrentan un estigma social. Hist\u00f3ricamente estos ni\u00f1os han tenido dificultades para obtener documentos de identidad, lo que les impide acceder a la escuela o a los servicios de salud. Esto los lleva a caer en ciclos de pobreza, matrimonio precoz y abuso, en un contexto que muestra a Indonesia como el pa\u00eds que ocupa el cuarto lugar a nivel mundial en matrimonio infantil. <a href=\"https:\/\/www.bbc.com\/mundo\/articles\/cev08l2yygro\">Fuente<\/a><\/p>\n\n\n\n<p class=\"wp-block-paragraph\"><strong>Estados Unidos:<\/strong> El director FBI, Kash Patel, despidi\u00f3 a un agente en pr\u00e1cticas esta semana por exhibir una bandera de orgullo gay* en su escritorio, seg\u00fan fuentes an\u00f3nimas de MSNBC. <a href=\"https:\/\/actualidad.rt.com\/actualidad\/567276-director-fbi-despedir-agente-bandera-gay\">Fuente<\/a><\/p>\n\n\n\n<p class=\"wp-block-paragraph\"><strong>Espa\u00f1a:<\/strong> El Gobierno espa\u00f1ol planea consagrar el derecho al aborto en la Constituci\u00f3n, ante lo que considera una ofensiva mundial contra la libertad reproductiva. De aprobarse, el pa\u00eds mediterr\u00e1neo se convertir\u00eda en el segundo del mundo en constitucionalizar el derecho al aborto, despu\u00e9s de que Francia lo hiciera el a\u00f1o pasado. Espa\u00f1a cumple cuatro d\u00e9cadas desde que el aborto dej\u00f3 de ser delito en 1985. <a href=\"https:\/\/www.lanacion.com.ar\/agencias\/espana-quiere-hacer-del-aborto-un-derecho-constitucional-40-anos-despues-de-legalizarlo-nid03102025\/\">Fuente<\/a><\/p>\n\n\n\n<p class=\"wp-block-paragraph\"><strong>Inglaterra:<\/strong> Las madres pierden un promedio de 65.618 libras esterlinas en ingresos cuando su primer hijo cumple cinco a\u00f1os, ya que la \u00abpenalizaci\u00f3n por maternidad\u00bb pone en riesgo su estabilidad financiera, seg\u00fan cifras oficiales. Las madres en Inglaterra sufren una \u00abreducci\u00f3n sustancial y duradera\u00bb en sus ingresos despu\u00e9s de tener hijos, ya que disminuye la probabilidad de que mantengan un empleo remunerado, seg\u00fan la Oficina de Estad\u00edsticas Nacionales. Un funcionario se\u00f1al\u00f3 que se avanza con mayor rapidez y determinaci\u00f3n para cerrar la brecha salarial de g\u00e9nero de una vez por todas. Como parte del proyecto de ley de derechos laborales, se exigir\u00e1 a los empleadores la publicaci\u00f3n de planes de acci\u00f3n junto con sus cifras, detallando las medidas que est\u00e1n tomando para reducir dichas brechas. Es probable que estas medidas incluyan acciones de apoyo a los padres y a las carreras profesionales de las madres. <a href=\"https:\/\/www.theguardian.com\/money\/2025\/oct\/03\/mothers-lose-an-average-65618-in-pay-by-the-time-their-first-child-turns-five\">Fuente<\/a><\/p>\n\n\n\n<p class=\"wp-block-paragraph\"><strong>05\/10\/2025<\/strong><\/p>\n\n\n\n<p class=\"wp-block-paragraph\"><strong>Argentina:<\/strong> El triple femicidio, 15 d\u00edas despu\u00e9s de haberse cometido, sigue causando estupor por la brutalidad del crimen, pero tambi\u00e9n por todos los factores que lo rodean. Lara, Morena y Brenda eran tres chicas, una de 15 y dos de 20 a\u00f1os, de La Tablada, La Matanza. All\u00ed fueron vistas por \u00faltima vez hasta que, cuatro d\u00edas despu\u00e9s, sus cuerpos fueron encontrados en Florencio Varela. Las caracter\u00edsticas del crimen y su vinculaci\u00f3n con el mundo de la comercializaci\u00f3n de drogas il\u00edcitas desde algunos sectores pretendieron abrir el debate sobre si se trat\u00f3 o no de un femicidio. Resulta un debate abierto a partir de detractores de la teor\u00eda de g\u00e9nero, del feminismo, de movimientos de mujeres y de la violencia estructural que se perfecciona a trav\u00e9s del concepto de patriarcado. El triple crimen manifest\u00f3 de forma cruda lo que muchas trabajadoras comunitarias ven\u00edan diciendo, y es que ante la ausencia del Estado la criminalidad podr\u00eda crecer. <a href=\"https:\/\/www.tiempoar.com.ar\/ta_article\/cuando-el-estado-se-ausenta-la-narcocriminalidad-avanza-sobre-los-cuerpos-de-las-mujeres\/\">Fuente<\/a><\/p>\n\n\n\n<p class=\"wp-block-paragraph\"><strong>07\/10\/2025<\/strong><\/p>\n\n\n\n<p class=\"wp-block-paragraph\"><strong>Marruecos:<\/strong> Un tribunal de Marruecos ha ratificado la condena a dos a\u00f1os y medio de c\u00e1rcel contra la activista feminista Ibtisame Lachgar, sentenciada en septiembre por cargos de \u00abatentado contra la religi\u00f3n isl\u00e1mica\u00bb por una publicaci\u00f3n en redes sociales que fue considerada con un mensaje \u00abofensivo a Dios\u00bb. El mensaje de la activista desat\u00f3 una oleada de cr\u00edticas en redes sociales, lo que llev\u00f3 a la propia activista, conocida por sus alegatos feministas y LGTBI y fundadora del Movimiento Alternativo para las Libertades Individuales (MALI), a denunciar los \u00abmiles de insultos sexistas, amenazas de violaci\u00f3n y muerte\u00bb recibidos antes de su detenci\u00f3n por parte las fuerzas de seguridad. <a href=\"https:\/\/www.lanacion.com.ar\/agencias\/ratificada-en-marruecos-la-condena-a-dos-anos-y-medio-de-carcel-contra-una-feminista-por-blasfemia-nid07102025\/\">Fuente<\/a><\/p>\n\n\n\n<p class=\"wp-block-paragraph\"><strong>09\/10\/2025<\/strong><\/p>\n\n\n\n<p class=\"wp-block-paragraph\"><strong>Francia:<\/strong> Un tribunal del sur de Francia sum\u00f3 un a\u00f1o a la pena de prisi\u00f3n del \u00fanico hombre que impugn\u00f3 su condena por violar a Gis\u00e8le Pelicot. La mujer de 72 a\u00f1os fue drogada por su entonces esposo, Dominique Pelicot, hasta quedar inconsciente a lo largo de m\u00e1s de una d\u00e9cada y fue violada por decenas de hombres que su marido reclutaba por internet. <a href=\"https:\/\/www.bbc.com\/mundo\/articles\/cg7dlzgkkxro\">Fuente<\/a><\/p>\n\n\n\n<p class=\"wp-block-paragraph\"><strong>15\/10\/2025<\/strong><\/p>\n\n\n\n<p class=\"wp-block-paragraph\"><strong>Argentina:<\/strong> La organizaci\u00f3n MuMaL\u00e1 inform\u00f3 que durante octubre ya se hab\u00edan registrado 11 femicidios y un total de 196 en lo que iba de 2025. El informe reclam\u00f3 la declaraci\u00f3n de la emergencia nacional en violencia de g\u00e9nero y la implementaci\u00f3n de pol\u00edticas p\u00fablicas de prevenci\u00f3n y asistencia a las v\u00edctimas<a href=\"https:\/\/www.pagina12.com.ar\/865924-ya-van-11-femicidios-en-argentina-solo-en-octubre\/\">. Fuente.<\/a><\/p>\n\n\n\n<h2 class=\"wp-block-heading\">Noviembre<\/h2>\n\n\n\n<p class=\"wp-block-paragraph\"><strong>05\/11\/2025<\/strong><\/p>\n\n\n\n<p class=\"wp-block-paragraph\"><strong>Uganda: <\/strong>Una precandidata presidencial denunci\u00f3 las barreras estructurales y el trato sexista que enfrentan las mujeres para competir en la pol\u00edtica ugandesa. La desigualdad de g\u00e9nero contin\u00faa limitando la participaci\u00f3n pol\u00edtica femenina.<a href=\"https:\/\/www.theguardian.com\/global-development\/2025\/nov\/05\/in-uganda-men-called-me-baby-sweetheart-darling-i-was-trying-to-run-for-the-presidency\"> Fuente<\/a>.<\/p>\n\n\n\n<p class=\"wp-block-paragraph\"><strong>India:<\/strong> Un informe advirti\u00f3 sobre el impacto de las aplicaciones de inteligencia artificial que generan im\u00e1genes falsas de desnudos (deepfakes), utilizadas para acosar y silenciar a mujeres en espacios digitales. Aumenta la violencia de g\u00e9nero en l\u00ednea y crece la necesidad de marcos regulatorios. <a href=\"https:\/\/www.theguardian.com\/global-development\/2025\/nov\/05\/india-women-ai-deepfakes-internet-social-media-artificial-intelligence-nudify-extortion-abuse\">Fuente.<\/a><\/p>\n\n\n\n<p class=\"wp-block-paragraph\"><strong>08\/11\/20025<\/strong><\/p>\n\n\n\n<p class=\"wp-block-paragraph\"><strong>M\u00e9xico:<\/strong> Entre enero y septiembre de 2025 el Estado de M\u00e9xico ocup\u00f3 el primer lugar en feminicidios al sumar 42 v\u00edctimas, de acuerdo con el Informe de violencia contra las mujeres elaborado por el Centro Nacional de Informaci\u00f3n (CNI).&nbsp; Adem\u00e1s, la entidad ocupa tambi\u00e9n el primer lugar en la incidencia de delitos como violaci\u00f3n y violencia de g\u00e9nero, seg\u00fan cifras del \u00faltimo informe gubernamental. El Estado de M\u00e9xico cuenta con dos Alertas de Violencia de G\u00e9nero contra las Mujeres (AVGM) para atender esta problem\u00e1tica y garantizar una vida libre de violencia para las mujeres. <a href=\"https:\/\/es-us.noticias.yahoo.com\/pese-alertas-violencia-g%C3%A9nero-edomex-000046488.html?guccounter=1&amp;guce_referrer=aHR0cHM6Ly93d3cuZ29vZ2xlLmNvbS8&amp;guce_referrer_sig=AQAAAJdUW_e3EvVzVRJHrYOee9FPU5aEj6ND_PFRbuTUoJkfNM9eQZ0YWRk9SrGzxxuh7FkJGBeyNjXJ3sUgBTnEVJ4IRSbaw0g8vS_KgXfDmMBzNGv7XyJj0CAarN1bJlBNnkaSnx3bkBV2ArTZ4Ap9vmt8L5YzfXoslZFuvRxrbztD\">Fuente.<\/a><\/p>\n\n\n\n<p class=\"wp-block-paragraph\"><strong>10\/11\/2025<\/strong><\/p>\n\n\n\n<p class=\"wp-block-paragraph\"><strong>Ecuador \/ M\u00e9xico:<\/strong> El acoso sexual en el espacio p\u00fablico es una forma de violencia de g\u00e9nero cotidiana que atraviesa todas las mujeres, pero se vive y se regula de modo distinto seg\u00fan la posici\u00f3n socioecon\u00f3mica, el g\u00e9nero, la raza, la edad y la condici\u00f3n laboral. Este art\u00edculo analiza el fen\u00f3meno desde una perspectiva de g\u00e9nero, integra un enfoque de derechos humanos e insiste en la necesidad de aplicar una mirada interseccional. <a href=\"https:\/\/www.nodal.am\/2025\/11\/la-denuncia-de-acoso-como-acto-politico-por-soledad-buendia-herdoiza\/\">Fuente.<\/a><\/p>\n\n\n\n<p class=\"wp-block-paragraph\"><strong>13\/11\/2025<\/strong><\/p>\n\n\n\n<p class=\"wp-block-paragraph\"><strong>Europa y Asia Central: <\/strong>Nuevos datos globales del Observatorio de Personas Trans Asesinadas 2025 (TMM por sus siglas en Ingl\u00e9s) de TGEU revelan un cambio peligroso: un n\u00famero creciente de v\u00edctimas de asesinato son l\u00edderes y activistas del movimiento trans. Durante el \u00faltimo a\u00f1o, los activistas trans representaron el 14% de los asesinatos reportados y son el segundo grupo m\u00e1s atacado a nivel mundial, despu\u00e9s de las personas trabajadoras sexuales. El aumento a\u00f1o tras a\u00f1o de los asesinatos de activistas trans muestra que se trata de silenciar a quienes luchan por los derechos trans en todo el mundo. <a href=\"https:\/\/www.tgeu.org\/el-observatorio-de-personas-trans-asesinadas-2025-revela-una-nueva-tendencia-en-la-violencia-anti-trans-objetivos-sistematicos-de-activistas-y-lideres-del-movimiento\/\">Fuente.<\/a><strong><\/strong><\/p>\n\n\n\n<p class=\"wp-block-paragraph\"><strong>21\/11\/2025<\/strong><\/p>\n\n\n\n<p class=\"wp-block-paragraph\"><strong>Argentina:<\/strong> Un nuevo relevamiento inform\u00f3 que en el pa\u00eds se produce un femicidio cada 30 horas, contabilizando 229 v\u00edctimas en lo que va del a\u00f1o. Organizaciones feministas reclamaron mayores pol\u00edticas de prevenci\u00f3n y protecci\u00f3n. <a href=\"about:blank\">Fuente.<\/a><\/p>\n\n\n\n<p class=\"wp-block-paragraph\"><strong>21\/11\/2025<\/strong><\/p>\n\n\n\n<p class=\"wp-block-paragraph\"><strong>Am\u00e9rica Latina<\/strong>: An\u00e1lisis sobre el papel de los feminismos populares frente al avance de gobiernos conservadores y las pol\u00edticas de ajuste en la regi\u00f3n. En Am\u00e9rica Latina cada d\u00eda asesinan a mujeres por razones de g\u00e9nero, millones no tienen ingresos propios, la fecundidad cae al calor de la precariedad, pero los feminismos populares emergen como uno de los pocos sujetos capaces de disputar el rumbo frente a los proyectos neofascistas y neorreaccionarios. Quiz\u00e1s esa sea la raz\u00f3n por la que gobiernos y l\u00edderes de derecha extrema en Am\u00e9rica Latina y el Caribe culpan al feminismo por una supuesta \u201ccrisis civilizatoria\u201d. <a href=\"https:\/\/www.nodal.am\/2025\/11\/resistencia-comunitaria-realidad-y-desafios-de-los-feminismos-populares-y-revolucionarios-en-america-latina-y-el-caribe-por-paula-gimenez\/\">Fuente.<\/a><\/p>\n\n\n\n<p class=\"wp-block-paragraph\"><strong>23\/11\/2025<\/strong><\/p>\n\n\n\n<p class=\"wp-block-paragraph\"><strong>Argentina: <\/strong>Los d\u00edas 22, 23 y 24 de noviembre, Corrientes ser\u00e1 sede del Encuentro Plurinacional de Mujeres, Lesbianas, Travestis, Trans, Bisexuales, Intersexuales y No Binaries, una cita hist\u00f3rica que este a\u00f1o coincide con un contexto regional y global marcado por el ascenso de las derechas, el retroceso de derechos, la profundizaci\u00f3n del lawfare, la criminalizaci\u00f3n de las luchas y el aumento de todas las formas de violencia patriarcal y violencia pol\u00edtica. <a href=\"https:\/\/www.nodal.am\/2025\/11\/donde-estan-las-feministas-latinoamericanas\/\">Fuente.<\/a><\/p>\n\n\n\n<p class=\"wp-block-paragraph\"><strong>25\/11\/2025<\/strong><\/p>\n\n\n\n<p class=\"wp-block-paragraph\"><strong>Espa\u00f1a:<\/strong> Miles de personas marcharon en distintas ciudades espa\u00f1olas con motivo del D\u00eda Internacional de la Eliminaci\u00f3n de la Violencia contra la Mujer, reclamando pol\u00edticas efectivas frente a la violencia machista y cuestionando los discursos negacionistas. <a href=\"https:\/\/elpais.com\/sociedad\/2025-11-25\/miles-de-mujeres-marchan-contra-el-negacionismo-y-el-riesgo-de-retrocesos-contra-la-violencia-machista.html\">Fuente.<\/a><\/p>\n\n\n\n<p class=\"wp-block-paragraph\"><strong>Espa\u00f1a:<\/strong> De los fallos en las pulseras al negacionismo en Alpedrete: as\u00ed llega el movimiento feminista al 25-N. 39 mujeres han sido asesinadas este a\u00f1o en Espa\u00f1a por sus parejas o exparejas, 1.334 desde que hay datos. <a href=\"https:\/\/elpais.com\/sociedad\/2025-11-25\/de-los-fallos-en-las-pulseras-al-negacionismo-en-alpedrete-asi-llega-el-movimiento-feminista-al-25-n.html\">Fuente.<\/a><\/p>\n\n\n\n<p class=\"wp-block-paragraph\"><strong>Argentina:<\/strong> Los femicidios no cesan y el Gobierno desfinancia la prevenci\u00f3n. Argentina tiene cifras de femicidios \u00edntimos (los cometidos por la pareja o expareja) que duplican los de Espa\u00f1a, con una poblaci\u00f3n similar. <a href=\"https:\/\/www.pagina12.com.ar\/2025\/11\/24\/los-femicidios-no-cesan-y-el-gobierno-desfinancia-la-prevencion\/\">Fuente.<\/a><\/p>\n\n\n\n<p class=\"wp-block-paragraph\"><strong>Am\u00e9rica Latina:<\/strong> El 25 de noviembre no es una fecha decorativa ni una efem\u00e9ride amable. Es una jornada de memoria activa y disputa pol\u00edtica. Naci\u00f3 enfrentando dictaduras y violencia estatal en Am\u00e9rica Latina, y m\u00e1s de medio siglo despu\u00e9s sigue interpelando a nuestras democracias, que contin\u00faan sin garantizar condiciones reales de igualdad. En Argentina, esta fecha vuelve a cobrar urgencia frente a un gobierno que promueve un programa de ajuste econ\u00f3mico, desmantelamiento del Estado y reafirmaci\u00f3n del orden patriarcal como parte de su proyecto pol\u00edtico. <a href=\"https:\/\/www.nodal.am\/2025\/11\/25-de-noviembre-la-memoria-que-incomoda-la-lucha-que-no-se-rinde-por-alejandra-rizzo\/\">Fuente.<\/a><\/p>\n\n\n\n<p class=\"wp-block-paragraph\"><strong>Espa\u00f1a:<\/strong> El feminismo sigue mostrando su divisi\u00f3n y se resiente en Madrid en el D\u00eda contra la Violencia de G\u00e9nero. Participaci\u00f3n menor y divisi\u00f3n marcan las movilizaciones en Madrid, con dos convocatorias separadas y diferencias sobre temas clave como la prostituci\u00f3n y la Ley Trans. <a href=\"https:\/\/www.elconfidencial.com\/espana\/2025-11-25\/madrid-marcha-violencia-genero-1tps_4254793\/\">Fuente.<\/a><\/p>\n\n\n\n<p class=\"wp-block-paragraph\"><strong>M\u00e9xico: <\/strong>En M\u00e9xico, los datos confirman a\u00f1o con a\u00f1o que el 25 de noviembre no es una fecha conmemorativa, sino un recordatorio doloroso. Entre enero y septiembre de 2025, 513 mujeres fueron v\u00edctimas de feminicidio, 60 mil 384 sufrieron lesiones dolosas, m\u00e1s de 212 mil 404 llamadas de emergencia reportaron violencia de pareja, y 405 mil 31 registraron violencia familiar, destac\u00f3 el Observatorio Ciudadano Nacional del Feminicidio (OCNF). <a href=\"https:\/\/www.infobae.com\/mexico\/2025\/11\/25\/violencia-de-genero-en-mexico-victimas-enfrentan-obstaculos-economicos-y-falta-de-apoyo-estatal\/\">Fuente<\/a>.<\/p>\n\n\n\n<p class=\"wp-block-paragraph\"><strong>26\/11\/2025<\/strong><\/p>\n\n\n\n<p class=\"wp-block-paragraph\"><strong>Am\u00e9rica Latina: <\/strong>Las protestas por el 25N en Am\u00e9rica Latina, en im\u00e1genes. En gran parte de la regi\u00f3n, las mujeres salieron a marchar por el D\u00eda Internacional de la Eliminaci\u00f3n de la Violencia contra la Mujer para exigir justicia y respeto a sus derechos. <a href=\"https:\/\/elpais.com\/america\/2025-11-26\/las-protestas-por-el-25n-en-america-latina-en-imagenes.html\">Fuente.<\/a><\/p>\n\n\n\n<p class=\"wp-block-paragraph\"><strong>26\/11\/2025<\/strong><\/p>\n\n\n\n<p class=\"wp-block-paragraph\"><strong>Italia:<\/strong> La C\u00e1mara de los Diputados de Italia aprob\u00f3, definitivamente y por unanimidad, un proyecto de ley que introduce en el C\u00f3digo Penal del pa\u00eds el delito de feminicidio, castig\u00e1ndolo con la cadena perpetua. La aprobaci\u00f3n de esta ley coincide con este D\u00eda Internacional de la Eliminaci\u00f3n de la Violencia contra las Mujeres y es definitiva, ya que el texto ya super\u00f3 la tramitaci\u00f3n el pasado julio en el Senado, la otra sede parlamentaria italiana. <a href=\"https:\/\/cnnespanol.cnn.com\/2025\/11\/26\/mundo\/italia-feminicidio-cadena-perpetua-trax\">Fuente.<\/a><\/p>\n\n\n\n<p class=\"wp-block-paragraph\"><strong>27\/11\/2025<\/strong><\/p>\n\n\n\n<p class=\"wp-block-paragraph\"><strong>Mundo<\/strong>: Los expertos advierten de una \u00abcrisis global\u00bb a medida que el n\u00famero de mujeres en prisi\u00f3n se acerca al mill\u00f3n. Este art\u00edculo tiene m\u00e1s de 7 meses de antig\u00fcedad. El n\u00famero de mujeres encarceladas en todo el mundo aumenta a un ritmo casi tres veces mayor que el de los hombres, y las prisioneras suelen ser sometidas a violencia sexual y trabajos forzados. <a href=\"https:\/\/www-theguardian-com.translate.goog\/global-development\/2025\/nov\/27\/women-in-prison-rising-global-crisis-sexual-violence-forced-labour?_x_tr_sl=en&amp;_x_tr_tl=es&amp;_x_tr_hl=es&amp;_x_tr_pto=tc\">Fuente.<\/a><\/p>\n\n\n\n<p class=\"wp-block-paragraph\"><strong>30\/11\/2025<\/strong><\/p>\n\n\n\n<p class=\"wp-block-paragraph\"><strong>Argentina:<\/strong> En lo que va del 2025 registramos 231 femicidios, transfemicidios, travesticidios e instigaciones al suicidio en Argentina. Entre el 1 de enero y el 30 de noviembre relevamos desde el Observatorio Ahora Que S\u00ed Nos Ven: 194 femicidios directos, 25 vinculados, 4 transfemicidios\/travesticidios y 8 instigaciones al suicidio. En un pa\u00eds donde el Estado se retira y los discursos de odio se vuelven pol\u00edtica, una mujer o persona trans es asesinada cada 35 horas. <a href=\"https:\/\/ahoraquesinosven.com.ar\/reports\/231-femicidios-transfemicidios-travesticidios-e-instigaciones-al-suicidio-en-2025\">Fuente.<\/a><\/p>\n\n\n\n<h2 class=\"wp-block-heading\">Diciembre<\/h2>\n\n\n\n<p class=\"wp-block-paragraph\"><strong>02\/12\/2025<\/strong><\/p>\n\n\n\n<p class=\"wp-block-paragraph\"><strong>Argentina:<\/strong> Una agenda period\u00edstica sobre temas vinculados a derechos de mujeres y diversidades casi en extinci\u00f3n, baj\u00edsima cobertura de la violencia machista, notas que no cuestionan los estereotipos de g\u00e9nero y menos consulta a voces expertas femeninas como fuente son algunas de las conclusiones del Proyecto Monitoreo Global de Medios 2025 (GMMP, por su sigla en ingl\u00e9s) en Argentina. Se trata de la mayor iniciativa de investigaci\u00f3n sobre la presencia de mujeres en los medios. <a href=\"https:\/\/www.pagina12.com.ar\/2025\/12\/02\/retroceso-de-los-temas-de-genero-y-la-mirada-de-mujeres-sobre-la-realidad-en-los-medios\/\">Fuente.<\/a><\/p>\n\n\n\n<p class=\"wp-block-paragraph\"><strong>Sud\u00e1frica:<\/strong> Vestidas de negro, miles de mujeres, ni\u00f1as y simpatizantes se tumbaron en el suelo en una protesta silenciosa y coordinada en toda Sud\u00e1frica a principios de este mes, convirtiendo aceras, campus universitarios, patios escolares y zonas costeras en lugares de luto y protesta. La manifestaci\u00f3n de 15 minutos fue para honrar la memoria de las aproximadamente 15 mujeres asesinadas cada d\u00eda en Sud\u00e1frica, una de las peores estad\u00edsticas de feminicidio del mundo. <a href=\"https:\/\/www.thenewhumanitarian.org\/news-feature\/2025\/12\/02\/south-africa-finally-declares-gbv-national-disaster?__cf_chl_f_tk=7_SsGvsw5SUzXIvQdJYbVHUS7RBt.5IjgNCr.haKpwk-1783011263-1.0.1.1-Xh_uEEm.SJS9.331ttEL.hHRqFsTEEogG56T5MUIWNU\">Fuente.<\/a><\/p>\n\n\n\n<p class=\"wp-block-paragraph\"><strong>04\/12\/2025<\/strong><\/p>\n\n\n\n<p class=\"wp-block-paragraph\"><strong>Argentina:<\/strong> En un nuevo informe, el Observatorio de Violencia contra las Mujeres expone que Salta contin\u00faa entre las provincias con mayores tasas de delitos contra la integridad sexual y femicidios. Las denuncias por violencia de g\u00e9nero crecieron un 98% en una d\u00e9cada y la franja joven emerge como la que menos tolera la violencia. <a href=\"https:\/\/www.pagina12.com.ar\/2025\/12\/04\/impacto-persistente-de-la-violencia-sexual-y-de-genero-en-salta\/\">Fuente.<\/a><\/p>\n\n\n\n<p class=\"wp-block-paragraph\"><strong>05\/12\/2025<\/strong><\/p>\n\n\n\n<p class=\"wp-block-paragraph\"><strong>Estados Unidos:<\/strong> El Departamento de Justicia emiti\u00f3 un memorando para eliminar las reglas que protegen a las personas LGBTQ+ del abuso sexual en las prisiones, suspendiendo de inmediato las auditor\u00edas de cumplimiento bajo la Ley de Eliminaci\u00f3n de la Violaci\u00f3n en Prisi\u00f3n (PREA). <a href=\"https:\/\/www.theguardian.com\/us-news\/2025\/dec\/05\/doj-prison-lgbtq-sexual-abuse-protections\">Fuente<\/a><\/p>\n\n\n\n<p class=\"wp-block-paragraph\"><strong>09\/12\/2025<\/strong><\/p>\n\n\n\n<p class=\"wp-block-paragraph\"><strong>Brasil:<\/strong> Se present\u00f3 en Fortaleza, Brasil, el proyecto de Ley Modelo Interamericana para prevenir y erradicar la violencia digital contra las mujeres, tras un proceso de consulta de dos a\u00f1os con m\u00e1s de mil especialistas. <a href=\"https:\/\/www.pagina12.com.ar\/2025\/12\/09\/una-ley-modelo-contra-la-violencia-digital-hacia-las-mujeres\/\">Fuente<\/a><\/p>\n\n\n\n<p class=\"wp-block-paragraph\"><strong>09\/12\/2025<\/strong><\/p>\n\n\n\n<p class=\"wp-block-paragraph\"><strong>Argentina:<\/strong> Se public\u00f3 el libro <em>\u00abLucha y revoluci\u00f3n de G\u00e9neros\u00bb<\/em> de la polit\u00f3loga Luciana Lago, el cual propone un plan integral para prevenir femicidios y transformar el abordaje del Poder Judicial ante la violencia machista. <a href=\"https:\/\/www.tiempoar.com.ar\/ta_article\/lucha-y-revolucion-de-generos-el-libro-que-propone-un-plan-para-evitar-femicidios-y-transformar-el-poder-judicial\/\">Fuente<\/a><\/p>\n\n\n\n<p class=\"wp-block-paragraph\"><strong>10\/12\/2025<\/strong><\/p>\n\n\n\n<p class=\"wp-block-paragraph\"><strong>Estados Unidos:<\/strong> Los estados de Texas y Florida presentaron una demanda conjunta contra la Administraci\u00f3n de Alimentos y Medicamentos (FDA) para restringir el acceso a nivel nacional a las p\u00edldoras abortivas. <a href=\"https:\/\/www.theguardian.com\/world\/2025\/dec\/10\/texas-florida-sue-fda-abortion-pill-approval\">Fuente<\/a><\/p>\n\n\n\n<p class=\"wp-block-paragraph\"><strong>11\/12\/2025<\/strong><\/p>\n\n\n\n<p class=\"wp-block-paragraph\"><strong>Groenlandia:<\/strong> Mujeres ind\u00edgenas obtuvieron una victoria legal hist\u00f3rica contra Dinamarca por el esc\u00e1ndalo de la colocaci\u00f3n forzada de dispositivos intrauterinos (DIU) durante las d\u00e9cadas de 1960 y 1970. <a href=\"https:\/\/www.theguardian.com\/world\/2025\/dec\/11\/greenlandic-women-claim-victory-in-legal-fight-with-denmark-over-forced-iud-scandal\">Fuente<\/a><\/p>\n\n\n\n<p class=\"wp-block-paragraph\"><strong>12\/12\/2025<\/strong><\/p>\n\n\n\n<p class=\"wp-block-paragraph\"><strong>Argentina:<\/strong> La Colectiva Feminista Federal manifest\u00f3 su profunda preocupaci\u00f3n por el desmantelamiento sistem\u00e1tico de las pol\u00edticas de g\u00e9nero al cumplirse el segundo aniversario de la actual gesti\u00f3n gubernamental. <a href=\"https:\/\/www.pagina12.com.ar\/2025\/12\/12\/el-retroceso-en-los-derechos-de-genero-a-dos-anos-de-milei\/\">Fuente<\/a><\/p>\n\n\n\n<p class=\"wp-block-paragraph\"><strong>Argentina:<\/strong> Carla Gaudensi, Secretaria de G\u00e9nero de la CGT, denuncia que las mujeres y diversidades son las m\u00e1s afectadas por el ajuste econ\u00f3mico y el pluriempleo. Advierte tambi\u00e9n sobre el hostigamiento digital hacia periodistas. <a href=\"https:\/\/defrentealfuturo.com\/resistir-y-construir-una-propuesta-politica-propia\/\">Fuente<\/a><\/p>\n\n\n\n<p class=\"wp-block-paragraph\"><strong>14\/12\/2025<\/strong><\/p>\n\n\n\n<p class=\"wp-block-paragraph\"><strong>Argentina:<\/strong> Falleci\u00f3 a los 96 a\u00f1os Eva Giberti, psic\u00f3loga y referente pionera en los estudios de g\u00e9nero e impulsora del programa <em>\u00abLas V\u00edctimas Contra Las Violencias\u00bb<\/em>. <a href=\"https:\/\/www.tiempoar.com.ar\/ta_article\/murio-eva-giberti-pionera-en-la-defensa-de-los-derechos-humanos-y-los-estudios-de-genero\/\">Fuente<\/a><\/p>\n\n\n\n<p class=\"wp-block-paragraph\"><strong>14\/12\/2025<\/strong><\/p>\n\n\n\n<p class=\"wp-block-paragraph\"><strong>Sud\u00e1frica:<\/strong> El gobierno detall\u00f3 la implementaci\u00f3n de la declaraci\u00f3n de la violencia de g\u00e9nero y el feminicidio como una \u00abcat\u00e1strofe nacional\u00bb ante las alarmantes cifras de delitos sexuales registradas. <a href=\"https:\/\/elpais.com\/planeta-futuro\/2025-12-14\/sudafrica-ha-declarado-la-violencia-de-genero-una-catastrofe-nacional-y-ahora-que.html\">Fuente<\/a><\/p>\n\n\n\n<p class=\"wp-block-paragraph\"><strong>17\/12\/2025<\/strong><\/p>\n\n\n\n<p class=\"wp-block-paragraph\"><strong>Estados Unidos:<\/strong> La C\u00e1mara de Representantes aprob\u00f3 un proyecto de ley para criminalizar la provisi\u00f3n de cuidados de afirmaci\u00f3n de g\u00e9nero a menores de 18 a\u00f1os, estableci\u00e9ndolo como un delito federal. <a href=\"https:\/\/www.theguardian.com\/us-news\/2025\/dec\/17\/house-bills-ban-gender-affirming-care-children\">Fuente<\/a><\/p>\n\n\n\n<p class=\"wp-block-paragraph\"><strong>18\/12\/2025<\/strong><\/p>\n\n\n\n<p class=\"wp-block-paragraph\"><strong>Estados Unidos:<\/strong> La administraci\u00f3n Trump anunci\u00f3 planes para prohibir que los hospitales que participan en Medicare y Medicaid ofrezcan tratamientos de transici\u00f3n a menores. <a href=\"https:\/\/www.theguardian.com\/us-news\/2025\/dec\/18\/trump-transition-healthcare-funding-hhs\">Fuente<\/a><\/p>\n\n\n\n<p class=\"wp-block-paragraph\"><strong>Reino Unido:<\/strong> Una revisi\u00f3n independiente de las cl\u00ednicas de identidad de g\u00e9nero del NHS revel\u00f3 fallas sist\u00e9micas, incluyendo retrasos inaceptables en la atenci\u00f3n. <a href=\"https:\/\/www.theguardian.com\/society\/2025\/dec\/18\/david-levy-review-nhs-gender-clinics-england\">Fuente<\/a><\/p>\n\n\n\n<p class=\"wp-block-paragraph\"><strong>19\/12\/2025<\/strong><\/p>\n\n\n\n<p class=\"wp-block-paragraph\"><strong>Argentina:<\/strong> Se difunde la doctrina jur\u00eddica sobre el \u00abdeber de debida diligencia reforzada\u00bb, analizando la obligaci\u00f3n judicial de investigar cr\u00edmenes contra mujeres con perspectiva de g\u00e9nero y contexto de violencia preexistente. <a href=\"https:\/\/aldiaargentina.microjuris.com\/tag\/homicidio-agravado-por-el-vinculo\/\">Fuente<\/a><\/p>\n\n\n\n<p class=\"wp-block-paragraph\"><strong>22\/12\/2025<\/strong><\/p>\n\n\n\n<p class=\"wp-block-paragraph\"><strong>Argentina:<\/strong> El medio resalta las pol\u00edticas de diversidad e inclusi\u00f3n en el \u00e1mbito corporativo (L&#8217;Or\u00e9al), exponiendo que el 54% de los cargos directivos globales son ocupados por mujeres como un activo de productividad. <a href=\"https:\/\/www.lanacion.com.ar\/economia\/la-belleza-mas-poderosa-aquella-que-impulsa-la-diversidad-equidad-e-inclusion-nid22122025\/\">Fuente<\/a><\/p>\n\n\n\n<p class=\"wp-block-paragraph\"><strong>23\/12\/2025<\/strong><\/p>\n\n\n\n<p class=\"wp-block-paragraph\"><strong>Irlanda:<\/strong> Se conmemor\u00f3 el d\u00e9cimo aniversario de la Ley de Reconocimiento de G\u00e9nero de 2015 en medio de debates sobre la estabilidad del modelo de autodeterminaci\u00f3n. <a href=\"https:\/\/www.theguardian.com\/society\/2025\/dec\/23\/ireland-gender-recognition-act-decade\">Fuente<\/a><\/p>\n\n\n\n<p class=\"wp-block-paragraph\"><strong>29\/12\/2025<\/strong><\/p>\n\n\n\n<p class=\"wp-block-paragraph\"><strong>Argentina:<\/strong> Se estren\u00f3 la pel\u00edcula <em>\u00abMiss Carb\u00f3n\u00bb<\/em>, basada en la historia de la primera mujer trans en trabajar en las minas de carb\u00f3n de R\u00edo Turbio. <a href=\"https:\/\/www.lanacion.com.ar\/espectaculos\/netflix-estreno-miss-carbon-la-pelicula-argentina-de-agustina-macri-que-es-ideal-para-ver-este-nid28122025\/\">Fuente<\/a><\/p>\n\n\n\n<p class=\"wp-block-paragraph\"><strong>30\/12\/2025<\/strong><\/p>\n\n\n\n<p class=\"wp-block-paragraph\"><strong>Argentina:<\/strong> Amnist\u00eda Internacional denunci\u00f3 un fuerte retroceso en el acceso al aborto legal al cumplirse cinco a\u00f1os de la sanci\u00f3n de la Ley IVE, se\u00f1alando falta de insumos y desmantelamiento de programas. <a href=\"https:\/\/www.pagina12.com.ar\/2025\/12\/30\/cinco-anos-del-aborto-legal-amnistia-internacional-alerta-por-un-fuerte-retroceso-en-el-acceso-a-la-ive\/\">Fuente<\/a><\/p>\n\n\n\n<p class=\"wp-block-paragraph\"><strong>31\/12\/2025<\/strong><\/p>\n\n\n\n<p class=\"wp-block-paragraph\"><strong>Estados Unidos:<\/strong> Un tribunal de apelaciones permiti\u00f3 al gobierno federal poner fin al financiamiento de Medicaid para Planned Parenthood en 22 estados. <a href=\"https:\/\/www.theguardian.com\/us-news\/2025\/dec\/31\/planned-parenthood-medicaid-funding-ends\">Fuente<\/a><\/p>\n\n\n\n<h1 class=\"wp-block-heading\">2026<\/h1>\n\n\n\n<h2 class=\"wp-block-heading\">Enero<\/h2>\n\n\n\n<p class=\"wp-block-paragraph\"><strong>01\/01\/2026<\/strong><\/p>\n\n\n\n<p class=\"wp-block-paragraph\"><strong>Estados Unidos:<\/strong> Entr\u00f3 en vigor la pol\u00edtica que elimina la cobertura de salud para cuidados de afirmaci\u00f3n de g\u00e9nero en empleados federales. <a href=\"https:\/\/www.theguardian.com\/us-news\/2026\/jan\/01\/us-federal-employees-complaint-gender-affirming-care-ban\">Fuente<\/a><\/p>\n\n\n\n<p class=\"wp-block-paragraph\"><strong>02\/01\/2026<\/strong><\/p>\n\n\n\n<p class=\"wp-block-paragraph\"><strong>Argentina:<\/strong> Fue promulgado el Presupuesto Nacional 2026, el cual establece un recorte agregado de casi el 90% en las partidas destinadas a pol\u00edticas de g\u00e9nero y prevenci\u00f3n de violencias. <a href=\"https:\/\/desalambrar.com.ar\/el-presupuesto-2026-recortara-las-politicas-de-genero-en-casi-un-90\/\">Fuente<\/a><\/p>\n\n\n\n<p class=\"wp-block-paragraph\"><strong>05\/01\/2026<\/strong><\/p>\n\n\n\n<p class=\"wp-block-paragraph\"><strong>Argentina:<\/strong> La agrupaci\u00f3n River Feminista expres\u00f3 su rechazo a la posible incorporaci\u00f3n del futbolista Sebasti\u00e1n Villa al club River Plate, bas\u00e1ndose en sus antecedentes de denuncias por violencia de g\u00e9nero. <a href=\"https:\/\/www.lanacion.com.ar\/deportes\/futbol\/la-tajante-postura-de-una-agrupacion-feminista-de-river-ante-la-posible-llegada-de-sebastian-villa-nid05012026\/\">Fuente<\/a><\/p>\n\n\n\n<p class=\"wp-block-paragraph\"><strong>05\/01\/2026<\/strong><\/p>\n\n\n\n<p class=\"wp-block-paragraph\"><strong>Argentina:<\/strong> El Gobierno disuelve la Agencia Nacional de Discapacidad (ANDIS) mediante el DNU 942, transfiriendo sus funciones al Ministerio de Salud en el marco de la reestructuraci\u00f3n estatal. <a href=\"https:\/\/noticias.perfil.com\/noticias\/politica\/de-la-andis-a-telam-y-el-inadi-los-organismos-que-disolvio-el-gobierno-de-milei.phtml\">Fuente<\/a><\/p>\n\n\n\n<p class=\"wp-block-paragraph\"><strong>06\/01\/2026<\/strong><\/p>\n\n\n\n<p class=\"wp-block-paragraph\"><strong>Estados Unidos:<\/strong> La Corte Suprema de Wyoming anul\u00f3 las prohibiciones estatales contra el aborto, dictaminando que violaban la autonom\u00eda en salud protegida constitucionalmente. <a href=\"https:\/\/www.theguardian.com\/world\/2026\/jan\/06\/wyoming-abortion-ban-supreme-court\">Fuente<\/a><\/p>\n\n\n\n<p class=\"wp-block-paragraph\"><strong>06\/01\/2026<\/strong><\/p>\n\n\n\n<p class=\"wp-block-paragraph\"><strong>Argentina:<\/strong> Se registra el primer femicidio del a\u00f1o, tras un 2025 que cerr\u00f3 con 266 casos consumados. Organizaciones feministas exigen la declaraci\u00f3n de la emergencia nacional en violencia de g\u00e9nero. <a href=\"https:\/\/elresaltador.com.ar\/hubo-266-femicidios-en-2025-y-2026-ya-tiene-el-primer-caso-del-ano\/\">Fuente<\/a><\/p>\n\n\n\n<p class=\"wp-block-paragraph\"><strong>07\/01\/2026<\/strong><\/p>\n\n\n\n<p class=\"wp-block-paragraph\"><strong>Ecuador:<\/strong> El Comit\u00e9 Permanente por la Defensa de los Derechos Humanos (CDH) exigi\u00f3 acciones urgentes ante la crisis de violencia dentro del sistema penitenciario nacional. <a href=\"https:\/\/www.nodal.am\/2026\/01\/ecuador-el-comite-de-derechos-humanos-exige-medidas-urgentes-ante-la-violencia-y-muertes-de-reclusos\/\">Fuente<\/a><\/p>\n\n\n\n<p class=\"wp-block-paragraph\"><strong>07\/01\/2026<\/strong><\/p>\n\n\n\n<p class=\"wp-block-paragraph\"><strong>Reino Unido:<\/strong> Organizaciones de caridad LGBTQ+ advirtieron que operan en un \u00abentorno hostil\u00bb debido a la disminuci\u00f3n de donaciones y al aumento del escrutinio. <a href=\"https:\/\/www.theguardian.com\/society\/2026\/jan\/07\/uk-lgbtq-charities-are-in-hostile-environment-amid-falling-donations-experts-warn\">Fuente<\/a><\/p>\n\n\n\n<p class=\"wp-block-paragraph\"><strong>09\/01\/2026<\/strong><\/p>\n\n\n\n<p class=\"wp-block-paragraph\"><strong>Argentina:<\/strong> Organizaciones de mujeres migrantes denunciaron la vulneraci\u00f3n de sus derechos tras la implementaci\u00f3n del DNU 366\/2025, que restringe el acceso a la salud y facilita expulsiones. <a href=\"https:\/\/www.tiempoar.com.ar\/ta_article\/migrantes-estigmatizada-sin-derecho\/\">Fuente<\/a><\/p>\n\n\n\n<p class=\"wp-block-paragraph\"><strong>10\/01\/2026<\/strong><\/p>\n\n\n\n<p class=\"wp-block-paragraph\"><strong>Espa\u00f1a:<\/strong> Se registraron tres feminicidios durante los primeros diez d\u00edas del a\u00f1o, lo que gener\u00f3 un llamado de expertos para intensificar la cr\u00edtica a los sectores que niegan la violencia de g\u00e9nero. <a href=\"https:\/\/elpais.com\/videos\/2026-01-13\/tres-mujeres-asesinadas-en-los-10-primeros-dias-de-2026-tenemos-que-intensificar-la-critica-a-quien-normaliza-y-niega-la-violencia-de-genero.html\">Fuente<\/a><\/p>\n\n\n\n<p class=\"wp-block-paragraph\"><strong>11\/01\/2026<\/strong><\/p>\n\n\n\n<p class=\"wp-block-paragraph\"><strong>Argentina:<\/strong> La Asamblea Lesbotransfeminista de Salta denunci\u00f3 recortes presupuestarios ante autoridades provinciales y exigi\u00f3 guardias de 24 horas y protocolos efectivos contra la violencia. <a href=\"https:\/\/www.pagina12.com.ar\/2026\/01\/12\/la-asamblea-lesbotransfeminista-reclama-politicas-urgentes-en-salta\/\">Fuente<\/a><\/p>\n\n\n\n<p class=\"wp-block-paragraph\"><strong>13\/01\/2026<\/strong><\/p>\n\n\n\n<p class=\"wp-block-paragraph\"><strong>Estados Unidos:<\/strong> La Corte Suprema escuch\u00f3 argumentos sobre las prohibiciones estatales contra atletas trans en deportes escolares. <a href=\"https:\/\/www.theguardian.com\/us-news\/live\/2026\/jan\/13\/us-supreme-court-arguments-transgender-athletes-lgbtq-rights-us-news-latest\">Fuente<\/a><\/p>\n\n\n\n<p class=\"wp-block-paragraph\"><strong>14\/01\/2026<\/strong><\/p>\n\n\n\n<p class=\"wp-block-paragraph\"><strong>Argentina:<\/strong> Se public\u00f3 el informe GMMP 2025, el cual indica que las mujeres contin\u00faan subrepresentadas en las noticias, con un retroceso de su presencia en portales digitales. <a href=\"https:\/\/latinta.com.ar\/2026\/01\/14\/gmmp-2025-desigualdad-de-genero-noticias-argentina\/\">Fuente<\/a><\/p>\n\n\n\n<p class=\"wp-block-paragraph\"><strong>15\/01\/2026<\/strong><\/p>\n\n\n\n<p class=\"wp-block-paragraph\"><strong>Estados Unidos:<\/strong> El gobernador de California rechaz\u00f3 un pedido de extradici\u00f3n de Luisiana contra un proveedor de salud que prescribi\u00f3 p\u00edldoras abortivas. <a href=\"https:\/\/www.theguardian.com\/world\/2026\/jan\/15\/abortion-pill-california-doctor-louisiana\">Fuente<\/a><\/p>\n\n\n\n<p class=\"wp-block-paragraph\"><strong>16\/01\/2026<\/strong><\/p>\n\n\n\n<p class=\"wp-block-paragraph\"><strong>Reino Unido:<\/strong> Un tribunal laboral fall\u00f3 a favor de enfermeras del NHS que se opon\u00edan a compartir vestuarios con una colega trans. <a href=\"https:\/\/www.theguardian.com\/law\/2026\/jan\/16\/female-nurses-win-employment-case-over-nhs-changing-room-use-by-trans-colleague\">Fuente<\/a><\/p>\n\n\n\n<p class=\"wp-block-paragraph\"><strong>17\/01\/2026<\/strong><\/p>\n\n\n\n<p class=\"wp-block-paragraph\"><strong>Argentina:<\/strong> Un relevamiento legislativo confirm\u00f3 que la C\u00e1mara de Diputados se alej\u00f3 de la paridad de g\u00e9nero, reduciendo la representaci\u00f3n femenina al 41% tras el \u00faltimo recambio de bancas. <a href=\"https:\/\/www.pagina12.com.ar\/2026\/01\/18\/el-congreso-se-aleja-cada-vez-mas-de-la-paridad-de-genero-2\/\">Fuente<\/a><\/p>\n\n\n\n<p class=\"wp-block-paragraph\"><strong>18\/01\/2026<\/strong><\/p>\n\n\n\n<p class=\"wp-block-paragraph\"><strong>Argentina:<\/strong> Se visibiliza la historia de Bruno Le\u00f3n, un activista trans embarazado de tres meses. El testimonio busca deconstruir la exclusividad femenina de la gestaci\u00f3n y desafiar estereotipos sobre la paternidad trans. <a href=\"https:\/\/www.clarin.com\/internacional\/bruno-leon-chico-trans-embarazado-3-meses-preguntado-va-salir-bebe_0_AshIluIIl3.html\">Fuente<\/a><\/p>\n\n\n\n<p class=\"wp-block-paragraph\"><strong>20\/01\/2026<\/strong><\/p>\n\n\n\n<p class=\"wp-block-paragraph\"><strong>Argentina:<\/strong> Organizaciones LGBT reclamaron que el presidente Javier Milei se retracte de sus afirmaciones en el Foro de Davos, calific\u00e1ndolas de discursos que promueven la estigmatizaci\u00f3n. <a href=\"https:\/\/www.tiempoar.com.ar\/ta_article\/davos-2026-la-comunidad-lgbt-reclamo-a-milei-que-se-retracte-del-discurso-del-ano-pasado\/\">Fuente<\/a><\/p>\n\n\n\n<p class=\"wp-block-paragraph\"><strong>22\/01\/2026<\/strong><\/p>\n\n\n\n<p class=\"wp-block-paragraph\"><strong>Estados Unidos:<\/strong> Se confirm\u00f3 una expansi\u00f3n masiva de la \u00abGlobal Gag Rule\u00bb, bloqueando ayuda exterior a cualquier organizaci\u00f3n que promueva la \u00abideolog\u00eda de g\u00e9nero\u00bb o diversidad. <a href=\"https:\/\/apnews.com\/article\/trump-foreign-aid-dei-gender-ideology-afbc10132dae462c368bab91671747eb\">Fuente<\/a><\/p>\n\n\n\n<p class=\"wp-block-paragraph\"><strong>23\/01\/2026<\/strong><\/p>\n\n\n\n<p class=\"wp-block-paragraph\"><strong>Estados Unidos:<\/strong> Se anunci\u00f3 que las nuevas restricciones a la ayuda exterior tambi\u00e9n prohibir\u00e1n el financiamiento de programas internacionales dedicados al cuidado de la salud de personas transg\u00e9nero. <a href=\"https:\/\/pai.org\/news\/trump-administration-dramatically-expands-the-global-gag-rule\/\">Fuente<\/a><\/p>\n\n\n\n<p class=\"wp-block-paragraph\"><strong>23\/01\/2026<\/strong><\/p>\n\n\n\n<p class=\"wp-block-paragraph\"><strong>Argentina \/ Suiza:<\/strong> En el Foro de Davos, el presidente Javier Milei califica a las agendas de g\u00e9nero e inclusi\u00f3n como un \u00abc\u00e1ncer que hay que extirpar\u00bb. Las declaraciones son repudiadas por sectores sindicales como un ataque a las conquistas feministas. <a href=\"https:\/\/defrentealfuturo.com\/resistir-y-construir-una-propuesta-politica-propia\/\">Fuente<\/a><\/p>\n\n\n\n<p class=\"wp-block-paragraph\"><strong>26\/01\/2026<\/strong><\/p>\n\n\n\n<p class=\"wp-block-paragraph\"><strong>UNI\u00d3N EUROPEA:<\/strong> La Comisi\u00f3n Europea ha lanzado este lunes una investigaci\u00f3n formal contra la red social X y su&nbsp;chatbot Grok&nbsp;en virtud de la Ley de Servicios Digitales (DSA), seg\u00fan desprende el&nbsp;<a href=\"https:\/\/ec.europa.eu\/commission\/presscorner\/detail\/es\/mex_26_222\">comunicado<\/a>&nbsp;del organismo. En el marco de los procedimientos se evaluar\u00e1 si la empresa de Elon Musk \u00abevalu\u00f3 y mitig\u00f3 adecuadamente\u00bb los riesgos asociados al uso de Grok en X en la UE, en particular los riesgos relacionados con la&nbsp;difusi\u00f3n de im\u00e1genes sexualmente expl\u00edcitas manipuladas de mujeres y ni\u00f1os, incluido contenido que podr\u00eda constituir material de abuso sexual infantil. <a href=\"https:\/\/actualidad.rt.com\/actualidad\/584007-bruselas-investiga-x-deepfakes-sexualizados-mujeres-ninos-grok\">Fuente<\/a><\/p>\n\n\n\n<p class=\"wp-block-paragraph\"><strong>27\/01\/2026<\/strong><\/p>\n\n\n\n<p class=\"wp-block-paragraph\"><strong>Estados Unidos:<\/strong> Las mujeres negras enfrentan mayores riesgos durante el embarazo, el parto y en el diagn\u00f3stico y tratamiento de diversas enfermedades debido a sesgos raciales y de g\u00e9nero en el sistema de salud. Muchas relatan que sus s\u00edntomas y dolores son minimizados, lo que retrasa la atenci\u00f3n y empeora sus resultados de salud. Ante esta situaci\u00f3n, recurren a la autoabogac\u00eda, buscando segundas opiniones, registrando sus antecedentes m\u00e9dicos y exigiendo una atenci\u00f3n adecuada para proteger su salud. <a href=\"https:\/\/www.theguardian.com\/us-news\/2026\/jan\/27\/black-women-healthcare-self-advocate\">Fuente<\/a><\/p>\n\n\n\n<p class=\"wp-block-paragraph\"><strong>28\/01\/2026<\/strong><\/p>\n\n\n\n<p class=\"wp-block-paragraph\"><strong>Inglaterra:<\/strong> Sarah Mullally fue confirmada como la primera mujer en ocupar el cargo de arzobispa de Canterbury y se comprometi\u00f3 a denunciar la misoginia tanto dentro como fuera de la Iglesia de Inglaterra. Reconoci\u00f3 haber enfrentado actitudes mis\u00f3ginas a lo largo de su trayectoria y afirm\u00f3 que visibilizarlas es esencial para combatirlas. Su nombramiento constituye un hito hist\u00f3rico para el liderazgo femenino en la Iglesia anglicana, aunque tambi\u00e9n gener\u00f3 cr\u00edticas de algunos sectores conservadores. <a href=\"https:\/\/www.theguardian.com\/world\/2026\/jan\/28\/sarah-mullally-first-female-archbishop-canterbury-vows-call-out-misogyny\">Fuente<\/a><\/p>\n\n\n\n<p class=\"wp-block-paragraph\"><strong>29\/01\/2026<\/strong><\/p>\n\n\n\n<p class=\"wp-block-paragraph\"><strong>Inglaterra:<\/strong> Una encuesta de The Fawcett Society, una organizaci\u00f3n ben\u00e9fica brit\u00e1nica dedicada a la igualdad de g\u00e9nero, revel\u00f3 que muchas mujeres mayores de 50 a\u00f1os enfrentan problemas de salud mental, soledad e inseguridad econ\u00f3mica asociados con la menopausia y otras transiciones de la mediana edad. El estudio evidenci\u00f3 que estas dificultades suelen agravarse por la falta de apoyo, el estigma y las responsabilidades de cuidado. Los resultados impulsan el llamado a fortalecer las pol\u00edticas p\u00fablicas y los servicios de salud dirigidos a las necesidades espec\u00edficas de las mujeres en esta etapa de la vida. <a href=\"https:\/\/www.theguardian.com\/society\/2026\/jan\/29\/women-uk-50-plus-midlife-menopause-struggle-mental-health\">Fuente<\/a><\/p>\n\n\n\n<p class=\"wp-block-paragraph\"><strong>30\/01\/2026<\/strong><\/p>\n\n\n\n<p class=\"wp-block-paragraph\"><strong>Inglaterra:<\/strong> Una revisi\u00f3n independiente de la BBC revel\u00f3 una marcada desigualdad de g\u00e9nero en los puestos de presentaci\u00f3n: los hombres mayores de 60 a\u00f1os superan ampliamente a las mujeres de la misma edad en pantalla. El informe concluy\u00f3 que los hombres son percibidos como personas que ganan prestigio y autoridad con la edad, mientras que las mujeres enfrentan mayores presiones para mantener una apariencia juvenil o adoptar perfiles excepcionales para permanecer en televisi\u00f3n. <a href=\"https:\/\/www.theguardian.com\/media\/2026\/jan\/30\/older-women-disappear-from-bbc-presenting-roles-internal-review-finds\">Fuente<\/a><\/p>\n\n\n\n<h2 class=\"wp-block-heading\">Febrero<\/h2>\n\n\n\n<p class=\"wp-block-paragraph\"><strong>02\/02\/2026<\/strong><\/p>\n\n\n\n<p class=\"wp-block-paragraph\"><strong>Chile: <\/strong>El Gobierno de Chile oficializ\u00f3 la candidatura de la expresidenta Michelle Bachelet para ocupar la Secretar\u00eda General de la ONU, con el respaldo de Brasil y M\u00e9xico. De ser elegida, se convertir\u00eda en la primera mujer en dirigir la organizaci\u00f3n en sus m\u00e1s de 80 a\u00f1os de historia. Su postulaci\u00f3n se sustenta en su trayectoria como expresidenta de Chile, directora ejecutiva de ONU Mujeres y alta comisionada de las Naciones Unidas para los Derechos Humanos. <a href=\"https:\/\/www.dw.com\/es\/chile-inscribe-candidatura-de-michelle-bachelet-para-dirigir-la-onu\/a-75772491\">Fuente<\/a><\/p>\n\n\n\n<p class=\"wp-block-paragraph\"><strong>Estados Unidos:<\/strong> Los estados de Arizona, Missouri y Ohio, donde el electorado aprob\u00f3 mediante referendos la protecci\u00f3n del derecho al aborto, contin\u00faan implementando las reformas derivadas de esas votaciones. No obstante, legisladores y grupos conservadores han promovido demandas y nuevas iniciativas legales para limitar el alcance de esos cambios y restringir el acceso al aborto. <a href=\"https:\/\/www.theguardian.com\/world\/2026\/feb\/02\/abortion-rights-conservative-lawmakers\">Fuente<\/a><\/p>\n\n\n\n<p class=\"wp-block-paragraph\"><strong>06\/02\/2026<\/strong><\/p>\n\n\n\n<p class=\"wp-block-paragraph\"><strong>Estados Unidos: <\/strong>Un juez de Arizona anul\u00f3 varias restricciones al aborto que segu\u00edan vigentes pese a que, en 2024, los votantes incorporaron el derecho al aborto en la Constituci\u00f3n estatal. La decisi\u00f3n elimina requisitos como m\u00faltiples visitas m\u00e9dicas obligatorias, ecograf\u00edas y limitaciones para la prescripci\u00f3n de p\u00edldoras abortivas por telemedicina. El tribunal concluy\u00f3 que estas medidas impon\u00edan obst\u00e1culos innecesarios al ejercicio de un derecho constitucional. Organizaciones m\u00e9dicas y defensoras de los derechos reproductivos celebraron el fallo, mientras que l\u00edderes republicanos anunciaron que apelar\u00e1n la decisi\u00f3n. <a href=\"https:\/\/apnews.com\/article\/abortion-restrictions-arizona-voters-amendment-fe9f9fc7ccac8716a956cc74239e0a81\">Fuente<\/a><strong><\/strong><\/p>\n\n\n\n<p class=\"wp-block-paragraph\"><strong>08\/02\/2026<\/strong><\/p>\n\n\n\n<p class=\"wp-block-paragraph\"><strong>Argentina:<\/strong> Miles de personas participaron en la segunda Marcha del Orgullo Antifascista y Antirracista en Argentina para rechazar los discursos de odio y las pol\u00edticas del gobierno de Javier Milei. La movilizaci\u00f3n reuni\u00f3 a colectivos LGBTIQ+, organizaciones feministas, sindicatos, jubilados, personas con discapacidad, migrantes y otros sectores sociales bajo la consigna \u201cAc\u00e1 no sobra nadie\u201d. Durante la jornada se denunciaron la discriminaci\u00f3n, la violencia institucional, los retrocesos en derechos y las reformas impulsadas por el Ejecutivo. La marcha se replic\u00f3 en al menos 26 ciudades del pa\u00eds y reafirm\u00f3 un mensaje de unidad, resistencia y solidaridad frente al avance del fascismo y el racismo. <a href=\"https:\/\/www.tiempoar.com.ar\/ta_article\/el-antifascismo-volvio-a-tomar-las-calles-en-una-masiva-movilizacion\/\">Fuente<\/a><\/p>\n\n\n\n<p class=\"wp-block-paragraph\"><strong>11\/02\/2026<\/strong><\/p>\n\n\n\n<p class=\"wp-block-paragraph\"><strong>Italia:<\/strong> Un grupo de personas <strong>femminielli<\/strong> \u2014una identidad de g\u00e9nero no binaria de antiguas ra\u00edces en la cultura napolitana\u2014 realiz\u00f3 su peregrinaci\u00f3n anual al santuario de Montevergine, en el sur de Italia, combinando rituales cat\u00f3licos y tradiciones populares. La celebraci\u00f3n fue presentada como un espacio de fe, inclusi\u00f3n y reconocimiento de la diversidad dentro de la Iglesia. El sacerdote que presidi\u00f3 la misa destac\u00f3 la importancia de combatir la violencia y los prejuicios contra las personas LGBTQ+ y promover una Iglesia abierta a todas las personas. <a href=\"https:\/\/apnews.com\/article\/italy-catholic-pilgrimage-lgbtq-nonbinary-321bd6a4ae4522c814f7e9d40b91d729\">Fuente<\/a><\/p>\n\n\n\n<p class=\"wp-block-paragraph\"><strong>12\/02\/2026<\/strong><\/p>\n\n\n\n<p class=\"wp-block-paragraph\"><strong>Estados Unidos:<\/strong> Un juez federal suspendi\u00f3 temporalmente la decisi\u00f3n del gobierno de Donald Trump de retirar 600 millones de d\u00f3lares en subvenciones federales de salud p\u00fablica destinadas a California, Colorado, Illinois y Minnesota. Los estados hab\u00edan demandado a la administraci\u00f3n al considerar que los recortes eran una represalia pol\u00edtica y afectar\u00edan programas de vigilancia epidemiol\u00f3gica, prevenci\u00f3n del VIH y atenci\u00f3n a poblaciones vulnerables, incluidas mujeres y personas LGBTQ+. El tribunal determin\u00f3 que los fondos deb\u00edan mantenerse mientras se resuelve el litigio. La decisi\u00f3n fue celebrada por los estados demandantes, que advirtieron que los recortes pondr\u00edan en riesgo servicios esenciales de salud p\u00fablica. <a href=\"https:\/\/apnews.com\/article\/public-health-funding-cuts-trump-democrats-281f6e70d58fa0e080a2f4126878124d\">Fuente<\/a><\/p>\n\n\n\n<p class=\"wp-block-paragraph\"><strong>15\/02\/2026<\/strong><\/p>\n\n\n\n<p class=\"wp-block-paragraph\"><strong>Australia:<\/strong> Charlotte Mortlock, fundadora de Hilma&#8217;s Network, renunci\u00f3 al Partido Liberal de Australia tras la destituci\u00f3n de Sussan Ley, la primera mujer en liderar esa agrupaci\u00f3n pol\u00edtica. Mortlock afirm\u00f3 que seguir\u00e1 promoviendo el liderazgo y la participaci\u00f3n pol\u00edtica de las mujeres desde otros espacios, mientras varias militantes expresaron su preocupaci\u00f3n por un posible retroceso en la representaci\u00f3n femenina dentro del partido. <a href=\"https:\/\/www.theguardian.com\/australia-news\/2026\/feb\/15\/liberal-figure-charlotte-mortlock-quits-party-amid-feared-backlash-over-dumping-of-first-female-leader\">Fuente<\/a><\/p>\n\n\n\n<p class=\"wp-block-paragraph\"><strong>EstadoS Unidos:<\/strong> Funcionarios de Nueva York y activistas LGBTQ+ volvieron a izar la bandera del orgullo en el Monumento Nacional Stonewall despu\u00e9s de que la administraci\u00f3n Trump ordenara retirarla de ese sitio hist\u00f3rico. La ceremonia se realiz\u00f3 como un acto de rechazo a una medida considerada un intento de invisibilizar la historia y los derechos de la comunidad LGBTQ+. Autoridades locales defendieron el valor simb\u00f3lico de la bandera en el lugar donde naci\u00f3 el movimiento moderno por los derechos LGBTQ+. <a href=\"https:\/\/apnews.com\/article\/pride-flag-stonewall-inn-lgbtq-f6a4a93ff1cf12f7462e7fa23b4cb14e\">Fuente<\/a><\/p>\n\n\n\n<p class=\"wp-block-paragraph\"><strong>17\/02\/2026<\/strong><\/p>\n\n\n\n<p class=\"wp-block-paragraph\"><strong>Estados Unidos:<\/strong> La esquiadora estadounidense Annika Malacinski lidera una campa\u00f1a para que las mujeres puedan competir en combinada n\u00f3rdica, la \u00fanica disciplina de los Juegos Ol\u00edmpicos de Invierno que sigue excluyendo a las mujeres. A pesar de que las atletas compiten en Copas del Mundo y campeonatos mundiales, el Comit\u00e9 Ol\u00edmpico Internacional rechaz\u00f3 incorporar la prueba femenina para los Juegos de Mil\u00e1n-Cortina 2026. Malacinski sostiene que esta exclusi\u00f3n contradice los avances hacia la igualdad de g\u00e9nero en el deporte ol\u00edmpico y contin\u00faa impulsando cambios para lograr la inclusi\u00f3n de la prueba femenina en futuras ediciones de los Juegos. <a href=\"https:\/\/apnews.com\/article\/nordic-combined-olympics-women-malacinski-52ee636e8648efefb97c4ef8bd6c7b75\">Fuente<\/a><\/p>\n\n\n\n<p class=\"wp-block-paragraph\"><strong>19\/02\/2026<\/strong><\/p>\n\n\n\n<p class=\"wp-block-paragraph\"><strong>Estados Unidos:<\/strong> El estado de Nevada acord\u00f3 indemnizar con 100 000 d\u00f3lares a Patience Rousseau, una mujer que fue condenada tras sufrir una p\u00e9rdida del embarazo bajo una ley de 1911 que criminaliza la interrupci\u00f3n del embarazo despu\u00e9s de las 24 semanas. Su condena fue anulada en 2021, al determinarse que no exist\u00edan pruebas de que hubiera provocado deliberadamente la p\u00e9rdida y que hab\u00eda recibido una defensa legal inadecuada. El caso ha reavivado el debate sobre la vigencia de esta legislaci\u00f3n, considerada por organizaciones de derechos reproductivos como una amenaza para los derechos de las mujeres y una barrera para acceder a atenci\u00f3n m\u00e9dica adecuada. <a href=\"https:\/\/apnews.com\/article\/nevada-laura-fitzsimmons-pregnancy-loss-pregnancy-and-childbirth-general-news-4addafc3bf93092279185b338ca893c9\">Fuente<\/a><\/p>\n\n\n\n<p class=\"wp-block-paragraph\"><strong>Inglaterra:<\/strong> El primer ministro brit\u00e1nico Keir Starmer defendi\u00f3 la Ley de Igualdad de 2010 frente a la propuesta de Reform UK de derogarla, destacando que es una herramienta fundamental para garantizar la igualdad de derechos y oportunidades entre hombres y mujeres. Advirti\u00f3 que eliminar esta legislaci\u00f3n pondr\u00eda en riesgo las protecciones contra la discriminaci\u00f3n por sexo en \u00e1mbitos como el empleo y el acceso a servicios. <a href=\"https:\/\/www.theguardian.com\/politics\/2026\/feb\/19\/reform-uk-equalities-act-shocking-and-unbritish-says-starmer\">Fuente<\/a><\/p>\n\n\n\n<p class=\"wp-block-paragraph\"><strong>20\/02\/2026<\/strong><\/p>\n\n\n\n<p class=\"wp-block-paragraph\"><strong>Estados Unidos:<\/strong> Un juez federal bloque\u00f3 temporalmente la aplicaci\u00f3n de la ley de Texas que proh\u00edbe los clubes estudiantiles LGBTQ+ en las escuelas p\u00fablicas, al considerar que podr\u00eda vulnerar derechos constitucionales. La decisi\u00f3n respondi\u00f3 a una demanda presentada por organizaciones de derechos civiles y estudiantes, quienes argumentaron que la norma discrimina a los j\u00f3venes LGBTQ+ y limita su libertad de asociaci\u00f3n. El fallo permite que estos clubes contin\u00faen funcionando mientras el litigio sigue su curso. <a href=\"https:\/\/www.nytimes.com\/2026\/02\/20\/us\/texas-ban-lgbtq-clubs.html?searchResultPosition=14\">Fuente<\/a><\/p>\n\n\n\n<p class=\"wp-block-paragraph\"><strong>22\/02\/2026<\/strong><\/p>\n\n\n\n<p class=\"wp-block-paragraph\"><strong>Argentina:<\/strong> La Red Mujeres para la Justicia interpuso una acci\u00f3n de amparo por la paridad de g\u00e9nero en la nueva integraci\u00f3n de la Corte Suprema de Justicia Santa Fe. Sostienen que \u201cno se trata de una f\u00f3rmula ret\u00f3rica, sino una exigencia constitucional-convencional concreta, operativa y exigible\u201d. La presentaci\u00f3n se da tras haber impugnado, en enero, la postulaci\u00f3n de dos varones y \u201csolo una mujer\u201d que propuso el Ejecutivo provincial para integrar el m\u00e1ximo tribunal provincial. <a href=\"https:\/\/www.pagina12.com.ar\/2026\/02\/23\/piden-paridad-en-la-corte-suprema\/\">Fuente<\/a><\/p>\n\n\n\n<p class=\"wp-block-paragraph\"><strong>24\/02\/2026<\/strong><\/p>\n\n\n\n<p class=\"wp-block-paragraph\"><strong>Brasil:<\/strong> El Tribunal Supremo de Brasil inici\u00f3 el juicio contra cinco acusados de planificar y ordenar el asesinato de la concejala y defensora de derechos humanos Marielle Franco, ocurrido en 2018. La Fiscal\u00eda sostiene que el crimen fue motivado por su oposici\u00f3n a los intereses de las milicias y a la apropiaci\u00f3n ilegal de tierras en R\u00edo de Janeiro. Marielle Franco, reconocida por su defensa de las mujeres, la poblaci\u00f3n negra, las personas LGBTIQ+ y las comunidades de las favelas, se convirti\u00f3 en un s\u00edmbolo de la lucha por los derechos humanos. <a href=\"https:\/\/www.dw.com\/es\/arranca-el-juicio-en-brasil-por-la-muerte-de-marielle-franco\/a-76106184\">Fuente<\/a><\/p>\n\n\n\n<p class=\"wp-block-paragraph\"><strong>26\/02\/2026<\/strong><\/p>\n\n\n\n<p class=\"wp-block-paragraph\"><strong>Uni\u00f3n Europea:<\/strong> La Comisi\u00f3n Europea anunci\u00f3 que los Estados miembros podr\u00e1n utilizar el Fondo Social Europeo Plus para financiar el acceso a abortos seguros y legales, especialmente para mujeres y ni\u00f1as en situaci\u00f3n de vulnerabilidad, incluso cuando deban desplazarse a otro pa\u00eds de la UE. La medida responde a la iniciativa ciudadana \u00abMy Voice, My Choice\u00bb, respaldada por m\u00e1s de un mill\u00f3n de firmas, y representa un avance en el acceso a los derechos sexuales y reproductivos. Aunque la Uni\u00f3n Europea no cre\u00f3 un nuevo fondo espec\u00edfico, confirm\u00f3 que los recursos existentes pueden destinarse a este fin, respetando que la regulaci\u00f3n del aborto sigue siendo competencia de cada Estado miembro. <a href=\"https:\/\/apnews.com\/article\/abortion-brussels-eu-f751692192313854112a78b3c5650bb1\">Fuente<\/a><\/p>\n\n\n\n<p class=\"wp-block-paragraph\"><strong>Italia:<\/strong> La te\u00f3rica feminista italiana Teresa de Lauretis falleci\u00f3 a los 87 a\u00f1os, dejando un legado fundamental en los estudios feministas, cinematogr\u00e1ficos y de teor\u00eda queer. Fue reconocida por acu\u00f1ar el t\u00e9rmino \u00abteor\u00eda queer\u00bb en 1990, aunque posteriormente cuestion\u00f3 algunas de las interpretaciones y usos que adquiri\u00f3 el concepto. Su obra transform\u00f3 el an\u00e1lisis del g\u00e9nero, la sexualidad y la representaci\u00f3n cultural, convirti\u00e9ndola en una de las intelectuales m\u00e1s influyentes del feminismo contempor\u00e1neo. <a href=\"https:\/\/www.nytimes.com\/2026\/02\/26\/books\/teresa-de-lauretis-dead.html?searchResultPosition=95\">Fuente<\/a><\/p>\n\n\n\n<h2 class=\"wp-block-heading\">Marzo<\/h2>\n\n\n\n<p class=\"wp-block-paragraph\"><strong>02\/03\/2026<\/strong><\/p>\n\n\n\n<p class=\"wp-block-paragraph\"><strong>El Salvador:<\/strong> El reportaje muestra que, tras a\u00f1os de avances que permitieron la liberaci\u00f3n de 81 mujeres encarceladas por emergencias obst\u00e9tricas, El Salvador enfrenta un nuevo retroceso en materia de derechos reproductivos. Bajo el r\u00e9gimen de excepci\u00f3n del gobierno de Nayib Bukele, han aumentado las denuncias de criminalizaci\u00f3n de mujeres que sufren abortos espont\u00e1neos o complicaciones del embarazo, as\u00ed como la vigilancia en los hospitales. Organizaciones de derechos humanos advierten que este contexto debilita el acceso a la justicia y pone en mayor riesgo los derechos de las mujeres. <a href=\"https:\/\/www.theguardian.com\/global-development\/2026\/mar\/02\/el-salvador-bukele-anti-abortion-laws-women-criminalised-obstetric-crisis-miscarriage-rights\">Fuente<\/a><\/p>\n\n\n\n<p class=\"wp-block-paragraph\"><strong>05\/03\/2026<\/strong><\/p>\n\n\n\n<p class=\"wp-block-paragraph\"><strong>Uni\u00f3n Europea: <\/strong>La Comisi\u00f3n Europea ha presentado hoy su nueva Estrategia para la Igualdad de G\u00e9nero para el per\u00edodo 2026-2030. La Estrategia integra la igualdad de g\u00e9nero en todos los aspectos de la vida, tanto en l\u00ednea como fuera de l\u00ednea, desde la educaci\u00f3n y la salud hasta el trabajo y la vida p\u00fablica, y aborda amenazas modernas como la ciberviolencia y los riesgos relacionados con la inteligencia artificial, que afectan especialmente a las mujeres. <a href=\"https:\/\/spain.representation.ec.europa.eu\/noticias-eventos\/noticias-0\/la-comision-ha-presentado-una-nueva-estrategia-para-la-igualdad-de-genero-2026-2030-por-una-europa-2026-03-05_es\">Fuente<\/a><\/p>\n\n\n\n<p class=\"wp-block-paragraph\"><strong>06\/03\/2026<\/strong><\/p>\n\n\n\n<p class=\"wp-block-paragraph\"><strong>Argentina:<\/strong> La Suprema Corte de Justicia de la provincia de Buenos Aires cre\u00f3 el Registro de Casos de G\u00e9nero (RCG) con el fin de centralizar la informaci\u00f3n de situaciones en las que se detectan desigualdades estructurales por razones de g\u00e9nero. Desde el m\u00e1ximo tribunal justificaron que su implementaci\u00f3n permitir\u00e1 obtener datos precisos para la evaluaci\u00f3n y el perfeccionamiento del abordaje de los conflictos atravesados por asimetr\u00edas en cuestiones de g\u00e9nero. <a href=\"https:\/\/www.pagina12.com.ar\/2026\/03\/06\/la-corte-bonaerense-creo-un-sistema-para-abordar-desigualdad-de-genero-en-la-justicia\/\">Fuente<\/a><\/p>\n\n\n\n<p class=\"wp-block-paragraph\"><strong>CIDH:<\/strong> La Corte Interamericana de Derechos Humanos conden\u00f3 al Estado peruano por la esterilizaci\u00f3n forzada y muerte de <strong>Celia Ramos Durand<\/strong> en 1997, ocurrida durante el programa de planificaci\u00f3n familiar del gobierno de Alberto Fujimori. El tribunal determin\u00f3 que el caso form\u00f3 parte de una pol\u00edtica estatal que afect\u00f3 de manera desproporcionada a mujeres pobres, campesinas e ind\u00edgenas. Adem\u00e1s, responsabiliz\u00f3 al Estado por la demora e ineficacia en la investigaci\u00f3n de los hechos. La sentencia ordena medidas de reparaci\u00f3n para las v\u00edctimas y acciones para prevenir la repetici\u00f3n de estas violaciones a los derechos humanos. <a href=\"https:\/\/www.dw.com\/es\/corteidh-condena-a-per%C3%BA-por-esterilizaci%C3%B3n-forzada\/a-76238542\">Fuente<\/a><\/p>\n\n\n\n<p class=\"wp-block-paragraph\"><strong>08\/03\/2026<\/strong><\/p>\n\n\n\n<p class=\"wp-block-paragraph\"><strong>Argentina:<\/strong> En el marco del D\u00eda Internacional de la Mujer Trabajadora, Movida Ciudad, el colectivo interdisciplinario La lengua en la calle y Ni Una Menos se reunieron este domingo a la tarde en Parque Centenario con una propuesta de encuentro territorializado (como hubo muchos en la jornada en todo el pa\u00eds), para politizar el tema de que muchas y muches ma\u00f1ana no pueden parar, como proponen desde las centrales sindicales. Se discuti\u00f3 deuda y cuidados en relaci\u00f3n a la reforma laboral. <a href=\"https:\/\/www.pagina12.com.ar\/2026\/03\/08\/el-movimiento-transfeminista-vuelve-a-las-calles\/\">Fuente<\/a><\/p>\n\n\n\n<p class=\"wp-block-paragraph\"><strong>Argentina:<\/strong> Un grupo de senadoras peronistas present\u00f3 un proyecto para crear en el Senado bonaerense una Comisi\u00f3n de Mujeres y Diversidades, con el objetivo de contar con un \u00e1mbito institucional espec\u00edfico dedicado a debatir y elaborar pol\u00edticas con perspectiva de g\u00e9nero. Aunque actualmente existe la Comisi\u00f3n de Igualdad Real de Oportunidades y Discapacidad, ese espacio aborda de manera parcial cuestiones vinculadas a la igualdad. Las legisladoras consideran necesario crear una comisi\u00f3n especializada que permita tratar de manera integral las problem\u00e1ticas que afectan a mujeres y diversidades. <a href=\"https:\/\/www.pagina12.com.ar\/2026\/03\/08\/senadoras-bonaerenses-impulsan-la-creacion-de-la-comision-de-mujeres-y-diversidades\/\">Fuente<\/a><\/p>\n\n\n\n<p class=\"wp-block-paragraph\"><strong>09\/03\/2026<\/strong><\/p>\n\n\n\n<p class=\"wp-block-paragraph\"><strong>Argentina:<\/strong> M\u00e1s de 400 personas recorrieron este lunes el centro de la ciudad de Salta en el marco del D\u00eda Internacional de la Mujer Trabajadora. La convocatoria fue impulsada por la Asamblea Lesbotransfeminista de Salta, que organiz\u00f3 una jornada de protesta que incluy\u00f3 una radio abierta, intervenciones p\u00fablicas y una marcha con paradas en distintos puntos del centro salte\u00f1o Los principales ejes de la jornada fueron:&nbsp;la preocupaci\u00f3n por el retroceso en derechos, la violencia machista persistente en la provincia y las cr\u00edticas al funcionamiento del Poder Judicial. <a href=\"https:\/\/www.pagina12.com.ar\/2026\/03\/10\/bajo-la-lluvia-marcha-contra-el-ajuste-la-violencia-machista-y-la-impunidad\/\">Fuente<\/a><\/p>\n\n\n\n<p class=\"wp-block-paragraph\"><strong>ONU Mujeres:<\/strong> La 70\u00aa Comisi\u00f3n de la Condici\u00f3n Jur\u00eddica y Social de la Mujer (CSW70) reuni\u00f3 a gobiernos, organismos internacionales y organizaciones de la sociedad civil para fortalecer el acceso a la justicia de todas las mujeres y ni\u00f1as. Durante la sesi\u00f3n se abordaron la eliminaci\u00f3n de leyes discriminatorias, la prevenci\u00f3n de la violencia de g\u00e9nero y el fortalecimiento de sistemas judiciales inclusivos y con perspectiva de g\u00e9nero. El encuentro concluy\u00f3 con compromisos para promover reformas legales y eliminar las barreras estructurales que limitan el ejercicio de los derechos de las mujeres y las ni\u00f1as. <a href=\"https:\/\/press.un.org\/en\/highlights\/csw70\">Fuente<\/a><\/p>\n\n\n\n<p class=\"wp-block-paragraph\"><strong>ONU Mujeres: <\/strong>Anne Hathaway, Embajadora de Buena Voluntad de ONU Mujeres, brinda el discurso en la conmemoraci\u00f3n oficial del D\u00eda Internacional de la Mujer 2026 organizada por las Naciones Unidas en la sede de la ONU en Nueva York. <a href=\"https:\/\/www.unwomen.org\/en\/news-stories\/speech\/2026\/03\/speech-un-women-goodwill-ambassador-anne-hathaway-on-international-womens-day\">Fuente<\/a><\/p>\n\n\n\n<p class=\"wp-block-paragraph\"><strong>Argentina:<\/strong> Miles de mujeres y organizaciones feministas se movilizaron en Buenos Aires y otras ciudades argentinas en el marco del 8M para rechazar las pol\u00edticas del gobierno de Javier Milei y defender los derechos de mujeres y diversidades. La marcha estuvo acompa\u00f1ada por un paro de actividades y un documento firmado por m\u00e1s de 700 organizaciones que cuestion\u00f3 las reformas laborales, previsionales, educativas y otras medidas del Ejecutivo. <a href=\"https:\/\/www.tiempoar.com.ar\/ta_article\/8m-miles-mujeres-milei\/\">Fuente<\/a><\/p>\n\n\n\n<p class=\"wp-block-paragraph\"><strong>Venezuela:<\/strong> Familiares y organizaciones de derechos humanos marcharon en Caracas para exigir la liberaci\u00f3n de las mujeres detenidas por motivos pol\u00edticos en Venezuela. Las manifestantes denunciaron las condiciones de reclusi\u00f3n, la falta de garant\u00edas judiciales y las afectaciones que enfrentan las presas y sus familias. Durante la movilizaci\u00f3n reclamaron el respeto de los derechos humanos y la liberaci\u00f3n inmediata de todas las mujeres encarceladas por razones pol\u00edticas. La protesta puso de relieve el papel de las mujeres en la defensa de la democracia y la justicia en el pa\u00eds. <a href=\"https:\/\/www.dw.com\/es\/marchan-en-caracas-por-la-libertad-de-las-presas-pol%C3%ADticas\/a-76271328\">Fuente<\/a><\/p>\n\n\n\n<p class=\"wp-block-paragraph\"><strong>10\/03\/2026<\/strong><\/p>\n\n\n\n<p class=\"wp-block-paragraph\"><strong>Chile:<\/strong> Organizaciones feministas y de derechos humanos en Chile manifestaron su preocupaci\u00f3n ante la llegada al poder de Jos\u00e9 Antonio Kast, por el riesgo de retrocesos en los derechos de las mujeres y la igualdad de g\u00e9nero. Advirtieron que sus posturas contrarias al aborto y a diversas pol\u00edticas de g\u00e9nero podr\u00edan afectar derechos sexuales y reproductivos, as\u00ed como el funcionamiento de instituciones dedicadas a la protecci\u00f3n de las mujeres. <a href=\"https:\/\/www.theguardian.com\/global-development\/2026\/mar\/10\/fears-womens-rights-chile-anti-abortion-president-jose-antonio-kast\">Fuente<\/a><\/p>\n\n\n\n<p class=\"wp-block-paragraph\"><strong>12\/03\/2026<\/strong><\/p>\n\n\n\n<p class=\"wp-block-paragraph\"><strong>Ecuador: <\/strong>La sentencia de la Corte Constitucional de Ecuador, publicada el 10 de marzo de 2026, seg\u00fan la cual no se puede denegar autom\u00e1ticamente a los menores de 18 a\u00f1os una solicitud de modificaci\u00f3n de su g\u00e9nero en los documentos de identidad, supone una importante victoria para los derechos de los j\u00f3venes trans, afirm\u00f3 hoy Human Rights Watch. La sentencia establece que la protecci\u00f3n constitucional no puede basarse en supuestos r\u00edgidos sobre la edad que ignoran las realidades vividas por los adolescentes, sus capacidades en evoluci\u00f3n y su derecho a ser escuchados. <a href=\"https:\/\/www.hrw.org\/es\/news\/2026\/03\/12\/ecuador-corte-reafirma-el-derecho-de-los-adolescentes-al-reconocimiento-de-genero\">Fuente<\/a><\/p>\n\n\n\n<p class=\"wp-block-paragraph\"><strong>13\/03\/2026<\/strong><\/p>\n\n\n\n<p class=\"wp-block-paragraph\"><strong>M\u00e9xico:<\/strong> La presidenta de M\u00e9xico, Claudia Sheinbaum, anunci\u00f3 que su Gobierno presentar\u00e1 este mes una iniciativa para mejorar y homologar en todo el pa\u00eds la investigaci\u00f3n de femicidios, con base en un modelo aplicado previamente en la capital mexicana. La iniciativa pretende establecer una metodolog\u00eda com\u00fan para mejorar la respuesta institucional y la atenci\u00f3n inmediata en estos delitos. <a href=\"https:\/\/www.pagina12.com.ar\/2026\/03\/13\/sheinbaum-anuncia-una-iniciativa-para-homologar-la-investigacion-de-femicidios-en-todo-mexico\/\">Fuente<\/a><\/p>\n\n\n\n<p class=\"wp-block-paragraph\"><strong>16\/03\/2026<\/strong><\/p>\n\n\n\n<p class=\"wp-block-paragraph\"><strong>Inglaterra:<\/strong> El Gobierno del Reino Unido cre\u00f3 la Women&#8217;s Justice Board para reducir el n\u00famero de mujeres encarceladas en Inglaterra y Gales, al reconocer que muchas cumplen condenas por delitos no violentos vinculados a pobreza, violencia dom\u00e9stica o problemas de salud mental. El organismo propone ampliar las alternativas a la prisi\u00f3n, fortalecer los servicios comunitarios y ofrecer apoyo espec\u00edfico para evitar la reincidencia. La iniciativa busca un sistema de justicia con enfoque de g\u00e9nero que reduzca el impacto del encarcelamiento sobre las mujeres y sus familias. <a href=\"https:\/\/www.theguardian.com\/society\/2026\/mar\/16\/prisons-women-justice-board-england-wales\">Fuente<\/a><\/p>\n\n\n\n<p class=\"wp-block-paragraph\"><strong>15\/03\/2026<\/strong><\/p>\n\n\n\n<p class=\"wp-block-paragraph\"><strong>Inglaterra:<\/strong> La C\u00e1mara de los Lores debati\u00f3 modificaciones al proyecto que despenaliza el aborto en Inglaterra y Gales, tras la hist\u00f3rica aprobaci\u00f3n de la reforma por la C\u00e1mara de los Comunes en 2025. Entre las propuestas figuran el indulto a las mujeres previamente procesadas por abortar y el cierre de investigaciones penales en curso por este motivo. El debate busca consolidar el aborto como un asunto de salud p\u00fablica y reforzar la protecci\u00f3n de los derechos reproductivos de las mujeres. <a href=\"https:\/\/www.theguardian.com\/world\/2026\/mar\/15\/decriminalising-abortion-england-wales-lords-amendments\">Fuente<\/a><\/p>\n\n\n\n<p class=\"wp-block-paragraph\"><strong>17\/03\/2026<\/strong><\/p>\n\n\n\n<p class=\"wp-block-paragraph\"><strong>Inglaterra\/Gales:<\/strong> M\u00e1s de 30 organizaciones especializadas en violencia contra las mujeres y ni\u00f1as advirtieron que la propuesta del Gobierno brit\u00e1nico de reducir los juicios con jurado podr\u00eda perjudicar el acceso a la justicia de las sobrevivientes de violencia sexual y dom\u00e9stica. Los colectivos sostienen que reemplazar los jurados por decisiones de jueces aumentar\u00eda el riesgo de que influyan sesgos institucionales y no resolver\u00eda el retraso de los tribunales. Adem\u00e1s, pidieron priorizar mayores inversiones en el sistema judicial para agilizar los procesos sin debilitar las garant\u00edas de las v\u00edctimas. <a href=\"https:\/\/www.theguardian.com\/law\/2026\/mar\/17\/cutting-jury-trials-risks-undermining-justice-for-abused-women-and-girls-lammy-warned\">Fuente<\/a><\/p>\n\n\n\n<p class=\"wp-block-paragraph\"><strong>18\/03\/2026<\/strong><\/p>\n\n\n\n<p class=\"wp-block-paragraph\"><strong>UNESCO:<\/strong> Grupo Helvex presenta, en alianza con la UNESCO, la serie audiovisual \u201cAgua y g\u00e9nero: voces que transforman\u201d, en la que cuatro mujeres expertas en el sector h\u00eddrico comparten su experiencia y propuestas frente a uno de los mayores desaf\u00edos de nuestro tiempo: la escasez de agua, para llamar a la acci\u00f3n en el contexto del D\u00eda Internacional de la Mujer (8 de marzo), el D\u00eda Mundial del Agua (22 de marzo) y el Mes del Agua (marzo). <a href=\"https:\/\/www.unesco.org\/es\/articles\/grupo-helvex-y-unesco-lanzan-serie-audiovisual-sobre-agua-y-genero\">Fuente<\/a><\/p>\n\n\n\n<p class=\"wp-block-paragraph\"><strong>Estados Unidos:<\/strong> Las universidades p\u00fablicas de Florida comenzaron a resistir las restricciones impuestas por el gobierno estatal sobre la ense\u00f1anza de temas de raza y g\u00e9nero, neg\u00e1ndose a eliminar cursos, programas y materiales acad\u00e9micos. Rectores y docentes argumentaron que estas medidas vulneran la libertad acad\u00e9mica y afectan la formaci\u00f3n e investigaci\u00f3n universitaria. <a href=\"https:\/\/www.theguardian.com\/us-news\/2026\/mar\/18\/florida-colleges-push-back-race-gender-restrictions\">Fuente<\/a><strong><em><\/em><\/strong><\/p>\n\n\n\n<p class=\"wp-block-paragraph\"><strong>19\/03\/2026<\/strong><\/p>\n\n\n\n<p class=\"wp-block-paragraph\"><strong>OIT:<\/strong> La OIT destac\u00f3 que el di\u00e1logo social y la negociaci\u00f3n colectiva son herramientas clave para avanzar hacia la igualdad de g\u00e9nero y la corresponsabilidad en los cuidados en Am\u00e9rica Latina. Un informe regional muestra que acuerdos entre gobiernos, empresas y trabajadores permitieron ampliar licencias, crear espacios de lactancia y promover modalidades laborales m\u00e1s flexibles. La OIT se\u00f1al\u00f3 que la distribuci\u00f3n desigual de las tareas de cuidado contin\u00faa limitando la participaci\u00f3n laboral de las mujeres, por lo que resulta fundamental reconocer el cuidado como un derecho, un trabajo y un bien p\u00fablico. Estas medidas contribuyen a construir empleos m\u00e1s inclusivos y sociedades con mayor justicia social. <a href=\"https:\/\/www.ilo.org\/es\/resource\/noticias\/dialogo-social-impulsa-la-igualdad-de-genero-la-ampliacion-de-derechos-y-la\">Fuente<\/a><\/p>\n\n\n\n<p class=\"wp-block-paragraph\"><strong>InternacionaL:<\/strong> Un informe de la Organizaci\u00f3n Internacional del Trabajo (OIT) advierte que la inteligencia artificial generativa afecta especialmente a las mujeres, debido a su mayor presencia en ocupaciones con riesgo de automatizaci\u00f3n, su menor participaci\u00f3n en \u00e1reas tecnol\u00f3gicas y la persistencia de sesgos de g\u00e9nero en los sistemas de IA. El organismo destaca la necesidad de impulsar pol\u00edticas que promuevan una transici\u00f3n tecnol\u00f3gica con perspectiva de g\u00e9nero e igualdad de oportunidades. <a href=\"https:\/\/www.nodal.am\/2026\/03\/ia-generativa-un-juego-para-la-guerra-y-riesgos-laborales-para-las-mujeres-por-eduardo-camin\/\">Fuente<\/a><\/p>\n\n\n\n<p class=\"wp-block-paragraph\"><strong>Reino Unido:<\/strong> La C\u00e1mara de los Lores del Reino Unido respald\u00f3 una iniciativa para despenalizar el aborto en Inglaterra y Gales, eliminando la posibilidad de investigaciones penales contra mujeres que interrumpan sus embarazos. La medida gener\u00f3 un debate pol\u00edtico y social entre sectores que defienden mayores restricciones y organizaciones que sostienen que la criminalizaci\u00f3n vulnera los derechos reproductivos y la autonom\u00eda corporal de las mujeres. <a href=\"https:\/\/www.bbc.com\/news\/articles\/cp323zpxp11o\">Fuente<\/a><\/p>\n\n\n\n<p class=\"wp-block-paragraph\"><strong>Am\u00e9rica Latina, EEUU, Europa:<\/strong> La red del financiero Jeffrey Epstein habr\u00eda utilizado agencias de modelaje para captar adolescentes y j\u00f3venes latinoamericanas con falsas promesas laborales y trasladarlas al extranjero para su explotaci\u00f3n sexual. Los testimonios de sobrevivientes y la documentaci\u00f3n judicial exponen un sistema transnacional de reclutamiento que oper\u00f3 entre Am\u00e9rica Latina, Estados Unidos y Europa, mientras las autoridades brasile\u00f1as investigan posibles redes de trata de personas vinculadas al caso. La investigaci\u00f3n pone de relieve la vulnerabilidad de las j\u00f3venes frente a la explotaci\u00f3n y la necesidad de fortalecer la cooperaci\u00f3n internacional para combatir la violencia de g\u00e9nero y la trata de personas. <a href=\"https:\/\/www.bbc.com\/mundo\/articles\/cp320d2v55zo\">Fuente<\/a><\/p>\n\n\n\n<p class=\"wp-block-paragraph\"><strong>20\/03\/2026<\/strong><\/p>\n\n\n\n<p class=\"wp-block-paragraph\"><strong>Chile:<\/strong> Durante la sesi\u00f3n de la Comisi\u00f3n de la Condici\u00f3n Jur\u00eddica y Social de la Mujer (CSW) de la ONU, el Gobierno de Chile se aline\u00f3 con Estados Unidos al apoyar una propuesta que buscaba restringir la definici\u00f3n institucional del t\u00e9rmino \u00abg\u00e9nero\u00bb exclusivamente a hombres y mujeres en funci\u00f3n del sexo biol\u00f3gico. La iniciativa fue cuestionada por Brasil y B\u00e9lgica, que impulsaron una moci\u00f3n para impedir su votaci\u00f3n al considerar que pretend\u00eda reinterpretar los consensos establecidos en la Conferencia de Beijing de 1995 sin el debido debate. Finalmente, la mayor\u00eda de los pa\u00edses respald\u00f3 la moci\u00f3n, por lo que la propuesta fue retirada de la agenda. Desde una perspectiva de g\u00e9nero, este hecho evidencia la disputa internacional en torno al alcance del concepto de g\u00e9nero y sus implicancias para las pol\u00edticas de igualdad, la prevenci\u00f3n de las violencias por motivos de g\u00e9nero y la protecci\u00f3n de los derechos de las mujeres y de las personas LGBTIQ+, ya que limitar su definici\u00f3n al sexo biol\u00f3gico podr\u00eda restringir el reconocimiento de las desigualdades y discriminaciones construidas socialmente. <a href=\"https:\/\/www.nodal.am\/2026\/03\/chile-el-gobierno-se-alinea-a-eeuu-durante-votacion-en-la-onu-sobre-resolucion-que-busca-restringir-la-definicion-institucional-del-concepto-de-genero\/\">Fuente<\/a><\/p>\n\n\n\n<p class=\"wp-block-paragraph\"><strong>Colombia: <\/strong>En el marco del Foro CELAC-\u00c1frica, realizado en Bogot\u00e1 (Colombia), mujeres africanas, afrodescendientes e ind\u00edgenas de 30 pa\u00edses constituyeron la Alianza Estrat\u00e9gica de Mujeres Africanas, Afrodescendientes e Ind\u00edgenas, una plataforma de cooperaci\u00f3n orientada a fortalecer el liderazgo pol\u00edtico, la justicia racial, la autonom\u00eda econ\u00f3mica y la participaci\u00f3n de las mujeres en la toma de decisiones. La iniciativa promueve una agenda de igualdad, derechos humanos y desarrollo sostenible, reafirmando el compromiso con la construcci\u00f3n de sociedades m\u00e1s inclusivas y con perspectiva de g\u00e9nero. <a href=\"https:\/\/www.nodal.am\/2026\/03\/foro-celac-africa-impulsa-alianza-de-mujeres-africanas-afrodescendientes-e-indigenas\/\">Fuente<\/a><\/p>\n\n\n\n<p class=\"wp-block-paragraph\"><strong>22\/03\/2026<\/strong><\/p>\n\n\n\n<p class=\"wp-block-paragraph\"><strong>ONU:<\/strong> En el marco del D\u00eda Internacional de la Mujer, la UNESCO reconoci\u00f3 a dos argentinas por sus destacadas contribuciones a la educaci\u00f3n y la ciencia, visibilizando el papel de las mujeres en \u00e1mbitos hist\u00f3ricamente marcados por desigualdades de g\u00e9nero. Las trayectorias de Gloria Cisneros, docente rural en Chaco, y Mar\u00eda Teresa Dova, f\u00edsica e investigadora de la UNLP, reflejan la importancia de promover el acceso igualitario a la educaci\u00f3n, la ciencia y el liderazgo femenino, as\u00ed como el valor del reconocimiento internacional para impulsar una sociedad m\u00e1s inclusiva y equitativa. <a href=\"https:\/\/news.un.org\/es\/story\/2026\/03\/1541257\">Fuente<\/a><\/p>\n\n\n\n<p class=\"wp-block-paragraph\"><strong>CIDH: <\/strong>La CIDH inst\u00f3 a Brasil a garantizar el derecho a un parto humanizado y prevenir la violencia obst\u00e9trica, promoviendo una atenci\u00f3n basada en el respeto, la autonom\u00eda y la dignidad de las mujeres. El organismo se\u00f1al\u00f3 la importancia de proteger a las mujeres y a quienes acompa\u00f1an estos procesos, como parteras y doulas, mediante pol\u00edticas p\u00fablicas con enfoque de g\u00e9nero e interculturalidad que aseguren partos seguros y respetuosos. <a href=\"https:\/\/www.oas.org\/es\/CIDH\/jsForm\/?File=\/es\/cidh\/prensa\/comunicados\/2026\/046.asp&amp;utm_content=country-bra&amp;utm_term=class-mon\">Fuente<\/a><\/p>\n\n\n\n<p class=\"wp-block-paragraph\"><strong>24\/03\/2026<\/strong><\/p>\n\n\n\n<p class=\"wp-block-paragraph\"><strong>CEPAL:<\/strong> La CEPAL, junto con ONU Mujeres, la Secretar\u00eda de las Mujeres de M\u00e9xico y el Instituto Nacional de Estad\u00edstica y Geograf\u00eda (INEGI), present\u00f3 un informe sobre indicadores de g\u00e9nero en M\u00e9xico orientado a fortalecer el seguimiento de la Agenda 2030 y acelerar los avances hacia la igualdad sustantiva. El documento re\u00fane datos e indicadores que permiten visibilizar las desigualdades que afectan a las mujeres, identificar brechas persistentes y orientar la elaboraci\u00f3n de pol\u00edticas p\u00fablicas basadas en evidencia. La CEPAL destac\u00f3 la importancia de contar con estad\u00edsticas con enfoque de g\u00e9nero, territorial e interseccional para transformar los datos en herramientas de decisi\u00f3n pol\u00edtica y avanzar hacia una sociedad del cuidado. Asimismo, se resalt\u00f3 la necesidad de fortalecer los sistemas de informaci\u00f3n para monitorear los compromisos regionales, prevenir desigualdades y dise\u00f1ar estrategias integrales que promuevan los derechos, la autonom\u00eda y la participaci\u00f3n plena de las mujeres en todos los \u00e1mbitos de la sociedad. <a href=\"https:\/\/www.cepal.org\/es\/notas\/presentan-informe-indicadores-genero-mexico-acelerar-cumplimiento-la-agenda-2030\">Fuente<\/a><\/p>\n\n\n\n<p class=\"wp-block-paragraph\"><strong>CEPAL:<\/strong> La Conferencia Regional sobre las Mujeres de Am\u00e9rica Latina y el Caribe es el principal espacio intergubernamental de las Naciones Unidas en la regi\u00f3n para promover los derechos de las mujeres y la igualdad de g\u00e9nero. Organizada por la CEPAL, con el apoyo de ONU Mujeres desde 2020, re\u00fane a gobiernos y actores regionales para analizar los avances y desaf\u00edos relacionados con la autonom\u00eda de las mujeres, debatir pol\u00edticas p\u00fablicas y fortalecer compromisos para reducir las desigualdades de g\u00e9nero. Este espacio, que se convoca peri\u00f3dicamente, permite evaluar las acciones implementadas por los pa\u00edses y generar acuerdos regionales orientados a garantizar los derechos de las mujeres, impulsar la igualdad sustantiva y avanzar hacia sociedades m\u00e1s justas e inclusivas. <a href=\"https:\/\/www.cepal.org\/es\/infografias\/que-es-la-conferencia-regional-mujeres-america-latina-caribe\">Fuente<\/a><\/p>\n\n\n\n<p class=\"wp-block-paragraph\"><strong>Argentina:<\/strong> A 50 a\u00f1os del golpe de Estado, el legado de las Madres y Abuelas de Plaza de Mayo sigue vivo en las luchas de mujeres y diversidades. La defensa de la Memoria, la Verdad y la Justicia se entrelaza hoy con la reivindicaci\u00f3n de derechos, la igualdad, el trabajo, los cuidados y una vida digna. Como expresa Elia Espen, de Madres de Plaza de Mayo L\u00ednea Fundadora, la organizaci\u00f3n y la solidaridad siguen siendo herramientas fundamentales para enfrentar el hambre, la pobreza y las desigualdades, reafirmando el compromiso colectivo con los derechos humanos y la justicia social. <a href=\"https:\/\/www.pagina12.com.ar\/2026\/03\/24\/el-mismo-plan-la-misma-lucha\/\">Fuente<\/a><\/p>\n\n\n\n<p class=\"wp-block-paragraph\"><strong>27\/03\/2026<\/strong><\/p>\n\n\n\n<p class=\"wp-block-paragraph\"><strong>EIGE:<\/strong> El EIGE y la Comisi\u00f3n Europea lanzaron una herramienta para ayudar a las empresas a reducir la brecha salarial de g\u00e9nero. Propone evaluar los trabajos con criterios objetivos y sin estereotipos, reconociendo el valor de tareas hist\u00f3ricamente poco valoradas, especialmente las vinculadas a las mujeres. Busca avanzar hacia salarios m\u00e1s justos y espacios laborales igualitarios. <a href=\"https:\/\/eige.europa.eu\/newsroom\/news\/delivering-equal-pay-new-tool-employers\">Fuente<\/a><\/p>\n\n\n\n<p class=\"wp-block-paragraph\"><strong>30\/03\/2026<\/strong><\/p>\n\n\n\n<p class=\"wp-block-paragraph\"><strong>EIGE:<\/strong> Suecia propone incorporar a hombres y ni\u00f1os como aliados en la prevenci\u00f3n de la violencia de g\u00e9nero mediante una estrategia de diez a\u00f1os que aborda las causas culturales y sociales de la desigualdad. La iniciativa plantea que la prevenci\u00f3n debe comenzar desde la infancia, promoviendo la educaci\u00f3n en igualdad, cuestionando estereotipos de g\u00e9nero y generando espacios donde los varones puedan reflexionar sobre emociones, v\u00ednculos y formas no violentas de relacionarse. El enfoque destaca que la violencia no se combate \u00fanicamente con leyes, sino tambi\u00e9n transformando pr\u00e1cticas cotidianas en escuelas, hogares, espacios laborales y comunidades. La experiencia sueca resalta la importancia de estrategias integrales y sostenidas que involucren a toda la sociedad para construir relaciones m\u00e1s igualitarias y libres de violencia. <a href=\"https:\/\/eige.europa.eu\/newsroom\/news\/how-can-we-turn-men-and-boys-violence-prevention-allies-lessons-swedens-10-year-strategy\">Fuente<\/a><\/p>\n\n\n\n<p class=\"wp-block-paragraph\"><strong>\u00c1frica:<\/strong> El aumento del acceso a internet en \u00c1frica ha provocado un crecimiento de la violencia digital de g\u00e9nero contra mujeres y ni\u00f1as, afectando su participaci\u00f3n pol\u00edtica, social y econ\u00f3mica. Frente a este escenario, organizaciones internacionales, especialistas y activistas reclaman fortalecer la cooperaci\u00f3n regional, mejorar los marcos legales y exigir mayor responsabilidad a las plataformas digitales para prevenir y combatir esta forma de violencia. <a href=\"https:\/\/www.theguardian.com\/global-development\/2026\/mar\/30\/urgent-action-needed-to-prevent-surge-in-digital-violence-in-africa-experts-say?utm_source=chatgpt.com\">Fuente<\/a><\/p>\n\n\n\n<p class=\"wp-block-paragraph\"><strong>31\/03\/2026<\/strong><\/p>\n\n\n\n<p class=\"wp-block-paragraph\"><strong>CIDH:<\/strong> La Comisi\u00f3n Interamericana de Derechos Humanos (CIDH) llam\u00f3 a los Estados de la regi\u00f3n a garantizar el derecho de las personas trans, no binarias y de g\u00e9nero diverso a defender derechos humanos sin discriminaci\u00f3n ni violencia. En el marco del D\u00eda Internacional de la Visibilidad Trans, la CIDH destac\u00f3 los avances logrados en Am\u00e9rica Latina y el Caribe en materia de reconocimiento de derechos, como leyes de identidad de g\u00e9nero, pol\u00edticas de inclusi\u00f3n y medidas contra la violencia transf\u00f3bica, pero advirti\u00f3 que a\u00fan persisten graves riesgos para quienes defienden estos derechos. <a href=\"https:\/\/www.oas.org\/es\/CIDH\/jsForm\/?File=\/es\/cidh\/prensa\/comunicados\/2026\/053.asp&amp;utm_term=class-ef\">Fuente<\/a><\/p>\n\n\n\n<h2 class=\"wp-block-heading\">Abril<\/h2>\n\n\n\n<p class=\"wp-block-paragraph\"><strong>01\/04\/2026<\/strong><\/p>\n\n\n\n<p class=\"wp-block-paragraph\"><strong>ONU: <\/strong>La actualidad internacional pone de relieve los desaf\u00edos que enfrentan los derechos humanos en distintos contextos de conflicto y crisis. La ONU expres\u00f3 su preocupaci\u00f3n por medidas que afectan los derechos de ni\u00f1os y adolescentes en El Salvador, denunci\u00f3 el aumento de la represi\u00f3n y las restricciones a la libertad de expresi\u00f3n en Oriente Medio, y alert\u00f3 sobre la situaci\u00f3n de miles de mujeres embarazadas refugiadas en Siria, quienes enfrentan graves riesgos para su salud y protecci\u00f3n. Estos escenarios evidencian la necesidad de fortalecer la cooperaci\u00f3n internacional y de incorporar una perspectiva de g\u00e9nero en las respuestas humanitarias y en la defensa de los derechos fundamentales. <a href=\"https:\/\/news.un.org\/es\/story\/2026\/04\/1541308\">Fuente<\/a><\/p>\n\n\n\n<p class=\"wp-block-paragraph\"><strong>02\/04\/2026<\/strong><\/p>\n\n\n\n<p class=\"wp-block-paragraph\"><strong>ONU: <\/strong>La decisi\u00f3n del Comit\u00e9 Ol\u00edmpico Internacional de establecer nuevos criterios para la participaci\u00f3n en las competencias femeninas reaviv\u00f3 el debate internacional sobre igualdad, inclusi\u00f3n y derechos en el deporte. Desde una perspectiva de g\u00e9nero, la medida fue respaldada por una relatora de la ONU, quien sostuvo que busca garantizar la equidad y la protecci\u00f3n de la categor\u00eda femenina, mientras que otros sectores la cuestionan por su posible impacto en los derechos de las personas trans y con diferencias en el desarrollo sexual. El caso refleja la complejidad de armonizar los principios de igualdad, no discriminaci\u00f3n y competencia justa en el \u00e1mbito internacional. <a href=\"https:\/\/news.un.org\/es\/story\/2026\/04\/1541312\">Fuente<\/a><\/p>\n\n\n\n<p class=\"wp-block-paragraph\"><strong>CEPAL:<\/strong> La CEPAL destac\u00f3 la importancia de cerrar las brechas de g\u00e9nero en el sector h\u00eddrico. A pesar de los avances, persisten barreras culturales y estructurales que limitan la presencia femenina en espacios como las plantas de tratamiento de aguas residuales, hist\u00f3ricamente considerados \u00e1mbitos masculinizados. Los testimonios de mujeres profesionales del sector muestran los desaf\u00edos que enfrentan, desde estereotipos de g\u00e9nero hasta la necesidad de conciliar el desarrollo laboral con las responsabilidades de cuidado, pero tambi\u00e9n evidencian su aporte mediante nuevas formas de liderazgo basadas en el conocimiento, la colaboraci\u00f3n y el trabajo en equipo. La CEPAL resalta que incorporar la perspectiva de g\u00e9nero en la gesti\u00f3n del agua no solo responde a un principio de igualdad, sino que constituye una estrategia fundamental para mejorar la sostenibilidad, la innovaci\u00f3n y la calidad de los servicios h\u00eddricos en Am\u00e9rica Latina y el Caribe. <a href=\"https:\/\/www.cepal.org\/es\/notas\/cerrar-la-brecha-mujeres-plantas-tratamiento-futuro-la-inclusion-sector-hidrico\">Fuente<\/a><\/p>\n\n\n\n<p class=\"wp-block-paragraph\"><strong>07\/04\/2026<\/strong><\/p>\n\n\n\n<p class=\"wp-block-paragraph\"><strong>Cuba:<\/strong> La Marcha Mundial de las Mujeres convoc\u00f3 una jornada internacional de solidaridad con Cuba en apoyo a las mujeres cubanas frente a las dificultades derivadas de la crisis econ\u00f3mica y el bloqueo. La iniciativa, realizada en el marco del aniversario del nacimiento de Vilma Esp\u00edn, promovi\u00f3 acciones de cooperaci\u00f3n y visibilizaci\u00f3n del papel de las mujeres en el sostenimiento de sus comunidades, reafirmando el compromiso del movimiento feminista internacional con la igualdad, la solidaridad y la defensa de los derechos de las mujeres. <a href=\"https:\/\/www.nodal.am\/2026\/04\/cuba-movilizacion-de-mujeres-contra-el-bloqueo-economico-comercial-y-financiero-impuesto-por-estados-unidos\/\">Fuente<\/a><\/p>\n\n\n\n<p class=\"wp-block-paragraph\"><strong>Espa\u00f1a:<\/strong> El Gobierno de Espa\u00f1a aprob\u00f3 una reforma constitucional para blindar el derecho al aborto, garantizando su acceso en condiciones de igualdad real y efectiva, y destin\u00f3 adem\u00e1s cerca de 180 millones de euros para fortalecer las pol\u00edticas de prevenci\u00f3n y atenci\u00f3n de la violencia de g\u00e9nero. La iniciativa se presenta como una respuesta al avance de sectores contrarios a los derechos reproductivos y busca alinear al pa\u00eds con est\u00e1ndares y experiencias internacionales, como las de Francia y Luxemburgo, reafirmando el compromiso de Espa\u00f1a con la protecci\u00f3n de los derechos de las mujeres y con las obligaciones internacionales en materia de igualdad y derechos humanos.<a href=\"https:\/\/www.pagina12.com.ar\/2026\/04\/07\/el-gobierno-espanol-aprueba-blindar-el-derecho-al-aborto-en-la-constitucion\/\"> Fuente<\/a><\/p>\n\n\n\n<p class=\"wp-block-paragraph\"><strong>09\/04\/2026<\/strong><\/p>\n\n\n\n<p class=\"wp-block-paragraph\"><strong>Colombia:<\/strong> La canciller Rosa Yolanda Villavicencio presenta la nueva Pol\u00edtica Exterior Feminista de Colombia, impulsada mediante un decreto que busca incorporar de forma transversal la igualdad de g\u00e9nero y los derechos de las mujeres en la pol\u00edtica exterior del pa\u00eds. La iniciativa pretende pasar de compromisos simb\u00f3licos a una pol\u00edtica p\u00fablica con recursos, institucionalidad y capacidad de acci\u00f3n, fortaleciendo el liderazgo de Colombia en la agenda internacional de igualdad. <a href=\"https:\/\/elpais.com\/america-colombia\/2026-04-09\/politica-exterior-feminista-liderazgo-participativo-para-la-agenda-global-de-la-igualdad.html?utm_source=chatgpt.com&amp;event_log=go\">Fuente<\/a><\/p>\n\n\n\n<p class=\"wp-block-paragraph\"><strong>10\/04\/2026<\/strong><\/p>\n\n\n\n<p class=\"wp-block-paragraph\"><strong>CIDH: <\/strong>La CIDH inst\u00f3 a los Estados a garantizar la igualdad de g\u00e9nero en el deporte, promoviendo el acceso, la participaci\u00f3n y el liderazgo de las mujeres en todos los niveles. El organismo se\u00f1al\u00f3 que persisten desigualdades como brechas salariales, menor visibilidad, falta de oportunidades y situaciones de violencia, vinculadas a estereotipos de g\u00e9nero. En este sentido, llam\u00f3 a implementar pol\u00edticas con enfoque de g\u00e9nero e interseccionalidad que permitan construir espacios deportivos m\u00e1s inclusivos, seguros y equitativos. <a href=\"https:\/\/www.oas.org\/es\/CIDH\/jsForm\/?File=\/es\/cidh\/prensa\/comunicados\/2026\/061.asp\">Fuente<\/a><\/p>\n\n\n\n<p class=\"wp-block-paragraph\"><strong>11\/04\/2026<\/strong><\/p>\n\n\n\n<p class=\"wp-block-paragraph\"><strong>ONU Mujeres:<\/strong> Las mujeres contin\u00faan fuertemente subrepresentadas en los espacios de poder pol\u00edtico a nivel mundial. Seg\u00fan datos de la Uni\u00f3n Interparlamentaria y ONU Mujeres, en 2026 solo 28 pa\u00edses tienen una mujer como jefa de Estado o de Gobierno, mientras que los hombres siguen ocupando la mayor\u00eda de los cargos de decisi\u00f3n. Las mujeres representan apenas el 22,4% de los puestos ministeriales y el 27,5% de las bancas parlamentarias, evidenciando un avance lento e incluso retrocesos en algunos \u00e1mbitos. El informe tambi\u00e9n advierte que la violencia, la intimidaci\u00f3n y los estereotipos de g\u00e9nero contin\u00faan siendo obst\u00e1culos significativos para una participaci\u00f3n pol\u00edtica igualitaria. <a href=\"https:\/\/www.unwomen.org\/es\/noticias\/comunicado-de-prensa\/2026\/03\/las-mujeres-presiden-solo-uno-de-cada-siete-paises-y-los-hombres-siguen-dominando-el-poder-politico-mundial\">Fuente<\/a><\/p>\n\n\n\n<p class=\"wp-block-paragraph\"><strong>CEPAL:<\/strong> La CEPAL y los pa\u00edses de Am\u00e9rica Latina y el Caribe reflexionaron sobre la importancia de incorporar la perspectiva de g\u00e9nero en la pol\u00edtica fiscal como una herramienta fundamental para reducir desigualdades y avanzar hacia un desarrollo m\u00e1s justo y sostenible. En una reuni\u00f3n t\u00e9cnica regional, se analizaron experiencias nacionales y los avances del documento \u201cLineamientos para la transversalizaci\u00f3n de la perspectiva de g\u00e9nero en la pol\u00edtica fiscal en Am\u00e9rica Latina y el Caribe\u201d, destacando que las pol\u00edticas fiscales no son neutrales frente a las brechas de g\u00e9nero, ya que las decisiones sobre recaudaci\u00f3n, presupuesto e inversi\u00f3n p\u00fablica tienen impactos diferenciados en mujeres, ni\u00f1as y adolescentes. La CEPAL resalt\u00f3 la necesidad de impulsar presupuestos con enfoque de g\u00e9nero, sistemas tributarios m\u00e1s progresivos y mecanismos de financiamiento que garanticen recursos para pol\u00edticas de igualdad y cuidados. <a href=\"https:\/\/www.cepal.org\/es\/notas\/paises-america-latina-caribe-la-cepal-reflexionan-conjuntamente-la-transversalizacion-la\">Fuente<\/a><\/p>\n\n\n\n<p class=\"wp-block-paragraph\"><strong>Argentina:<\/strong> El proyecto impulsado por la senadora Carolina Losada para endurecer las penas por presuntas \u00abfalsas denuncias\u00bb de violencia de g\u00e9nero y abuso sexual gener\u00f3 el rechazo de organizaciones como el Equipo Latinoamericano de Justicia y G\u00e9nero (ELA), que advierten que la iniciativa refuerza estereotipos sobre las mujeres, desalienta las denuncias y aumenta la desprotecci\u00f3n de ni\u00f1as, ni\u00f1os y adolescentes. Adem\u00e1s, se\u00f1alan que la propuesta podr\u00eda colocar a Argentina en tensi\u00f3n con sus compromisos internacionales en materia de derechos humanos, al contradecir los est\u00e1ndares establecidos por la CEDAW y la Convenci\u00f3n de Bel\u00e9m do Par\u00e1 para garantizar el acceso a la justicia y la protecci\u00f3n de las v\u00edctimas de violencia de g\u00e9nero. <a href=\"https:\/\/www.pagina12.com.ar\/2026\/04\/10\/el-castigo-al-delito-de-denunciar-avanza\/\">Fuente<\/a><\/p>\n\n\n\n<p class=\"wp-block-paragraph\"><strong>13\/04\/2026<\/strong><\/p>\n\n\n\n<p class=\"wp-block-paragraph\"><strong>Espa\u00f1a-Brasil:<\/strong> Dirigentas de Espa\u00f1a y Brasil, entre ellas Irene Montero, M\u00f3nica Oltra, Sira Rego y Rosangela da Silva, participaron en Valencia en un encuentro bajo el lema \u00abNo a la guerra, no a la violencia pol\u00edtica, por un mundo ecofeminista\u00bb. El evento reuni\u00f3 perspectivas de Am\u00e9rica y Europa para debatir sobre violencia pol\u00edtica contra las mujeres, paz, democracia y ecofeminismo, fortaleciendo el di\u00e1logo y la cooperaci\u00f3n internacional desde una perspectiva de g\u00e9nero. <a href=\"https:\/\/elpais.com\/espana\/2026-04-13\/irene-montero-monica-oltra-sira-rego-y-rosangela-da-silva-juntas-en-un-acto-en-valencia-organizado-por-el-pt-de-brasil.html?utm_source=chatgpt.com\">Fuente<\/a><\/p>\n\n\n\n<p class=\"wp-block-paragraph\"><strong>14\/04\/2026<\/strong><\/p>\n\n\n\n<p class=\"wp-block-paragraph\"><strong>ONU Mujeres:<\/strong> La guerra en Sud\u00e1n ha provocado una de las crisis humanitarias m\u00e1s graves para mujeres y ni\u00f1as. M\u00e1s de 17 millones requieren asistencia debido a los desplazamientos masivos, la violencia sexual utilizada como t\u00e1ctica de guerra y las dificultades para acceder a alimentos, atenci\u00f3n m\u00e9dica y refugio. A pesar de este escenario, organizaciones lideradas por mujeres contin\u00faan brindando ayuda humanitaria, protecci\u00f3n y apoyo a las comunidades afectadas, mientras ONU Mujeres reclama el cese de las hostilidades, mayor protecci\u00f3n para la poblaci\u00f3n civil y una participaci\u00f3n activa de las mujeres en los procesos de paz. <a href=\"https:\/\/www.unwomen.org\/es\/articulos\/preguntas-frecuentes\/las-mujeres-y-ninas-son-blanco-de-ataques-en-la-guerra-del-sudan\">Fuente<\/a><\/p>\n\n\n\n<p class=\"wp-block-paragraph\"><strong>15\/04\/2026<\/strong><\/p>\n\n\n\n<p class=\"wp-block-paragraph\"><strong>Internacional:<\/strong> La extenista Martina Navratilova, una de las m\u00e1ximas figuras del tenis mundial y reconocida activista por los derechos humanos y la igualdad, volvi\u00f3 a expresar p\u00fablicamente sus cr\u00edticas hacia el presidente argentino Javier Milei a trav\u00e9s de las redes sociales. El art\u00edculo destaca su trayectoria como defensora de los derechos de las mujeres y de la comunidad LGBTIQ+, as\u00ed como su compromiso con causas vinculadas a la democracia y la justicia social. Adem\u00e1s, sit\u00faa sus declaraciones en un contexto internacional al relacionarlas con su historia como emigrante de Checoslovaquia, su oposici\u00f3n a las pol\u00edticas de Donald Trump y los debates globales sobre derechos humanos, democracia y medio ambiente. <a href=\"https:\/\/www.pagina12.com.ar\/2026\/04\/14\/martina-navratilova-la-leyenda-viviente-que-fulmino-a-javier-milei\/\">Fuente<\/a><\/p>\n\n\n\n<p class=\"wp-block-paragraph\"><strong>16\/04\/2026<\/strong><\/p>\n\n\n\n<p class=\"wp-block-paragraph\"><strong>ONU:<\/strong> Expertas de la ONU reclamaron una investigaci\u00f3n exhaustiva y transparente sobre las denuncias de trata de personas y explotaci\u00f3n sexual vinculadas al caso Epstein, advirtiendo que la falta de respuestas efectivas por parte de los Estados favorece la impunidad y afecta especialmente a mujeres y ni\u00f1as. El pronunciamiento destaca la necesidad de fortalecer la cooperaci\u00f3n internacional en la lucha contra la trata, garantizar justicia para las v\u00edctimas y promover pol\u00edticas con perspectiva de g\u00e9nero que prevengan la violencia y protejan los derechos humanos. <a href=\"https:\/\/news.un.org\/es\/story\/2026\/04\/1541352\">Fuente<\/a><\/p>\n\n\n\n<p class=\"wp-block-paragraph\"><strong>CEPAL:<\/strong> La CEPAL particip\u00f3 en el encuentro \u201cEl poder de nosotras en los territorios\u201d, realizado en Ecuador, un espacio destinado a fortalecer el liderazgo pol\u00edtico de las mujeres y promover la igualdad de g\u00e9nero desde los \u00e1mbitos locales. La jornada reuni\u00f3 a autoridades territoriales, lideresas pol\u00edticas y organismos internacionales para compartir experiencias y construir redes frente a los desaf\u00edos de la desigualdad, la violencia de g\u00e9nero y las barreras que limitan la participaci\u00f3n de las mujeres en espacios de decisi\u00f3n. En este marco, la CEPAL acompa\u00f1\u00f3 el di\u00e1logo sobre mujer rural, autonom\u00eda econ\u00f3mica, seguridad y soberan\u00eda alimentaria, destacando la importancia de impulsar pol\u00edticas de desarrollo productivo con enfoque territorial, sostenible e inclusivo.<a href=\"https:\/\/www.cepal.org\/es\/notas\/cepal-participa-encuentro-autoridades-territoriales-liderazgo-politico-mujeres-ecuador\"> Fuente<\/a><\/p>\n\n\n\n<p class=\"wp-block-paragraph\"><strong>CEPAL: <\/strong>La CEPAL, a trav\u00e9s de la Red de Gobiernos Subnacionales para el Desarrollo Productivo (REDEPRO), inici\u00f3 un ciclo de webinars destinado a fortalecer la incorporaci\u00f3n del enfoque de g\u00e9nero en las pol\u00edticas de desarrollo productivo. La iniciativa busca brindar herramientas a los gobiernos territoriales para dise\u00f1ar pol\u00edticas p\u00fablicas capaces de reconocer y reducir las desigualdades que afectan a mujeres y diversidades en el \u00e1mbito econ\u00f3mico y laboral. Durante el encuentro se destac\u00f3 que las pol\u00edticas econ\u00f3micas y de empleo no son neutrales al g\u00e9nero, ya que generan impactos diferenciados seg\u00fan las condiciones sociales y laborales de cada poblaci\u00f3n.<a href=\"https:\/\/www.cepal.org\/es\/notas\/redepro-inicia-ciclo-webinars-integrar-enfoque-genero-politicas-desarrollo-productivo\"> Fuente<\/a><\/p>\n\n\n\n<p class=\"wp-block-paragraph\"><strong>17\/04\/2026<\/strong><\/p>\n\n\n\n<p class=\"wp-block-paragraph\"><strong>ONU: <\/strong>La actualidad internacional evidencia el fuerte impacto de los conflictos armados y las crisis humanitarias sobre las poblaciones m\u00e1s vulnerables. En Gaza, ONU Mujeres alerta sobre las graves consecuencias que la guerra tiene para mujeres y ni\u00f1as, mientras que el alto el fuego entre Israel y L\u00edbano representa un intento de avanzar hacia una soluci\u00f3n diplom\u00e1tica. A su vez, la situaci\u00f3n de los refugiados rohiny\u00e1 y la crisis alimentaria en Hait\u00ed reflejan la necesidad de fortalecer la cooperaci\u00f3n internacional y garantizar la protecci\u00f3n de los derechos humanos con una perspectiva de g\u00e9nero. <a href=\"https:\/\/news.un.org\/es\/story\/2026\/04\/1541355\">Fuente<\/a><\/p>\n\n\n\n<p class=\"wp-block-paragraph\"><strong>19\/04\/2026<\/strong><\/p>\n\n\n\n<p class=\"wp-block-paragraph\"><strong>Argentina: <\/strong>En Argentina se llev\u00f3 a cabo la mesa de di\u00e1logo multisectorial \u00abIA, Trabajo y G\u00e9nero: riesgos, tensiones y oportunidades para una transici\u00f3n productiva justa\u00bb, organizada por G\u00e9neras Asociaci\u00f3n Civil y CAF, con la participaci\u00f3n de representantes del Estado, universidades, sindicatos, empresas tecnol\u00f3gicas y organizaciones de la sociedad civil. El encuentro abord\u00f3 el impacto de la inteligencia artificial sobre el empleo desde una perspectiva de g\u00e9nero, destacando tanto las oportunidades para el desarrollo profesional de las mujeres como los riesgos asociados a la gesti\u00f3n algor\u00edtmica, la precarizaci\u00f3n laboral y la ampliaci\u00f3n del trabajo no remunerado. Asimismo, se enfatiz\u00f3 la necesidad de fortalecer la regulaci\u00f3n, la protecci\u00f3n de los derechos laborales, el derecho a la desconexi\u00f3n y la construcci\u00f3n de pol\u00edticas p\u00fablicas que promuevan una gobernanza tecnol\u00f3gica inclusiva, capaz de reducir las brechas de g\u00e9nero y garantizar una transici\u00f3n digital justa. <a href=\"https:\/\/www.nodal.am\/2026\/04\/nodal-estuvo-presente-en-la-mesa-de-dialogo-multisectorial-sobre-inteligencia-artificial-trabajo-y-genero-en-argentina-organizado-por-generas-y-caf\/\">Fuente<\/a><\/p>\n\n\n\n<p class=\"wp-block-paragraph\"><strong>20\/04\/2026<\/strong><\/p>\n\n\n\n<p class=\"wp-block-paragraph\"><strong>ONU:<\/strong> La elecci\u00f3n del pr\u00f3ximo Secretario o Secretaria General de la ONU representa un momento clave para el futuro del multilateralismo y la gobernanza global. El proceso refleja las din\u00e1micas de poder entre los Estados, el peso de las negociaciones internacionales y el debate sobre una representaci\u00f3n m\u00e1s equitativa, ya que por primera vez existe una fuerte expectativa de que una mujer pueda asumir el m\u00e1ximo cargo de la organizaci\u00f3n. La presencia de candidatas mujeres y de postulantes de Am\u00e9rica Latina pone en agenda la importancia de la igualdad de g\u00e9nero y de una mayor diversidad en los espacios de liderazgo internacional. <a href=\"https:\/\/news.un.org\/es\/story\/2026\/04\/1541342\">Fuente<\/a><\/p>\n\n\n\n<p class=\"wp-block-paragraph\"><strong>21\/04\/2026<\/strong><\/p>\n\n\n\n<p class=\"wp-block-paragraph\"><strong>ONU: <\/strong>La actualidad internacional refleja la importancia de fortalecer la protecci\u00f3n de los derechos humanos mediante la cooperaci\u00f3n entre los Estados y los organismos multilaterales. La ONU alert\u00f3 sobre el aumento de migrantes fallecidos o desaparecidos, la cr\u00edtica situaci\u00f3n humanitaria de quienes regresan a Sud\u00e1n y reafirm\u00f3 la obligaci\u00f3n de proteger a las ni\u00f1as frente a la explotaci\u00f3n sexual. Asimismo, el inicio del proceso para elegir al pr\u00f3ximo Secretario General de la organizaci\u00f3n pone de relieve el papel central del liderazgo internacional en la promoci\u00f3n de la paz, la igualdad y la defensa de los derechos fundamentales. <a href=\"https:\/\/news.un.org\/es\/story\/2026\/04\/1541364\">Fuente<\/a><\/p>\n\n\n\n<p class=\"wp-block-paragraph\"><strong>Venezuela:<\/strong> Diversos movimientos de mujeres y colectivos de cient\u00edficas y tecn\u00f3logas de Venezuela se movilizaron para expresar su rechazo a las expresiones de odio, racismo y violencia de g\u00e9nero dirigidas contra la presidenta encargada, Delcy Rodr\u00edguez, durante manifestaciones en Madrid. Las organizaciones denunciaron que estos ataques constituyen una forma de violencia pol\u00edtica basada en g\u00e9nero, al buscar deslegitimar el liderazgo femenino mediante discursos discriminatorios y mis\u00f3ginos, y reclamaron el respeto a la dignidad de las mujeres que ocupan espacios de decisi\u00f3n. Asimismo, reafirmaron el papel de las mujeres en la vida pol\u00edtica, cient\u00edfica y tecnol\u00f3gica del pa\u00eds, e hicieron un llamado a condenar toda forma de discriminaci\u00f3n y violencia de g\u00e9nero en el \u00e1mbito p\u00fablico, promoviendo el respeto institucional y la igualdad en la participaci\u00f3n pol\u00edtica. <a href=\"https:\/\/www.nodal.am\/2026\/04\/venezuela-diversos-movimientos-de-mujeres-se-movilizan-en-respaldo-de-la-presidenta-tras-expresiones-de-odio-racismo-y-violencia-de-genero\/\">Fuente<\/a><\/p>\n\n\n\n<p class=\"wp-block-paragraph\"><strong>22\/04\/2026<\/strong><\/p>\n\n\n\n<p class=\"wp-block-paragraph\"><strong>ONU:<\/strong> La agenda internacional pone de relieve la importancia de promover pol\u00edticas centradas en los derechos humanos y la igualdad. Organismos de la ONU impulsan estrategias para combatir la pobreza y mejorar las condiciones laborales, al tiempo que destacan avances en la protecci\u00f3n de las trabajadoras dom\u00e9sticas, un sector integrado mayoritariamente por mujeres y hist\u00f3ricamente precarizado. Adem\u00e1s, los recientes ciclones en el Pac\u00edfico evidencian la necesidad de fortalecer la cooperaci\u00f3n internacional y la preparaci\u00f3n frente a los efectos del cambio clim\u00e1tico, que afectan especialmente a las poblaciones m\u00e1s vulnerables. <a href=\"https:\/\/news.un.org\/es\/story\/2026\/04\/1541368\">Fuente<\/a><\/p>\n\n\n\n<p class=\"wp-block-paragraph\"><strong>24\/04\/2026<\/strong><\/p>\n\n\n\n<p class=\"wp-block-paragraph\"><strong>CIDH:<\/strong> La CIDH llam\u00f3 a los Estados a erradicar la violencia pol\u00edtica contra las mujeres lesbianas y garantizar su participaci\u00f3n en espacios p\u00fablicos en condiciones de igualdad. El organismo advirti\u00f3 que enfrentan barreras, amenazas, hostigamiento y discriminaci\u00f3n debido a la combinaci\u00f3n de desigualdades de g\u00e9nero y prejuicios por orientaci\u00f3n sexual. La Comisi\u00f3n inst\u00f3 a fortalecer leyes, pol\u00edticas de protecci\u00f3n y mecanismos de prevenci\u00f3n para asegurar una participaci\u00f3n pol\u00edtica libre de violencia y promover sociedades m\u00e1s democr\u00e1ticas e inclusivas. <a href=\"https:\/\/www.oas.org\/es\/CIDH\/jsForm\/?File=\/es\/cidh\/prensa\/comunicados\/2026\/071.asp&amp;utm_term=class-ef\">Fuente<\/a><\/p>\n\n\n\n<p class=\"wp-block-paragraph\"><strong>CIDH: <\/strong>La CIDH celebr\u00f3 la decisi\u00f3n de la Corte Constitucional de Ecuador que reconoce el derecho a la identidad de g\u00e9nero de adolescentes trans y permite la rectificaci\u00f3n del g\u00e9nero en documentos de identidad. El organismo destac\u00f3 que la medida respeta la autonom\u00eda progresiva, la dignidad y los derechos de las personas adolescentes, en l\u00ednea con los est\u00e1ndares internacionales de derechos humanos. Asimismo, inst\u00f3 a garantizar procedimientos accesibles y respetuosos para el reconocimiento de la identidad de g\u00e9nero, promoviendo la igualdad y la no discriminaci\u00f3n de las personas LGBTI. <a href=\"https:\/\/www.oas.org\/es\/CIDH\/jsForm\/?File=\/es\/cidh\/prensa\/comunicados\/2026\/073.asp&amp;utm_content=country-ecu\">Fuente<\/a><\/p>\n\n\n\n<p class=\"wp-block-paragraph\"><strong>Argentina:<\/strong> <em>Palabreando<\/em>, la antolog\u00eda surgida de la Primera Marat\u00f3n Internacional de Escritura Carcelaria para mujeres y disidencias sexogen\u00e9ricas, re\u00fane m\u00e1s de 50 textos de autoras de distintos pa\u00edses de Am\u00e9rica Latina y Espa\u00f1a, promoviendo la escritura como herramienta de resistencia, inclusi\u00f3n y acceso a derechos en contextos de encierro. Impulsada por la ONG Mujeres tras las Rejas, la iniciativa combina una perspectiva de g\u00e9nero al visibilizar las experiencias de mujeres y disidencias privadas de la libertad, con una dimensi\u00f3n de relaciones internacionales al fortalecer redes de cooperaci\u00f3n regional e internacional dedicadas a la defensa de los derechos humanos y la reinserci\u00f3n social. <a href=\"https:\/\/www.pagina12.com.ar\/2026\/04\/24\/palabreando-literatura-y-derechos-en-contextos-de-encierro\/\">Fuente<\/a><\/p>\n\n\n\n<p class=\"wp-block-paragraph\"><strong>27\/04\/2026<\/strong><\/p>\n\n\n\n<p class=\"wp-block-paragraph\"><strong>Malta-Europa:<\/strong> Organizaciones defensoras de los derechos reproductivos instalaron en Malta cajas con medicamentos abortivos como forma de protesta contra una de las legislaciones m\u00e1s restrictivas de Europa en materia de interrupci\u00f3n del embarazo. La iniciativa busca visibilizar las dificultades que enfrentan las mujeres para acceder a este derecho y abrir un debate sobre la autonom\u00eda corporal, la salud p\u00fablica y la igualdad de g\u00e9nero. <a href=\"https:\/\/www.theguardian.com\/world\/live\/2026\/apr\/27\/europe-ukraine-russia-poland-germany-eu-latest-news-updates?utm_source=chatgpt.com\">Fuente<\/a><\/p>\n\n\n\n<p class=\"wp-block-paragraph\"><strong>28\/04\/26<\/strong><\/p>\n\n\n\n<p class=\"wp-block-paragraph\"><strong>ONU:<\/strong> La situaci\u00f3n en Afganist\u00e1n refleja c\u00f3mo la desigualdad de g\u00e9nero tiene profundas consecuencias sociales y econ\u00f3micas. Las restricciones impuestas a la educaci\u00f3n y al empleo de las mujeres amenazan con agravar la escasez de docentes y profesionales de la salud, comprometiendo el acceso a servicios esenciales y el desarrollo del pa\u00eds. Organismos internacionales advierten que garantizar el derecho de las ni\u00f1as a la educaci\u00f3n y la participaci\u00f3n de las mujeres en el \u00e1mbito laboral no solo constituye una cuesti\u00f3n de derechos humanos, sino tambi\u00e9n un requisito fundamental para el desarrollo sostenible y la igualdad. F<a href=\"https:\/\/news.un.org\/es\/story\/2026\/04\/1541386\">uente<\/a><\/p>\n\n\n\n<p class=\"wp-block-paragraph\"><strong>CEPAL:<\/strong> La CEPAL y APC-Colombia impulsaron un espacio de di\u00e1logo regional para fortalecer las pol\u00edticas de cuidado con enfoque de g\u00e9nero, territorial e interseccional, reuniendo a representantes de distintos pa\u00edses de Am\u00e9rica Latina, organismos internacionales y gobiernos locales. El encuentro destac\u00f3 la importancia de reconocer el cuidado como un derecho, una necesidad social, un trabajo y un sector estrat\u00e9gico para el desarrollo econ\u00f3mico, promoviendo pol\u00edticas p\u00fablicas que contemplen las desigualdades de g\u00e9nero y las particularidades de cada territorio. Entre los principales desaf\u00edos identificados se encuentran ampliar la cobertura de servicios de cuidado, garantizar financiamiento sostenible, fortalecer la articulaci\u00f3n entre distintos niveles de gobierno e incorporar enfoques interculturales que respondan a las diversas realidades de las comunidades. <a href=\"https:\/\/www.cepal.org\/es\/notas\/la-cepal-apc-colombia-impulsan-dialogo-multinivel-politicas-cuidado-enfoque-genero-territorial\">Fuente<\/a><\/p>\n\n\n\n<p class=\"wp-block-paragraph\"><strong>29\/04\/2026<\/strong><\/p>\n\n\n\n<p class=\"wp-block-paragraph\"><strong>EIGE:<\/strong> La nueva Estrategia de Igualdad de G\u00e9nero 2026-2030 de la Uni\u00f3n Europea busca acelerar los avances hacia la igualdad, frente a desaf\u00edos persistentes como la violencia de g\u00e9nero, la brecha salarial y la desigual distribuci\u00f3n de los cuidados. El Instituto Europeo de la Igualdad de G\u00e9nero (EIGE) destac\u00f3 que, aunque hubo avances legislativos, la igualdad plena a\u00fan podr\u00eda demorar m\u00e1s de cincuenta a\u00f1os al ritmo actual. La estrategia establece ocho prioridades, entre ellas combatir la violencia contra las mujeres, mejorar su participaci\u00f3n laboral y pol\u00edtica, reducir las brechas econ\u00f3micas e incorporar la perspectiva de g\u00e9nero en todas las pol\u00edticas p\u00fablicas. Adem\u00e1s, resalta la importancia de contar con datos y evidencia para dise\u00f1ar medidas m\u00e1s efectivas y transformar las desigualdades estructurales.<a href=\"https:\/\/eige.europa.eu\/newsroom\/news\/europes-moment-truth-new-gender-equality-strategy\"> Fuente<\/a><\/p>\n\n\n\n<p class=\"wp-block-paragraph\"><strong>30\/04\/2026<\/strong><\/p>\n\n\n\n<p class=\"wp-block-paragraph\"><strong>ONU:<\/strong> La actualidad internacional pone de manifiesto la estrecha relaci\u00f3n entre los conflictos geopol\u00edticos y la protecci\u00f3n de los derechos humanos. Mientras la ONU insiste en la necesidad de restablecer la libre navegaci\u00f3n en el estrecho de Ormuz para evitar una crisis econ\u00f3mica y alimentaria global, organismos internacionales alertan sobre el aumento de la violencia digital contra mujeres periodistas y denuncian el uso de la violencia sexual como herramienta de guerra y desplazamiento en Palestina. <a href=\"https:\/\/news.un.org\/es\/story\/2026\/04\/1541394\">Fuente<\/a><\/p>\n\n\n\n<p class=\"wp-block-paragraph\"><strong>ONU Mujeres:<\/strong> Las denuncias por violencia digital contra mujeres periodistas se duplicaron desde 2020, seg\u00fan un informe de ONU Mujeres. El estudio advierte que casi la mitad de las periodistas se autocensura en redes sociales para evitar el acoso y que una de cada cuatro fue diagnosticada con ansiedad o depresi\u00f3n como consecuencia de estos ataques. Adem\u00e1s, alerta sobre el crecimiento de pr\u00e1cticas como la difusi\u00f3n no consentida de im\u00e1genes y los <em>deepfakes<\/em>, en un contexto donde la inteligencia artificial est\u00e1 potenciando nuevas formas de violencia en l\u00ednea y afectando la participaci\u00f3n de las mujeres en el espacio p\u00fablico. <a href=\"https:\/\/www.unwomen.org\/es\/noticias\/comunicado-de-prensa\/2026\/04\/las-denuncias-policiales-por-violencia-digital-contra-mujeres-periodistas-se-duplican-desde-2020-una-de-cada-cuatro-sufre-ansiedad-o-depresion-a-causa-de-ello\">Fuente<\/a><\/p>\n\n\n\n<h2 class=\"wp-block-heading\">Mayo<\/h2>\n\n\n\n<p class=\"wp-block-paragraph\"><strong>01\/05\/2026<\/strong><\/p>\n\n\n\n<p class=\"wp-block-paragraph\"><strong>M\u00e9xico:<\/strong> Las autoridades de Quintana Roo, M\u00e9xico, rescataron a ocho mujeres, siete mexicanas y una estadounidense, v\u00edctimas de trata con fines de explotaci\u00f3n sexual, quienes eran captadas mediante falsas ofertas laborales y obligadas a realizar servicios sexuales para saldar supuestas deudas bajo amenazas y violencia. La noticia pone de manifiesto la trata de personas como una grave forma de violencia de g\u00e9nero que afecta especialmente a mujeres en situaci\u00f3n de vulnerabilidad y evidencia el car\u00e1cter transnacional de este delito, al involucrar redes criminales que operan m\u00e1s all\u00e1 de las fronteras nacionales. <a href=\"https:\/\/elpais.com\/mexico\/2026-05-01\/las-autoridades-rescatan-a-ocho-mujeres-victimas-de-trata-en-cancun.html#\/sign-in?event=go&amp;event_log=go&amp;prod=REG&amp;o=cerreg\">Fuente<\/a><\/p>\n\n\n\n<p class=\"wp-block-paragraph\"><strong>Argentina:<\/strong> Valeria Isla, exdirectora del Programa Nacional de Salud Sexual y Reproductiva, advierte que el desmantelamiento de las pol\u00edticas de salud sexual y reproductiva ha dificultado el acceso a la interrupci\u00f3n voluntaria del embarazo, especialmente en las provincias, mientras destaca el rol de las redes feministas para garantizar estos derechos. La situaci\u00f3n refleja tanto un retroceso en materia de igualdad de g\u00e9nero como las tensiones entre las pol\u00edticas nacionales y los compromisos internacionales de Argentina en derechos humanos y derechos sexuales y reproductivos. <a href=\"https:\/\/www.pagina12.com.ar\/2026\/05\/01\/el-desmantelamiento-de-politicas-y-la-red-que-sostiene-el-derecho-al-aborto\/\">Fuente<\/a><\/p>\n\n\n\n<p class=\"wp-block-paragraph\"><strong>Chile: <\/strong>&nbsp;En el marco del Tercer Plan de Acci\u00f3n Nacional de Mujeres, Paz y Seguridad (2025\u20132030), ONU Mujeres realiz\u00f3 en Santiago la Escuela para el Fortalecimiento de Capacidades en Transformaci\u00f3n de Conflictos y Cohesi\u00f3n Social con enfoque de g\u00e9nero, con el objetivo acompa\u00f1ar y fortalecer las capacidades de mujeres lideresas comunitarias, dirigentas locales, facilitadoras y defensoras de derechos, promoviendo herramientas para la prevenci\u00f3n y gesti\u00f3n de conflictos, el di\u00e1logo y la construcci\u00f3n de paz, junto con el intercambio de experiencias y la consolidaci\u00f3n de redes de colaboraci\u00f3n. <a href=\"https:\/\/lac.unwomen.org\/es\/stories\/noticia\/2026\/05\/lideresas-fortalecen-capacidades-para-la-transformacion-de-conflictos-y-la-cohesion-social-en-ch\">Fuente<\/a><\/p>\n\n\n\n<p class=\"wp-block-paragraph\"><strong>04\/05\/2026<\/strong><\/p>\n\n\n\n<p class=\"wp-block-paragraph\"><strong>ONU:<\/strong> La agenda internacional evidencia c\u00f3mo los conflictos geopol\u00edticos, las crisis econ\u00f3micas y las emergencias humanitarias tienen un impacto desigual sobre las poblaciones. Mientras organismos internacionales impulsan el di\u00e1logo para reducir las tensiones en el estrecho de Ormuz y avanzar en la resoluci\u00f3n de la disputa territorial entre Guyana y Venezuela, la OMS coordina la respuesta ante un brote de hantavirus. Al mismo tiempo, un informe de la ONU advierte que el peso de la deuda afecta especialmente a las mujeres, profundizando las brechas de g\u00e9nero en empleo, ingresos y acceso a servicios esenciales, lo que reafirma la necesidad de incorporar una perspectiva de g\u00e9nero en las pol\u00edticas de desarrollo y cooperaci\u00f3n internacional. <a href=\"https:\/\/news.un.org\/es\/story\/2026\/05\/1541410\">Fuente<\/a><\/p>\n\n\n\n<p class=\"wp-block-paragraph\"><strong>Argentina:<\/strong> Per\u00fa extradit\u00f3 a Argentina a Tony Janzen Valverde, alias \u00abPeque\u00f1o J\u00bb, acusado de ser el autor intelectual del triple feminicidio de tres j\u00f3venes ocurrido en 2025 en la provincia de Buenos Aires. El caso evidencia la gravedad de la violencia de g\u00e9nero vinculada al crimen organizado y resalta la importancia de la cooperaci\u00f3n internacional entre ambos pa\u00edses para garantizar el juzgamiento de los responsables y el acceso a la justicia para las v\u00edctimas. <a href=\"https:\/\/elpais.com\/argentina\/2026-05-04\/extraditan-a-pequeno-j-el-narco-peruano-acusado-de-un-triple-feminicidio-en-argentina.html\">Fuente<\/a><\/p>\n\n\n\n<p class=\"wp-block-paragraph\"><strong>07\/05\/2026<\/strong><\/p>\n\n\n\n<p class=\"wp-block-paragraph\"><strong>ONU:<\/strong> La actualidad internacional refleja desaf\u00edos que requieren respuestas coordinadas y con enfoque de equidad. Mientras la OMS monitorea un brote de hantavirus y coordina acciones entre pa\u00edses para contener su propagaci\u00f3n, la FAO advierte sobre las desigualdades de g\u00e9nero en el sector pesquero, donde las mujeres sostienen gran parte del trabajo, pero contin\u00faan excluidas de los espacios de decisi\u00f3n. <a href=\"https:\/\/news.un.org\/es\/story\/2026\/05\/1541423\">Fuente<\/a><\/p>\n\n\n\n<p class=\"wp-block-paragraph\"><strong>CEPAL: <\/strong>La CEPAL destac\u00f3 el papel de la pol\u00edtica fiscal con perspectiva de g\u00e9nero como una herramienta clave para avanzar hacia la igualdad y el desarrollo sostenible en Am\u00e9rica Latina y el Caribe. La Divisi\u00f3n de Asuntos de G\u00e9nero se\u00f1al\u00f3 que las pol\u00edticas fiscales no son neutrales, ya que impactan sobre sociedades atravesadas por desigualdades estructurales, influyendo en la distribuci\u00f3n del ingreso, el acceso a servicios p\u00fablicos y las oportunidades econ\u00f3micas de mujeres y diversidades. En este sentido, se promueve la incorporaci\u00f3n transversal del enfoque de g\u00e9nero en la planificaci\u00f3n, implementaci\u00f3n y evaluaci\u00f3n de los presupuestos p\u00fablicos, as\u00ed como el fortalecimiento de la inversi\u00f3n en cuidados como estrategia para reducir brechas, generar empleo y avanzar hacia una organizaci\u00f3n social m\u00e1s justa. La CEPAL resalt\u00f3 que invertir en cuidados, impulsar sistemas tributarios progresivos y garantizar recursos para pol\u00edticas de igualdad son acciones fundamentales para construir sociedades m\u00e1s inclusivas y sostenibles. <a href=\"https:\/\/www.cepal.org\/es\/notas\/la-division-asuntos-genero-la-cepal-destaco-potencial-la-politica-fiscal-perspectiva-genero\">Fuente<\/a><\/p>\n\n\n\n<p class=\"wp-block-paragraph\"><strong>09\/05\/2026<\/strong><\/p>\n\n\n\n<p class=\"wp-block-paragraph\"><strong>ONU:<\/strong> Los conflictos internacionales contin\u00faan demostrando que sus consecuencias trascienden las fronteras. El aumento de las tensiones en Oriente Medio ha impactado en los precios mundiales de la energ\u00eda y los alimentos, mientras que la crisis humanitaria en el L\u00edbano afecta de manera particular a mujeres y ni\u00f1as, quienes enfrentan desplazamientos, mayores riesgos de violencia y dificultades para acceder a asistencia. Estos hechos evidencian la importancia de la cooperaci\u00f3n internacional y de incorporar una perspectiva de g\u00e9nero para comprender c\u00f3mo las crisis globales afectan de forma desigual a las poblaciones m\u00e1s vulnerables. <a href=\"https:\/\/news.un.org\/es\/story\/2026\/05\/1541428\">Fuente<\/a><\/p>\n\n\n\n<p class=\"wp-block-paragraph\"><strong>12\/05\/2026<\/strong><\/p>\n\n\n\n<p class=\"wp-block-paragraph\"><a><\/a><strong>Gambia: <\/strong>La Organizaci\u00f3n Equality Now durante la 87a Sesi\u00f3n Ordinaria de la Comisi\u00f3n Africana de Derechos Humanos y de los Pueblos (CADHP) celebrada en Gambia, present\u00f3 una declaraci\u00f3n ante la CADHP el 12 de mayo de 2026, en la que instaba a los Estados miembros de la Uni\u00f3n Africana (UA) a hacer m\u00e1s para abordar la violencia sexual, la mutilaci\u00f3n genital femenina (MGF), la seguridad en l\u00ednea, el acceso a la atenci\u00f3n de la salud sexual y reproductiva y los derechos matrimoniales discriminatorios. <a href=\"https:\/\/reliefweb.int\/report\/world\/equality-now-calls-african-governments-strengthen-laws-sexual-violence-fgm-and-womens-rights\">Fuente<\/a><\/p>\n\n\n\n<p class=\"wp-block-paragraph\"><strong>Cuba: <\/strong>Se llev\u00f3 a cabo la XIX edici\u00f3n de la Jornada Cubana contra la Homofobia y la Transfobia bajo el lema: \u201cEl amor es Ley\u201d. <a href=\"https:\/\/www.5septiembre.cu\/presentan-en-la-habana-xix-jornada-contra-la-homofobia-y-la-transfobia\/\">Fuente<\/a><\/p>\n\n\n\n<p class=\"wp-block-paragraph\"><strong>15\/05\/2026<\/strong><\/p>\n\n\n\n<p class=\"wp-block-paragraph\"><strong>ONU Mujeres: <\/strong>En el D\u00eda Internacional contra la Lesbofobia, Homofobia, la Bifobia y la Transfobia, bajo el tema de 2026 que es \u201cEn el coraz\u00f3n de la democracia\u201d, ONU Mujeres afirma que las democracias son m\u00e1s fuertes cuando son inclusivas, representativas y responsables, garantizando la igualdad, la dignidad, la protecci\u00f3n y la plena participaci\u00f3n de las personas LGBTIQ+ en todos los \u00e1mbitos de la vida. <a href=\"https:\/\/lac.unwomen.org\/es\/stories\/noticia\/2026\/05\/declaracion-de-onu-mujeres-con-motivo-del-dia-internacional-contra-la-lesbofobia-homofobia-bifobia-transfobia-idahobit-2026\">Fuente<\/a><\/p>\n\n\n\n<p class=\"wp-block-paragraph\"><strong>16\/05\/2026<\/strong><\/p>\n\n\n\n<p class=\"wp-block-paragraph\"><strong>ONU Mujeres: <\/strong>Declaraci\u00f3n de Bujar\u00e1 como conclusi\u00f3n del Segundo Foro Asi\u00e1tico de Mujeres. Celebrado bajo el lema \u00abInversi\u00f3n en las mujeres: fundamento del crecimiento sostenible: ampliaci\u00f3n de las oportunidades pol\u00edticas, econ\u00f3micas, sociales y ambientales para las mujeres\u201d. <a href=\"https:\/\/eca.unwomen.org\/en\/stories\/news\/2026\/05\/investing-in-women-building-the-region-what-you-need-to-know-from-the-asian-womens-forum-2026\">Fuente<\/a><\/p>\n\n\n\n<p class=\"wp-block-paragraph\"><strong>20\/05\/2026<\/strong><\/p>\n\n\n\n<p class=\"wp-block-paragraph\"><strong>Kenia:<\/strong> El Tribunal Superior de Kenia ha dictaminado que el gobierno del pa\u00eds no puede negarse a las solicitudes para modificar la indicaci\u00f3n de g\u00e9nero en los certificados de nacimiento y otros documentos de identidad. <a href=\"https:\/\/www.washingtonblade.com\/2026\/05\/26\/kenyan-high-court-issues-landmark-transgender-rights-ruling\/\">Fuente<\/a><\/p>\n\n\n\n<p class=\"wp-block-paragraph\"><strong>21\/05\/2026<\/strong><\/p>\n\n\n\n<p class=\"wp-block-paragraph\"><strong>ONU Mujeres:<\/strong> la Academia de Planes de Acci\u00f3n Nacional sobre Mujeres, Paz y Seguridad (MPS), organizada por ONU Mujeres y Our Secure Future, reuni\u00f3 a delegaciones de Colombia, Chile, M\u00e9xico y Uruguay en el Instituto Artigas del Servicio Exterior (IASE) del Ministerio de Relaciones Exteriores de Uruguay para intercambiar experiencias, fortalecer capacidades y avanzar en pol\u00edticas p\u00fablicas que promuevan una paz m\u00e1s inclusiva, sostenible y efectiva. <a href=\"https:\/\/lac.unwomen.org\/es\/stories\/noticia\/2026\/05\/america-latina-fortalece-la-agenda-de-mujeres-paz-y-seguridad-desde-montevideo\">Fuente<\/a><\/p>\n\n\n\n<p class=\"wp-block-paragraph\"><strong>22\/05\/2026<\/strong><\/p>\n\n\n\n<p class=\"wp-block-paragraph\"><strong>Nueva Zelanda: <\/strong>Se invita al p\u00fablico a presentar sus comentarios sobre el proyecto de ley de enmienda de la legislaci\u00f3n (definiciones de mujer y hombre). La fecha l\u00edmite para presentar solicitudes es el 2 de julio. El proyecto de ley enmendar\u00eda la Ley de Legislaci\u00f3n de 2019 a\u00f1adiendo una definici\u00f3n de \u00abmujer\u00bb como \u00abuna mujer biol\u00f3gica adulta\u00bb y de \u00abhombre\u00bb como \u00abun hombre biol\u00f3gico adulto\u00bb, con definiciones correspondientes para \u00abhombre\u00bb y \u00abmujer\u00bb.<\/p>\n\n\n\n<p class=\"wp-block-paragraph\">Seg\u00fan la declaraci\u00f3n de principios generales del proyecto de ley, \u00abel prop\u00f3sito de esta enmienda es garantizar la seguridad jur\u00eddica, proteger la integridad de los derechos basados \u200b\u200ben el sexo y asegurar que el lenguaje legal refleje la realidad biol\u00f3gica. Esta definici\u00f3n se aplicar\u00e1 en todos los contextos donde se utilicen los t\u00e9rminos \u201cmujer\u201d y \u201chombre\u201d, a menos que se indique expl\u00edcitamente lo contrario en una legislaci\u00f3n espec\u00edfica\u00bb. <a href=\"https:\/\/www3.parliament.nz\/en\/pb\/sc\/make-a-submission\/document\/54SCSSC_SCF_9E8E8A14-A51C-4567-AB33-08DE9053A7D1\/legislation-definitions-of-woman-and-man-amendment-bil\">Fuente<\/a><\/p>\n\n\n\n<p class=\"wp-block-paragraph\"><strong>26\/05\/2026<\/strong><\/p>\n\n\n\n<p class=\"wp-block-paragraph\"><strong>ONU Mujeres<\/strong>: La Oficina Regional para las Am\u00e9ricas y el Caribe de ONU Mujeres organiz\u00f3 el webinar \u201cMujeres Mayores en Am\u00e9rica Latina y el Caribe: experiencias desde los territorios\u201d, que reuni\u00f3 a 64 representantes de organizaciones feministas, de mujeres y de la sociedad civil de Am\u00e9rica Latina y el Caribe, con el fin de fortalecer el intercambio de experiencias y reflexiones desde los territorios, visibilizando el trabajo de organizaciones feministas, de mujeres y de la sociedad civil en la promoci\u00f3n y defensa de los derechos de las mujeres mayores desde una perspectiva interseccional y de curso de vida. <a href=\"https:\/\/lac.unwomen.org\/es\/stories\/noticia\/2026\/05\/onu-mujeres-impulsa-dialogo-regional-sobre-mujeres-mayores-y-experiencias-territoriales-en-alc\">Fuente<\/a><\/p>\n\n\n\n<p class=\"wp-block-paragraph\"><strong>29\/05\/2026<\/strong><\/p>\n\n\n\n<p class=\"wp-block-paragraph\"><strong>Ghana<\/strong>: El parlamento de Ghana aprob\u00f3 el proyecto de ley anti-LGBTQ+ , conocido como la Ley de Derechos Sexuales Humanos y Valores Familiares, con el apoyo principal de los dos partidos pol\u00edticos dominantes de Ghana , el Congreso Nacional Democr\u00e1tico (NDC) y el Nuevo Partido Patri\u00f3tico (NPP). El proyecto de ley busca promover las relaciones heterosexuales para defender y preservar la familia como unidad fundamental de la sociedad ghanesa. Ahora el proyecto depende de la aprobaci\u00f3n presidencial. <a href=\"https:\/\/www.jurist.org\/news\/2026\/06\/ghana-dispatch-parliament-passes-anti-lgbtq-bill-awaits-presidential-approval\/\">Fuente<\/a><\/p>\n\n\n\n<p class=\"wp-block-paragraph\"><strong>Eslovaquia: <\/strong>El primer ministro de la Rep\u00fablica Eslovaca rechaza los matrimonios homosexuales celebrados en el extranjero y solicita a los diputados del Consejo Nacional que aprobaran el llamado reglamento de aplicaci\u00f3n de la Constituci\u00f3n de la Rep\u00fablica Eslovaca, para dejar claro que las parejas homosexuales que se casaron en el extranjero no pueden solicitar el reconocimiento de este matrimonio en los registros eslovacos. <a href=\"https:\/\/christianitas.sk\/premier-sr-odmieta-manzelstva-homosexualov-uzavrete-v-zahranici-a-ziada-o-vykonavaci-predpis-priamo-k-ustave-sr\/\">Fuente<\/a><\/p>\n\n\n\n<h2 class=\"wp-block-heading\">Junio<\/h2>\n\n\n\n<p class=\"wp-block-paragraph\"><strong>03\/06\/2026<\/strong><\/p>\n\n\n\n<p class=\"wp-block-paragraph\"><strong>Hungr\u00eda: <\/strong>La Autoridad Nacional de Medios de Comunicaci\u00f3n (NMHH) ha registrado un nuevo canal de televisi\u00f3n lineal llamado Sz\u00edv\u00e1rv\u00e1ny TV (Rainbow TV), el primer canal LGBTQI de Hungr\u00eda, que estar\u00e1 disponible inicialmente en las redes de cable de EuroCable Magyarorsz\u00e1g Kft., as\u00ed como a trav\u00e9s del sistema de microondas MMDS (AM Mikro). <a href=\"https:\/\/24.hu\/belfold\/2026\/06\/03\/nmhh-szivarvany-tv\/\">Fuente<\/a><\/p>\n\n\n\n<p class=\"wp-block-paragraph\"><strong>09\/06\/2026<\/strong><\/p>\n\n\n\n<p class=\"wp-block-paragraph\"><strong>Panam\u00e1: <\/strong>ONU Mujeres Panam\u00e1 y la Fundaci\u00f3n FC Barcelona lanzan el proyecto \u201cTrayectos: comunidades en movimiento y deporte para la cohesi\u00f3n social en Panam\u00e1\u201d, una iniciativa que busca promover espacios seguros, inclusivos y transformadores para ni\u00f1as, ni\u00f1os y adolescentes, utilizando el deporte y la educaci\u00f3n socioemocional como herramientas para fortalecer la cohesi\u00f3n social, la igualdad de g\u00e9nero y la prevenci\u00f3n de violencia. <a href=\"https:\/\/lac.unwomen.org\/es\/stories\/noticia\/2026\/06\/igualdad-de-genero-y-cohesion-social-a-traves-del-deporte-se-lanzo-el-proyecto-trayectos-en-panama\">Fuente:<\/a><\/p>\n\n\n\n<p class=\"wp-block-paragraph\"><strong>10\/06\/2026<\/strong><\/p>\n\n\n\n<p class=\"wp-block-paragraph\"><strong>Bangkok:<\/strong> Oxfam en \u00c1frica ha retirado las directrices internas que habr\u00edan prohibido al personal mencionar los derechos LGBTQ en comunicaciones p\u00fablicas relacionadas con el trabajo. &nbsp;<a href=\"https:\/\/www.thenewhumanitarian.org\/news\/2026\/06\/10\/avoid-using-term-oxfam-africa-retracts-lgbtq-censorship-guide\">Fuente<\/a><\/p>\n\n\n\n<p class=\"wp-block-paragraph\"><strong>Portugal<\/strong>: El presidente devolvi\u00f3 al parlamento, sin promulgar, el decreto sobre las normas para el uso de banderas en edificios p\u00fablicos que hab\u00eda sido aprobado en abril por el parlamento. que ten\u00eda como objetivo prohibir el izado de banderas \u00abde car\u00e1cter ideol\u00f3gico, partidista o asociativo\u00bb en edificios p\u00fablicos.\u201d (la bandera LGBTQI+ cumplir\u00eda con estos requisitos). <a href=\"https:\/\/observador.pt\/2026\/06\/10\/pr-devolve-ao-parlamento-decreto-sobre-bandeiras-em-edificios-publicos\/\">Fuente<\/a><\/p>\n\n\n\n<p class=\"wp-block-paragraph\"><strong>12\/06\/2026<\/strong><\/p>\n\n\n\n<p class=\"wp-block-paragraph\"><strong>Haiti<\/strong>: Se inauguran las primeras casas de acogida respaldadas por el Estado para mujeres y ni\u00f1as, mientras las bandas criminales contin\u00faan utilizando la violencia sexual como arma. <a href=\"https:\/\/lac.unwomen.org\/es\/stories\/noticia\/2026\/06\/haiti-inaugura-las-primeras-casas-de-acogida-respaldadas-por-el-estado-para-mujeres-y-ninas\">Fuente<\/a><\/p>\n\n\n\n<p class=\"wp-block-paragraph\"><strong>N\u00edger: <\/strong>La junta militar de N\u00edger promulga un Nuevo c\u00f3digo penal de N\u00edger sanciona homosexualidad con entre 5 y 10 a\u00f1os de prisi\u00f3n. <a href=\"https:\/\/www.independentespanol.com\/noticias\/nuevo-codigo-penal-de-niger-sanciona-homosexualidad-con-entre-5-y-10-anos-de-prision-b2994804.html\">Fuente<\/a><\/p>\n\n\n\n<p class=\"wp-block-paragraph\"><strong>Portugal: <\/strong>El Parlamento de Portugal rechaza una propuesta de ley ciudadana, que inclu\u00eda, por ejemplo, aumentar las penas para los delitos de discriminaci\u00f3n e incitaci\u00f3n a la violencia por cuestiones de raza, religi\u00f3n, sexo, u orientaci\u00f3n sexual. <a href=\"https:\/\/www.infobae.com\/america\/agencias\/2026\/06\/12\/el-parlamento-de-portugal-rechaza-una-propuesta-de-ley-ciudadana-para-luchar-contra-los-crimenes-de-odio\/\">Fuente<\/a><\/p>\n\n\n\n<p class=\"wp-block-paragraph\"><strong>13\/06\/2026<\/strong><\/p>\n\n\n\n<p class=\"wp-block-paragraph\"><strong>Bulgaria: <\/strong>Decenas de miles de personas se unen a las marchas del Orgullo en Rumania y Bulgaria para exigir igualdad. <a href=\"https:\/\/www.washingtontimes.com\/news\/2026\/jun\/13\/tens-thousands-join-pride-marches-romania-bulgaria-call-equality\/\">Fuente<\/a><\/p>\n\n\n\n<p class=\"wp-block-paragraph\"><strong>16\/06\/2026<\/strong><\/p>\n\n\n\n<p class=\"wp-block-paragraph\"><strong>Portugal: <\/strong>La Asamblea Municipal de Lisboa aprob\u00f3 la recomendaci\u00f3n del partido livre al ayuntamiento que refuerce su compromiso de combatir la homofobia, la bifobia y la transfobia, mediante la promoci\u00f3n de pol\u00edticas p\u00fablicas inclusivas, pero rechaz\u00f3 izar la bandera y utilizar un lenguaje inclusivo en los servicios. <a href=\"https:\/\/observador.pt\/2026\/06\/16\/assembleia-municipal-de-lisboa-recomenda-a-camara-que-reforce-combate-a-homofobia-bifobia-e-transfobia\/\">Fuente<\/a><\/p>\n\n\n\n<p class=\"wp-block-paragraph\"><strong>17\/06\/2026<\/strong><\/p>\n\n\n\n<p class=\"wp-block-paragraph\"><strong>Hungr\u00eda: <\/strong>Tras el cambio de poder en Hungr\u00eda, se aprob\u00f3 el desfile del orgullo LGBTQ+, se ces\u00f3 el enjuiciamiento de sus organizadores y se abandonaron las campa\u00f1as anti-LGBTQ+. <a href=\"https:\/\/theins.ru\/news\/293645\">Fuente<\/a><\/p>\n\n\n\n<p class=\"wp-block-paragraph\"><strong>Portugal: <\/strong>El Presidente de la Rep\u00fablica calific\u00f3 hoy de inaceptable y \u00abviolaci\u00f3n de la dignidad humana\u00bb cualquier discriminaci\u00f3n, agresi\u00f3n o exclusi\u00f3n de cualquier persona basada en su identidad u orientaci\u00f3n sexual, e hizo un llamamiento a la consolidaci\u00f3n y mejora de los avances logrados en materia de igualdad. <a href=\"https:\/\/www.rtp.pt\/noticias\/pais\/pr-assinala-dia-contra-homofobia-e-diz-ser-inaceitavel-discriminar-pessoas-pela-orientacao-sexual_n1741826\">Fuente<\/a><\/p>\n\n\n\n<p class=\"wp-block-paragraph\"><strong>18\/06\/2026<\/strong><\/p>\n\n\n\n<p class=\"wp-block-paragraph\"><strong>Nepal: <\/strong>El Tribunal Supremo de Nepal dictamin\u00f3 el 18 de junio que el pa\u00eds debe extender los derechos matrimoniales plenos a las parejas del mismo sexo. <a href=\"https:\/\/www.washingtonblade.com\/2026\/06\/23\/nepalese-supreme-court-issues-landmark-marriage-equality-ruling\/\">Fuente<\/a><\/p>\n\n\n\n<p class=\"wp-block-paragraph\"><strong>19\/06\/2026<\/strong><\/p>\n\n\n\n<p class=\"wp-block-paragraph\"><strong>\u00c1frica:<\/strong> Los legisladores de m\u00e1s de una docena de pa\u00edses africanos que participaron de la Conferencia Interparlamentaria <a href=\"https:\/\/es-us.noticias.yahoo.com\/legisladores-africanos-promueven-leyes-anti-075738701.html\">Africana sobre Valores Familiares y Soberan\u00eda que tuvo lugar en Accra del 3 al 6 de junio se han comprometido a impulsar nuevos proyectos de ley que restrinjan los derechos LGBT. <\/a><a href=\"https:\/\/es-us.noticias.yahoo.com\/legisladores-africanos-promueven-leyes-anti-075738701.html\">Fuente<\/a><strong><\/strong><\/p>\n\n\n\n<p class=\"wp-block-paragraph\"><strong>23\/06\/2026<\/strong><\/p>\n\n\n\n<p class=\"wp-block-paragraph\"><strong>Ruanda: <\/strong>El Ministerio de G\u00e9nero y Promoci\u00f3n de la Familia de Ruanda (MIGEPROF), en colaboraci\u00f3n con ONU Mujeres, ha lanzado la Pol\u00edtica Nacional de G\u00e9nero Revisada (PNGR) 2021, marcando un cambio decisivo de la transversalizaci\u00f3n de g\u00e9nero a la transformaci\u00f3n de g\u00e9nero. <a href=\"https:\/\/africa.unwomen.org\/en\/digital-library\/publications\/2026\/06\/rwandas-revised-national-gender-policy-2021-from-presence-to-power-a-strategy-for-deep-transformation\">Fuente<\/a><\/p>\n\n\n\n<p class=\"wp-block-paragraph\"><strong>Ruanda: <\/strong>El Ministerio de G\u00e9nero y Promoci\u00f3n de la Familia de Ruanda (MIGEPROF), en colaboraci\u00f3n con ONU Mujeres y la iniciativa de Acci\u00f3n Financiera Afirmativa para las Mujeres en \u00c1frica (AFAWA) del Banco Africano de Desarrollo, ha lanzado una estrategia nacional para movilizar 75 millones de d\u00f3lares en financiaci\u00f3n para mujeres emprendedoras para el a\u00f1o 2029. <a href=\"https:\/\/africa.unwomen.org\/en\/digital-library\/publications\/2026\/06\/afawa-strategy-for-women-entrepreneurs-in-rwanda-mobilizing-usd-75-million-by-2029\">Fuente<\/a><\/p>\n\n\n\n<p class=\"wp-block-paragraph\"><strong>Malasia: <\/strong>El gobierno de Malasia dejar\u00e1 oficialmente de usar el t\u00e9rmino \u00abLGBT\u00bb y adoptar\u00e1 el t\u00e9rmino malayo \u00abbudaya songsang\u00bb, que se traduce como \u00abcultura desviada\u00bb Este cambio ling\u00fc\u00edstico busca suprimir el contenido queer en l\u00ednea. y evitar la normalizaci\u00f3n de dicha cultura. Todo ello se produce tras una severa represi\u00f3n contra la comunidad local. <a href=\"https:\/\/www.thepinknews.com\/2026\/06\/23\/malaysia-lgbt-term-change-deviant-culture\/\">Fuente<\/a><\/p>\n\n\n\n<p class=\"wp-block-paragraph\"><strong>25\/06\/2026<\/strong><\/p>\n\n\n\n<p class=\"wp-block-paragraph\"><strong>ONU Mujeres:<\/strong> La Secretaria General Adjunta de las Naciones Unidas y directora ejecutiva de ONU Mujeres, Sima Bahous, intervinieron en el debate abierto del Consejo de Seguridad sobre mujeres, paz y seguridad. Sede de las Naciones Unidas. <a href=\"https:\/\/lac.unwomen.org\/es\/stories\/noticia\/2026\/06\/las-mujeres-la-mayor-y-mas-confiable-fuerza-en-favor-de-la-paz\">Fuente<\/a><\/p>\n\n\n\n<p class=\"wp-block-paragraph\"><strong>AUSTRALIA:<\/strong> El Gobierno Federal Australiano rechaz\u00f3 todas las recomendaciones efectuadas por la ONU sobre los derechos de la comunidad LGBTQIA+. <a href=\"https:\/\/www.starobserver.com.au\/news\/human-rights-concerns-raised-after-australia-rejects-un-lgbtqia-recommendations\/24230\">Fuente<\/a><\/p>\n\n\n\n<p class=\"wp-block-paragraph\"><strong>26\/06\/2026<\/strong><\/p>\n\n\n\n<p class=\"wp-block-paragraph\"><strong>ONU Mujeres:<\/strong>&nbsp; En el D\u00eda Internacional de la Mujer en la Diplomacia la Canciller\u00eda peruana y ONU Mujeres reafirman compromiso con la igualdad de oportunidades y una diplomacia inclusiva. <a href=\"https:\/\/lac.unwomen.org\/es\/stories\/noticia\/2026\/06\/dia-internacional-de-la-mujer-en-la-diplomacia-cancilleria-peruana-y-onu-mujeres\">Fuente<\/a><\/p>\n\n\n\n<p class=\"wp-block-paragraph\"><strong>Francia<\/strong>: Decenas de personas protestan frente a la embajada de Senegal en Par\u00eds contra la ley aprobada por el Parlamento de ese pa\u00eds que endurece las penas contra las personas LGBTI por actos denominados \u00abcontranaturales\u00bb, imponiendo penas de prisi\u00f3n de entre cinco y diez a\u00f1os. <a href=\"https:\/\/www.abc.es\/sociedad\/decenas-personas-protestan-paris-ley-antilgbti-senegal-20260626162731-nt.html?ref=https%3A%2F%2Fwww.abc.es%2Fsociedad%2Fdecenas-personas-protestan-paris-ley-antilgbti-senegal-20260626162731-nt.html\">Fuente<\/a><\/p>\n\n\n\n<p class=\"wp-block-paragraph\"><strong>29\/06\/2026<\/strong><strong>Senegal<\/strong>: La Asamblea Nacional de Senegal ha modificado su constituci\u00f3n para definir expresamente el matrimonio como la uni\u00f3n entre \u00abun hombre y una mujer\u00bb, consolidando as\u00ed su prohibici\u00f3n del matrimonio entre personas del mismo sexo. Hasta ahora, la constituci\u00f3n no defin\u00eda expl\u00edcitamente el matrimonio como la uni\u00f3n entre un hombre y una mujer. En cambio, establec\u00eda: \u00abEl matrimonio y la familia constituyen el fundamento natural y moral de la sociedad humana y est\u00e1n bajo la protecci\u00f3n del Estado\u00bb. <a href=\"https:\/\/gaypagessa.com\/2026\/07\/15\/senegal-changes-constitution-to-define-marriage-as-between-a-man-and-a-woman\/\">Fuente<\/a><\/p>\n<\/div>\n","protected":false},"excerpt":{"rendered":"<p>Centro de Estudios en G\u00e9nero(s) y RRII (CEGRI) Cronolog\u00eda Julio 03\/07\/2025 Estados Unidos: La continuidad en la prohibici\u00f3n a la atenci\u00f3n en la reafirmaci\u00f3n de g\u00e9nero en Estados Unidos no s\u00f3lo afecta directamente a las juventudes trans, sino que impacta tambi\u00e9n en sus familias y el sistema de salud en general. Para ello Human Right [&hellip;]<\/p>\n","protected":false},"author":5,"featured_media":0,"comment_status":"closed","ping_status":"closed","sticky":false,"template":"","format":"standard","meta":{"_uag_custom_page_level_css":"","_monsterinsights_skip_tracking":false,"_monsterinsights_sitenote_active":false,"_monsterinsights_sitenote_note":"","_monsterinsights_sitenote_category":0,"ocean_post_layout":"","ocean_both_sidebars_style":"","ocean_both_sidebars_content_width":0,"ocean_both_sidebars_sidebars_width":0,"ocean_sidebar":"","ocean_second_sidebar":"","ocean_disable_margins":"enable","ocean_add_body_class":"anuario","ocean_shortcode_before_top_bar":"","ocean_shortcode_after_top_bar":"","ocean_shortcode_before_header":"","ocean_shortcode_after_header":"","ocean_has_shortcode":"","ocean_shortcode_after_title":"","ocean_shortcode_before_footer_widgets":"","ocean_shortcode_after_footer_widgets":"","ocean_shortcode_before_footer_bottom":"","ocean_shortcode_after_footer_bottom":"","ocean_display_top_bar":"default","ocean_display_header":"default","ocean_header_style":"","ocean_center_header_left_menu":"","ocean_custom_header_template":"","ocean_custom_logo":0,"ocean_custom_retina_logo":0,"ocean_custom_logo_max_width":0,"ocean_custom_logo_tablet_max_width":0,"ocean_custom_logo_mobile_max_width":0,"ocean_custom_logo_max_height":0,"ocean_custom_logo_tablet_max_height":0,"ocean_custom_logo_mobile_max_height":0,"ocean_header_custom_menu":"","ocean_menu_typo_font_family":"","ocean_menu_typo_font_subset":"","ocean_menu_typo_font_size":0,"ocean_menu_typo_font_size_tablet":0,"ocean_menu_typo_font_size_mobile":0,"ocean_menu_typo_font_size_unit":"px","ocean_menu_typo_font_weight":"","ocean_menu_typo_font_weight_tablet":"","ocean_menu_typo_font_weight_mobile":"","ocean_menu_typo_transform":"","ocean_menu_typo_transform_tablet":"","ocean_menu_typo_transform_mobile":"","ocean_menu_typo_line_height":0,"ocean_menu_typo_line_height_tablet":0,"ocean_menu_typo_line_height_mobile":0,"ocean_menu_typo_line_height_unit":"","ocean_menu_typo_spacing":0,"ocean_menu_typo_spacing_tablet":0,"ocean_menu_typo_spacing_mobile":0,"ocean_menu_typo_spacing_unit":"","ocean_menu_link_color":"","ocean_menu_link_color_hover":"","ocean_menu_link_color_active":"","ocean_menu_link_background":"","ocean_menu_link_hover_background":"","ocean_menu_link_active_background":"","ocean_menu_social_links_bg":"","ocean_menu_social_hover_links_bg":"","ocean_menu_social_links_color":"","ocean_menu_social_hover_links_color":"","ocean_disable_title":"default","ocean_disable_heading":"default","ocean_post_title":"","ocean_post_subheading":"","ocean_post_title_style":"","ocean_post_title_background_color":"","ocean_post_title_background":0,"ocean_post_title_bg_image_position":"","ocean_post_title_bg_image_attachment":"","ocean_post_title_bg_image_repeat":"","ocean_post_title_bg_image_size":"","ocean_post_title_height":0,"ocean_post_title_bg_overlay":0.5,"ocean_post_title_bg_overlay_color":"","ocean_disable_breadcrumbs":"default","ocean_breadcrumbs_color":"","ocean_breadcrumbs_separator_color":"","ocean_breadcrumbs_links_color":"","ocean_breadcrumbs_links_hover_color":"","ocean_display_footer_widgets":"default","ocean_display_footer_bottom":"default","ocean_custom_footer_template":"","ocean_post_oembed":"","ocean_post_self_hosted_media":"","ocean_post_video_embed":"","ocean_link_format":"","ocean_link_format_target":"self","ocean_quote_format":"","ocean_quote_format_link":"post","ocean_gallery_link_images":"on","ocean_gallery_id":[],"footnotes":""},"categories":[2050],"tags":[2151],"class_list":["post-47050","post","type-post","status-publish","format-standard","hentry","category-anuario2026","tag-a2026cegricrono","entry"],"uagb_featured_image_src":{"full":false,"thumbnail":false,"medium":false,"medium_large":false,"large":false,"1536x1536":false,"2048x2048":false,"ocean-thumb-m":false,"ocean-thumb-ml":false,"ocean-thumb-l":false,"sow-carousel-default":false,"sow-blog-portfolio":false,"sow-blog-grid":false,"sow-blog-alternate":false},"uagb_author_info":{"display_name":"Juana Alvarez Eiras","author_link":"https:\/\/www.iri.edu.ar\/index.php\/author\/juana-alvarez-eiras\/"},"uagb_comment_info":0,"uagb_excerpt":"Centro de Estudios en G\u00e9nero(s) y RRII (CEGRI) Cronolog\u00eda Julio 03\/07\/2025 Estados Unidos: La continuidad en la prohibici\u00f3n a la atenci\u00f3n en la reafirmaci\u00f3n de g\u00e9nero en Estados Unidos no s\u00f3lo afecta directamente a las juventudes trans, sino que impacta tambi\u00e9n en sus familias y el sistema de salud en general. Para ello Human Right&hellip;","_links":{"self":[{"href":"https:\/\/www.iri.edu.ar\/index.php\/wp-json\/wp\/v2\/posts\/47050","targetHints":{"allow":["GET"]}}],"collection":[{"href":"https:\/\/www.iri.edu.ar\/index.php\/wp-json\/wp\/v2\/posts"}],"about":[{"href":"https:\/\/www.iri.edu.ar\/index.php\/wp-json\/wp\/v2\/types\/post"}],"author":[{"embeddable":true,"href":"https:\/\/www.iri.edu.ar\/index.php\/wp-json\/wp\/v2\/users\/5"}],"replies":[{"embeddable":true,"href":"https:\/\/www.iri.edu.ar\/index.php\/wp-json\/wp\/v2\/comments?post=47050"}],"version-history":[{"count":1,"href":"https:\/\/www.iri.edu.ar\/index.php\/wp-json\/wp\/v2\/posts\/47050\/revisions"}],"predecessor-version":[{"id":47053,"href":"https:\/\/www.iri.edu.ar\/index.php\/wp-json\/wp\/v2\/posts\/47050\/revisions\/47053"}],"wp:attachment":[{"href":"https:\/\/www.iri.edu.ar\/index.php\/wp-json\/wp\/v2\/media?parent=47050"}],"wp:term":[{"taxonomy":"category","embeddable":true,"href":"https:\/\/www.iri.edu.ar\/index.php\/wp-json\/wp\/v2\/categories?post=47050"},{"taxonomy":"post_tag","embeddable":true,"href":"https:\/\/www.iri.edu.ar\/index.php\/wp-json\/wp\/v2\/tags?post=47050"}],"curies":[{"name":"wp","href":"https:\/\/api.w.org\/{rel}","templated":true}]}}