{"id":47073,"date":"2026-09-02T12:55:28","date_gmt":"2026-09-02T15:55:28","guid":{"rendered":"https:\/\/www.iri.edu.ar\/?p=47073"},"modified":"2026-09-04T13:00:15","modified_gmt":"2026-09-04T16:00:15","slug":"presencia-del-iri-en-la-consulta-unwomen","status":"publish","type":"post","link":"https:\/\/www.iri.edu.ar\/index.php\/2026\/09\/02\/presencia-del-iri-en-la-consulta-unwomen\/","title":{"rendered":"Presencia del IRI en la Consulta UNWOMEN"},"content":{"rendered":"<p><span style=\"font-weight: 400;\">El lunes 31 de agosto se llev\u00f3 a cabo la consulta popular del organismo Mujeres de la ONU (UNWOMEN) organizado por <\/span><b>Ritah Muyamboo<\/b><span style=\"font-weight: 400;\">, en la cual <\/span><b>Lunaris Vargas Tinelli<\/b><span style=\"font-weight: 400;\">, integrante del Departamento de Derechos Humanos, fue parte y se habl\u00f3 sobre diversas problem\u00e1ticas referidas al tema en agenda de este a\u00f1o: \u201cDe la promesa al progreso: voces de j\u00f3venes y adolescentes sobre igualdad de g\u00e9nero y los ODS\u201d.<\/span><\/p>\n<p><span style=\"font-weight: 400;\">En la reuni\u00f3n, que dur\u00f3 aproximadamente dos horas, tres panelistas de UNWOMEN (<\/span><b>Shappire Alexander<\/b><span style=\"font-weight: 400;\">, <\/span><b>Selene Guardabens<\/b><span style=\"font-weight: 400;\"> y <\/span><b>Nohora Quipuard<\/b><span style=\"font-weight: 400;\">) expusieron los temas a tratar en la consulta: el acceso a la salud, el acceso a la maternidad y al aborto, las pol\u00edticas p\u00fablicas de los estados, el acceso a la educaci\u00f3n y los recursos a destinar para todos estos temas con plena integraci\u00f3n de diversos colectivos.<\/span><\/p>\n<p><span style=\"font-weight: 400;\">Luego de las exposiciones, se dividieron en salas de acuerdo a los idiomas de Am\u00e9rica presentes (Ingl\u00e9s, Espa\u00f1ol y Portugu\u00e9s).<\/span><\/p>\n<p><span style=\"font-weight: 400;\">En la sala de Espa\u00f1ol se habl\u00f3 de las problem\u00e1ticas que ata\u00f1en a nuestros pa\u00edses. Se comunic\u00f3 la falta de recursos por parte del Estado, la deficiencia de las pol\u00edticas p\u00fablicas en los \u00faltimos a\u00f1os y c\u00f3mo se desarticularon varios organismos estatales. A su vez, se coment\u00f3 que la falta de acceso a condiciones dignas de empleo y de oportunidades laborales impide alcanzar los objetivos y el acceso a la salud, educaci\u00f3n y oportunidades de crecimiento.\u00a0<\/span><\/p>\n<p><span style=\"font-weight: 400;\">El tema principal de <\/span><b>Lunaris<\/b><span style=\"font-weight: 400;\"> fue el techo de cristal en los empleos, que se traduce en una falta de j\u00f3venes (entendidos entre los 18 y los 35 a\u00f1os seg\u00fan la ONU) en cargos p\u00fablicos o privados de mayor jerarqu\u00eda por la supuesta falta de experiencia, experticia o certificaciones sobre el rol a cumplir, cuando hay varios estudios que demuestran que las mujeres muchas veces est\u00e1n m\u00e1s que calificadas para determinados puestos, tomando de ejemplo el estudio\u00a0 \u201cTecho de Cristal en el Poder Judicial en la Provincia de Buenos Aires\u201d de la Cl\u00ednica Jur\u00eddica de Derechos Humanos de la Facultad de Ciencias Jur\u00eddicas y Sociales.\u00a0<\/span><\/p>\n<p><span style=\"font-weight: 400;\">Entre las preguntas resalt\u00f3 la de \u201c\u00bfQue j\u00f3venes y ni\u00f1as se quedan m\u00e1s atr\u00e1s en la igualdad de g\u00e9nero y porque?\u201d A lo que hubo un consenso sobre las diversidades, las mujeres y ni\u00f1as de pueblos originarios y aquellas mujeres y ni\u00f1as que est\u00e1n en un contexto y lugar de extrema vulnerabilidad como los asentamientos o villas.\u00a0 Tambi\u00e9n se debati\u00f3 el problema de la visi\u00f3n adultocentrista que genera desigualdades para muchos j\u00f3venes, como la falta de empleos dignos o una educaci\u00f3n eficaz o la falta de j\u00f3venes en la toma de decisiones.<\/span><\/p>\n<p><span style=\"font-weight: 400;\">Mientras que en la sala de idioma Ingl\u00e9s se habl\u00f3 principalmente de la crisis institucional en los gobiernos, la falta de financiaci\u00f3n y la influencia de mujeres y ni\u00f1as, viendo que hubo un retroceso en la protecci\u00f3n a las mujeres en todas las edades y contextos sociales.\u00a0<\/span><\/p>\n<p><span style=\"font-weight: 400;\">En la sala de Portugu\u00e9s se debati\u00f3 sobre qu\u00e9 hacer, qu\u00e9 acciones concretas ya sea de la Organizaci\u00f3n de Naciones Unidas, los Estados parte u organizaciones que se relacionan con la causa, pueden generar de aca a unos a\u00f1os para seguir protegiendo los derechos de las mujeres, y respetando el objetivo.\u00a0<\/span><\/p>\n<p><span style=\"font-weight: 400;\">La consulta servir\u00e1 como base para la 71\u00aa Sesi\u00f3n de la Comisi\u00f3n sobre la Condici\u00f3n de la Mujer (CSW71) en la cual se evaluar\u00e1 de qu\u00e9 manera la Agenda 2030 aport\u00f3 y est\u00e1 aportando para mujeres y ni\u00f1as, qu\u00e9 se debe mejorar, qu\u00e9 no cambi\u00f3 y qu\u00e9 se debe hacer diferente ahora y despu\u00e9s del 2030. Asimismo ser\u00e1 clave para la Asamblea Mundial de la Juventud convocada por la Oficina de la Juventud a celebrarse en diciembre del 2026.<\/span><\/p>\n","protected":false},"excerpt":{"rendered":"<p>Departamento de Derechos Humanos<\/p>\n","protected":false},"author":15,"featured_media":17940,"comment_status":"closed","ping_status":"closed","sticky":false,"template":"","format":"standard","meta":{"_uag_custom_page_level_css":"","_monsterinsights_skip_tracking":false,"_monsterinsights_sitenote_active":false,"_monsterinsights_sitenote_note":"","_monsterinsights_sitenote_category":0,"ocean_post_layout":"","ocean_both_sidebars_style":"","ocean_both_sidebars_content_width":0,"ocean_both_sidebars_sidebars_width":0,"ocean_sidebar":"","ocean_second_sidebar":"","ocean_disable_margins":"enable","ocean_add_body_class":"","ocean_shortcode_before_top_bar":"","ocean_shortcode_after_top_bar":"","ocean_shortcode_before_header":"","ocean_shortcode_after_header":"","ocean_has_shortcode":"","ocean_shortcode_after_title":"","ocean_shortcode_before_footer_widgets":"","ocean_shortcode_after_footer_widgets":"","ocean_shortcode_before_footer_bottom":"","ocean_shortcode_after_footer_bottom":"","ocean_display_top_bar":"default","ocean_display_header":"default","ocean_header_style":"","ocean_center_header_left_menu":"","ocean_custom_header_template":"","ocean_custom_logo":0,"ocean_custom_retina_logo":0,"ocean_custom_logo_max_width":0,"ocean_custom_logo_tablet_max_width":0,"ocean_custom_logo_mobile_max_width":0,"ocean_custom_logo_max_height":0,"ocean_custom_logo_tablet_max_height":0,"ocean_custom_logo_mobile_max_height":0,"ocean_header_custom_menu":"","ocean_menu_typo_font_family":"","ocean_menu_typo_font_subset":"","ocean_menu_typo_font_size":0,"ocean_menu_typo_font_size_tablet":0,"ocean_menu_typo_font_size_mobile":0,"ocean_menu_typo_font_size_unit":"px","ocean_menu_typo_font_weight":"","ocean_menu_typo_font_weight_tablet":"","ocean_menu_typo_font_weight_mobile":"","ocean_menu_typo_transform":"","ocean_menu_typo_transform_tablet":"","ocean_menu_typo_transform_mobile":"","ocean_menu_typo_line_height":0,"ocean_menu_typo_line_height_tablet":0,"ocean_menu_typo_line_height_mobile":0,"ocean_menu_typo_line_height_unit":"","ocean_menu_typo_spacing":0,"ocean_menu_typo_spacing_tablet":0,"ocean_menu_typo_spacing_mobile":0,"ocean_menu_typo_spacing_unit":"","ocean_menu_link_color":"","ocean_menu_link_color_hover":"","ocean_menu_link_color_active":"","ocean_menu_link_background":"","ocean_menu_link_hover_background":"","ocean_menu_link_active_background":"","ocean_menu_social_links_bg":"","ocean_menu_social_hover_links_bg":"","ocean_menu_social_links_color":"","ocean_menu_social_hover_links_color":"","ocean_disable_title":"default","ocean_disable_heading":"default","ocean_post_title":"","ocean_post_subheading":"","ocean_post_title_style":"","ocean_post_title_background_color":"","ocean_post_title_background":0,"ocean_post_title_bg_image_position":"","ocean_post_title_bg_image_attachment":"","ocean_post_title_bg_image_repeat":"","ocean_post_title_bg_image_size":"","ocean_post_title_height":0,"ocean_post_title_bg_overlay":0.5,"ocean_post_title_bg_overlay_color":"","ocean_disable_breadcrumbs":"default","ocean_breadcrumbs_color":"","ocean_breadcrumbs_separator_color":"","ocean_breadcrumbs_links_color":"","ocean_breadcrumbs_links_hover_color":"","ocean_display_footer_widgets":"default","ocean_display_footer_bottom":"default","ocean_custom_footer_template":"","ocean_post_oembed":"","ocean_post_self_hosted_media":"","ocean_post_video_embed":"","ocean_link_format":"","ocean_link_format_target":"self","ocean_quote_format":"","ocean_quote_format_link":"post","ocean_gallery_link_images":"on","ocean_gallery_id":[],"footnotes":""},"categories":[1132],"tags":[],"class_list":["post-47073","post","type-post","status-publish","format-standard","has-post-thumbnail","hentry","category-actividades","entry","has-media"],"uagb_featured_image_src":{"full":["https:\/\/www.iri.edu.ar\/wp-content\/uploads\/2021\/03\/actividades-deptos-FEAT.png",750,200,false],"thumbnail":["https:\/\/www.iri.edu.ar\/wp-content\/uploads\/2021\/03\/actividades-deptos-FEAT-150x150.png",150,150,true],"medium":["https:\/\/www.iri.edu.ar\/wp-content\/uploads\/2021\/03\/actividades-deptos-FEAT-300x80.png",300,80,true],"medium_large":["https:\/\/www.iri.edu.ar\/wp-content\/uploads\/2021\/03\/actividades-deptos-FEAT.png",750,200,false],"large":["https:\/\/www.iri.edu.ar\/wp-content\/uploads\/2021\/03\/actividades-deptos-FEAT.png",750,200,false],"1536x1536":["https:\/\/www.iri.edu.ar\/wp-content\/uploads\/2021\/03\/actividades-deptos-FEAT.png",750,200,false],"2048x2048":["https:\/\/www.iri.edu.ar\/wp-content\/uploads\/2021\/03\/actividades-deptos-FEAT.png",750,200,false],"ocean-thumb-m":["https:\/\/www.iri.edu.ar\/wp-content\/uploads\/2021\/03\/actividades-deptos-FEAT.png",600,160,false],"ocean-thumb-ml":["https:\/\/www.iri.edu.ar\/wp-content\/uploads\/2021\/03\/actividades-deptos-FEAT.png",750,200,false],"ocean-thumb-l":["https:\/\/www.iri.edu.ar\/wp-content\/uploads\/2021\/03\/actividades-deptos-FEAT.png",750,200,false],"sow-carousel-default":["https:\/\/www.iri.edu.ar\/wp-content\/uploads\/2021\/03\/actividades-deptos-FEAT-272x182.png",272,182,true],"sow-blog-portfolio":["https:\/\/www.iri.edu.ar\/wp-content\/uploads\/2021\/03\/actividades-deptos-FEAT.png",375,100,false],"sow-blog-grid":["https:\/\/www.iri.edu.ar\/wp-content\/uploads\/2021\/03\/actividades-deptos-FEAT.png",720,192,false],"sow-blog-alternate":["https:\/\/www.iri.edu.ar\/wp-content\/uploads\/2021\/03\/actividades-deptos-FEAT.png",750,200,false]},"uagb_author_info":{"display_name":"Noeli Scarpelli","author_link":"https:\/\/www.iri.edu.ar\/index.php\/author\/noeli\/"},"uagb_comment_info":0,"uagb_excerpt":"Departamento de Derechos Humanos","_links":{"self":[{"href":"https:\/\/www.iri.edu.ar\/index.php\/wp-json\/wp\/v2\/posts\/47073","targetHints":{"allow":["GET"]}}],"collection":[{"href":"https:\/\/www.iri.edu.ar\/index.php\/wp-json\/wp\/v2\/posts"}],"about":[{"href":"https:\/\/www.iri.edu.ar\/index.php\/wp-json\/wp\/v2\/types\/post"}],"author":[{"embeddable":true,"href":"https:\/\/www.iri.edu.ar\/index.php\/wp-json\/wp\/v2\/users\/15"}],"replies":[{"embeddable":true,"href":"https:\/\/www.iri.edu.ar\/index.php\/wp-json\/wp\/v2\/comments?post=47073"}],"version-history":[{"count":2,"href":"https:\/\/www.iri.edu.ar\/index.php\/wp-json\/wp\/v2\/posts\/47073\/revisions"}],"predecessor-version":[{"id":47075,"href":"https:\/\/www.iri.edu.ar\/index.php\/wp-json\/wp\/v2\/posts\/47073\/revisions\/47075"}],"wp:featuredmedia":[{"embeddable":true,"href":"https:\/\/www.iri.edu.ar\/index.php\/wp-json\/wp\/v2\/media\/17940"}],"wp:attachment":[{"href":"https:\/\/www.iri.edu.ar\/index.php\/wp-json\/wp\/v2\/media?parent=47073"}],"wp:term":[{"taxonomy":"category","embeddable":true,"href":"https:\/\/www.iri.edu.ar\/index.php\/wp-json\/wp\/v2\/categories?post=47073"},{"taxonomy":"post_tag","embeddable":true,"href":"https:\/\/www.iri.edu.ar\/index.php\/wp-json\/wp\/v2\/tags?post=47073"}],"curies":[{"name":"wp","href":"https:\/\/api.w.org\/{rel}","templated":true}]}}