{"id":47076,"date":"2026-09-04T14:16:18","date_gmt":"2026-09-04T17:16:18","guid":{"rendered":"https:\/\/www.iri.edu.ar\/?p=47076"},"modified":"2026-09-04T14:16:18","modified_gmt":"2026-09-04T17:16:18","slug":"america-latina-y-el-caribe-4","status":"publish","type":"post","link":"https:\/\/www.iri.edu.ar\/index.php\/2026\/09\/04\/america-latina-y-el-caribe-4\/","title":{"rendered":"Am\u00e9rica Latina y el Caribe"},"content":{"rendered":"\n<div class=\"wp-block-uagb-container uagb-block-59c3f77b default uagb-is-root-container\"><div class=\"wp-block-image\">\n<figure class=\"aligncenter size-full\"><a href=\"http:\/\/www.iri.edu.ar\/wp-content\/uploads\/2026\/08\/feat-anuario-2026.png\"><img fetchpriority=\"high\" decoding=\"async\" width=\"750\" height=\"200\" src=\"http:\/\/www.iri.edu.ar\/wp-content\/uploads\/2026\/08\/feat-anuario-2026.png\" alt=\"\" class=\"wp-image-46716\" srcset=\"https:\/\/www.iri.edu.ar\/wp-content\/uploads\/2026\/08\/feat-anuario-2026.png 750w, https:\/\/www.iri.edu.ar\/wp-content\/uploads\/2026\/08\/feat-anuario-2026-300x80.png 300w\" sizes=\"(max-width: 750px) 100vw, 750px\" \/><\/a><\/figure>\n<\/div>\n\n\n<div class=\"wp-block-uagb-container uagb-block-817538bc default uagb-is-root-container\">\n<h6 class=\"wp-block-heading\">Art\u00edculos<\/h6>\n\n\n\n\t\t\t<div class=\"wp-block-uagb-post-grid uagb-post-grid  uagb-post__image-position-top uagb-post__image-disabled uagb-block-53857866     uagb-post__items uagb-post__columns-2 is-grid uagb-post__columns-tablet-2 uagb-post__columns-mobile-1 uagb-post__equal-height\" data-total=\"1\" style=\"\">\n\n\t\t\t\t\t\t\t\t\t\t\t\t<article class=\"uagb-post__inner-wrap\">\t\t\t\t\t\t\t\t<h3 class=\"uagb-post__title uagb-post__text\">\n\t\t\t\t<a href=\"https:\/\/www.iri.edu.ar\/index.php\/2025\/09\/18\/bolivia-de-cara-a-una-nueva-etapa\/\" target=\"_blank\" rel=\"bookmark noopener noreferrer\">Bolivia de cara a una nueva etapa<\/a>\n\t\t\t<\/h3>\n\t\t\t\t\t\t<div class='uagb-post__text uagb-post-grid-byline'>\n\t\t\t\t\t\t\t<\/div>\n\t\t\t\t\t\t\t<div class='uagb-post__text uagb-post__excerpt'>\n\t\t\t\t\tpor Marco De Benedictis\t\t\t\t<\/div>\n\t\t\t\n\t\t\t\t\t\t\t\t\t<\/article>\n\t\t\t\t\t\t\t\t\t\t\t\t\t<div class=\"uagb-post-pagination-wrap\">\n\t\t\t\t\t\t\t\t\t\t\t<\/div>\n\t\t\t\t\t\t\t\t<\/div>\n\t\t\t\n\n\n<h6 class=\"wp-block-heading\">Opiniones<\/h6>\n\n\n\n\t\t\t<div class=\"wp-block-uagb-post-grid uagb-post-grid  uagb-post__image-position-top uagb-post__image-disabled uagb-block-5d06f62c     uagb-post__items uagb-post__columns-2 is-grid uagb-post__columns-tablet-2 uagb-post__columns-mobile-1 uagb-post__equal-height\" data-total=\"1\" style=\"\">\n\n\t\t\t\t\t\t\t\t\t\t\t\t<article class=\"uagb-post__inner-wrap\">\t\t\t\t\t\t\t\t<h3 class=\"uagb-post__title uagb-post__text\">\n\t\t\t\t<a href=\"https:\/\/www.iri.edu.ar\/index.php\/2025\/07\/08\/17-cumbre-de-los-brics-fortalecer-la-cooperacion-del-sur-global-en-un-contexto-de-incertidumbres-y-transiciones\/\" target=\"_blank\" rel=\"bookmark noopener noreferrer\">17\u00b0 Cumbre de los BRICS: fortalecer la cooperaci\u00f3n del Sur Global en un contexto de incertidumbres y transiciones<\/a>\n\t\t\t<\/h3>\n\t\t\t\t\t\t<div class='uagb-post__text uagb-post-grid-byline'>\n\t\t\t\t\t\t\t<\/div>\n\t\t\t\t\t\t\t<div class='uagb-post__text uagb-post__excerpt'>\n\t\t\t\t\tpor Sebasti\u00e1n Schulz\t\t\t\t<\/div>\n\t\t\t\n\t\t\t\t\t\t\t\t\t<\/article>\n\t\t\t\t\t\t\t\t\t\t\t\t\t\t\t\t<article class=\"uagb-post__inner-wrap\">\t\t\t\t\t\t\t\t<h3 class=\"uagb-post__title uagb-post__text\">\n\t\t\t\t<a href=\"https:\/\/www.iri.edu.ar\/index.php\/2025\/09\/16\/argentina-voto-en-contra-de-la-declaracion-de-la-agnu-en-nueva-york-sobre-la-solucion-al-conflicto-israel-palestina-bajo-la-formula-de-dos-estados\/\" target=\"_blank\" rel=\"bookmark noopener noreferrer\">Argentina vot\u00f3 en contra de la Declaraci\u00f3n de la AGNU en Nueva York sobre la soluci\u00f3n al conflicto Israel-Palestina bajo la f\u00f3rmula de dos Estados<\/a>\n\t\t\t<\/h3>\n\t\t\t\t\t\t<div class='uagb-post__text uagb-post-grid-byline'>\n\t\t\t\t\t\t\t<\/div>\n\t\t\t\t\t\t\t<div class='uagb-post__text uagb-post__excerpt'>\n\t\t\t\t\tpor Ignacio Rivas Plutman\t\t\t\t<\/div>\n\t\t\t\n\t\t\t\t\t\t\t\t\t<\/article>\n\t\t\t\t\t\t\t\t\t\t\t\t\t\t\t\t<article class=\"uagb-post__inner-wrap\">\t\t\t\t\t\t\t\t<h3 class=\"uagb-post__title uagb-post__text\">\n\t\t\t\t<a href=\"https:\/\/www.iri.edu.ar\/index.php\/2025\/08\/21\/bolivia-en-las-urnas-del-ciclo-indigena-popular-al-retorno-conservador\/\" target=\"_blank\" rel=\"bookmark noopener noreferrer\">Bolivia en las urnas: del ciclo ind\u00edgena-popular al retorno conservador<\/a>\n\t\t\t<\/h3>\n\t\t\t\t\t\t<div class='uagb-post__text uagb-post-grid-byline'>\n\t\t\t\t\t\t\t<\/div>\n\t\t\t\t\t\t\t<div class='uagb-post__text uagb-post__excerpt'>\n\t\t\t\t\tpor Alejandro G. Safarov\t\t\t\t<\/div>\n\t\t\t\n\t\t\t\t\t\t\t\t\t<\/article>\n\t\t\t\t\t\t\t\t\t\t\t\t\t\t\t\t<article class=\"uagb-post__inner-wrap\">\t\t\t\t\t\t\t\t<h3 class=\"uagb-post__title uagb-post__text\">\n\t\t\t\t<a href=\"https:\/\/www.iri.edu.ar\/index.php\/2025\/10\/23\/bolivia-en-modo-postmasismo-entre-la-espada-del-desorden-heredado-y-la-pared-de-la-validacion-internacional\/\" target=\"_blank\" rel=\"bookmark noopener noreferrer\">Bolivia en modo postmasismo: entre la espada del desorden heredado y la pared de la validaci\u00f3n internacional<\/a>\n\t\t\t<\/h3>\n\t\t\t\t\t\t<div class='uagb-post__text uagb-post-grid-byline'>\n\t\t\t\t\t\t\t<\/div>\n\t\t\t\t\t\t\t<div class='uagb-post__text uagb-post__excerpt'>\n\t\t\t\t\tpor Alejandro Safarov\t\t\t\t<\/div>\n\t\t\t\n\t\t\t\t\t\t\t\t\t<\/article>\n\t\t\t\t\t\t\t\t\t\t\t\t\t\t\t\t<article class=\"uagb-post__inner-wrap\">\t\t\t\t\t\t\t\t<h3 class=\"uagb-post__title uagb-post__text\">\n\t\t\t\t<a href=\"https:\/\/www.iri.edu.ar\/index.php\/2026\/05\/18\/bolivia-sitiada-crisis-social-y-resistencia-al-nuevo-modelo-economico\/\" target=\"_blank\" rel=\"bookmark noopener noreferrer\">Bolivia sitiada: crisis social y resistencia al nuevo modelo econ\u00f3mico<\/a>\n\t\t\t<\/h3>\n\t\t\t\t\t\t<div class='uagb-post__text uagb-post-grid-byline'>\n\t\t\t\t\t\t\t<\/div>\n\t\t\t\t\t\t\t<div class='uagb-post__text uagb-post__excerpt'>\n\t\t\t\t\tpor Alejandro Safarov\t\t\t\t<\/div>\n\t\t\t\n\t\t\t\t\t\t\t\t\t<\/article>\n\t\t\t\t\t\t\t\t\t\t\t\t\t\t\t\t<article class=\"uagb-post__inner-wrap\">\t\t\t\t\t\t\t\t<h3 class=\"uagb-post__title uagb-post__text\">\n\t\t\t\t<a href=\"https:\/\/www.iri.edu.ar\/index.php\/2026\/03\/17\/chile-bajo-kast-giro-politico-desafios-economicos-y-equilibrio-geopolitico-en-un-mundo-en-disputa\/\" target=\"_blank\" rel=\"bookmark noopener noreferrer\">Chile bajo Kast: giro pol\u00edtico, desaf\u00edos econ\u00f3micos y equilibrio geopol\u00edtico en un mundo en disputa<\/a>\n\t\t\t<\/h3>\n\t\t\t\t\t\t<div class='uagb-post__text uagb-post-grid-byline'>\n\t\t\t\t\t\t\t<\/div>\n\t\t\t\t\t\t\t<div class='uagb-post__text uagb-post__excerpt'>\n\t\t\t\t\tpor Alejandro Safarov\t\t\t\t<\/div>\n\t\t\t\n\t\t\t\t\t\t\t\t\t<\/article>\n\t\t\t\t\t\t\t\t\t\t\t\t\t\t\t\t<article class=\"uagb-post__inner-wrap\">\t\t\t\t\t\t\t\t<h3 class=\"uagb-post__title uagb-post__text\">\n\t\t\t\t<a href=\"https:\/\/www.iri.edu.ar\/index.php\/2025\/12\/23\/chile-gira-a-la-derecha-con-nuevos-desafios\/\" target=\"_blank\" rel=\"bookmark noopener noreferrer\">Chile gira a la derecha con nuevos desaf\u00edos<\/a>\n\t\t\t<\/h3>\n\t\t\t\t\t\t<div class='uagb-post__text uagb-post-grid-byline'>\n\t\t\t\t\t\t\t<\/div>\n\t\t\t\t\t\t\t<div class='uagb-post__text uagb-post__excerpt'>\n\t\t\t\t\tpor Gilberto Aranda\t\t\t\t<\/div>\n\t\t\t\n\t\t\t\t\t\t\t\t\t<\/article>\n\t\t\t\t\t\t\t\t\t\t\t\t\t\t\t\t<article class=\"uagb-post__inner-wrap\">\t\t\t\t\t\t\t\t<h3 class=\"uagb-post__title uagb-post__text\">\n\t\t\t\t<a href=\"https:\/\/www.iri.edu.ar\/index.php\/2026\/06\/02\/colombia-ante-el-balotaje-narcotrafico-estados-unidos-y-la-disputa-por-el-rumbo-de-la-politica-exterior\/\" target=\"_blank\" rel=\"bookmark noopener noreferrer\">Colombia ante el balotaje: narcotr\u00e1fico, Estados Unidos y la disputa por el rumbo de la pol\u00edtica exterior<\/a>\n\t\t\t<\/h3>\n\t\t\t\t\t\t<div class='uagb-post__text uagb-post-grid-byline'>\n\t\t\t\t\t\t\t<\/div>\n\t\t\t\t\t\t\t<div class='uagb-post__text uagb-post__excerpt'>\n\t\t\t\t\tpor Alejandro Safarov\t\t\t\t<\/div>\n\t\t\t\n\t\t\t\t\t\t\t\t\t<\/article>\n\t\t\t\t\t\t\t\t\t\t\t\t\t\t\t\t<article class=\"uagb-post__inner-wrap\">\t\t\t\t\t\t\t\t<h3 class=\"uagb-post__title uagb-post__text\">\n\t\t\t\t<a href=\"https:\/\/www.iri.edu.ar\/index.php\/2025\/10\/21\/de-las-capitales-a-las-regiones-el-ascenso-de-la-paradiplomacia-territorial-en-el-mercosur-periferico\/\" target=\"_blank\" rel=\"bookmark noopener noreferrer\">De las capitales a las regiones: el ascenso de la paradiplomacia territorial en el Mercosur perif\u00e9rico<\/a>\n\t\t\t<\/h3>\n\t\t\t\t\t\t<div class='uagb-post__text uagb-post-grid-byline'>\n\t\t\t\t\t\t\t<\/div>\n\t\t\t\t\t\t\t<div class='uagb-post__text uagb-post__excerpt'>\n\t\t\t\t\tpor Alejandro Safarov\t\t\t\t<\/div>\n\t\t\t\n\t\t\t\t\t\t\t\t\t<\/article>\n\t\t\t\t\t\t\t\t\t\t\t\t\t\t\t\t<article class=\"uagb-post__inner-wrap\">\t\t\t\t\t\t\t\t<h3 class=\"uagb-post__title uagb-post__text\">\n\t\t\t\t<a href=\"https:\/\/www.iri.edu.ar\/index.php\/2025\/12\/12\/el-conflicto-trump-maduro-la-chispa-que-puede-desestabilizar-al-eje-bolivariano\/\" target=\"_blank\" rel=\"bookmark noopener noreferrer\">El conflicto Trump\u2013Maduro: la chispa que puede desestabilizar al eje bolivariano<\/a>\n\t\t\t<\/h3>\n\t\t\t\t\t\t<div class='uagb-post__text uagb-post-grid-byline'>\n\t\t\t\t\t\t\t<\/div>\n\t\t\t\t\t\t\t<div class='uagb-post__text uagb-post__excerpt'>\n\t\t\t\t\tpor Alejandro Safarov\t\t\t\t<\/div>\n\t\t\t\n\t\t\t\t\t\t\t\t\t<\/article>\n\t\t\t\t\t\t\t\t\t\t\t\t\t\t\t\t<article class=\"uagb-post__inner-wrap\">\t\t\t\t\t\t\t\t<h3 class=\"uagb-post__title uagb-post__text\">\n\t\t\t\t<a href=\"https:\/\/www.iri.edu.ar\/index.php\/2025\/07\/10\/el-despertar-del-mercosur-periferico-referencias-que-deja-la-cumbre-de-buenos-aires\/\" target=\"_blank\" rel=\"bookmark noopener noreferrer\">El Despertar del Mercosur Perif\u00e9rico: referencias que deja la Cumbre de Buenos Aires<\/a>\n\t\t\t<\/h3>\n\t\t\t\t\t\t<div class='uagb-post__text uagb-post-grid-byline'>\n\t\t\t\t\t\t\t<\/div>\n\t\t\t\t\t\t\t<div class='uagb-post__text uagb-post__excerpt'>\n\t\t\t\t\tpor Alejandro G. Safarov\t\t\t\t<\/div>\n\t\t\t\n\t\t\t\t\t\t\t\t\t<\/article>\n\t\t\t\t\t\t\t\t\t\t\t\t\t\t\t\t<article class=\"uagb-post__inner-wrap\">\t\t\t\t\t\t\t\t<h3 class=\"uagb-post__title uagb-post__text\">\n\t\t\t\t<a href=\"https:\/\/www.iri.edu.ar\/index.php\/2026\/03\/09\/escudo-de-las-americas-control-hemisferico\/\" target=\"_blank\" rel=\"bookmark noopener noreferrer\">Escudo de las Am\u00e9ricas: control hemisf\u00e9rico<\/a>\n\t\t\t<\/h3>\n\t\t\t\t\t\t<div class='uagb-post__text uagb-post-grid-byline'>\n\t\t\t\t\t\t\t<\/div>\n\t\t\t\t\t\t\t<div class='uagb-post__text uagb-post__excerpt'>\n\t\t\t\t\tpor Alejandro Safarov\t\t\t\t<\/div>\n\t\t\t\n\t\t\t\t\t\t\t\t\t<\/article>\n\t\t\t\t\t\t\t\t\t\t\t\t\t\t\t\t<article class=\"uagb-post__inner-wrap\">\t\t\t\t\t\t\t\t<h3 class=\"uagb-post__title uagb-post__text\">\n\t\t\t\t<a href=\"https:\/\/www.iri.edu.ar\/index.php\/2025\/09\/10\/estados-unidos-en-el-caribe-paz-o-polvora\/\" target=\"_blank\" rel=\"bookmark noopener noreferrer\">Estados Unidos en el Caribe: \u00bfpaz o p\u00f3lvora?<\/a>\n\t\t\t<\/h3>\n\t\t\t\t\t\t<div class='uagb-post__text uagb-post-grid-byline'>\n\t\t\t\t\t\t\t<\/div>\n\t\t\t\t\t\t\t<div class='uagb-post__text uagb-post__excerpt'>\n\t\t\t\t\tpor Alejandro Safarov\t\t\t\t<\/div>\n\t\t\t\n\t\t\t\t\t\t\t\t\t<\/article>\n\t\t\t\t\t\t\t\t\t\t\t\t\t\t\t\t<article class=\"uagb-post__inner-wrap\">\t\t\t\t\t\t\t\t<h3 class=\"uagb-post__title uagb-post__text\">\n\t\t\t\t<a href=\"https:\/\/www.iri.edu.ar\/index.php\/2026\/02\/04\/integracion-discursos-que-no-construyen-caminos\/\" target=\"_blank\" rel=\"bookmark noopener noreferrer\">Integraci\u00f3n: discursos que no construyen caminos<\/a>\n\t\t\t<\/h3>\n\t\t\t\t\t\t<div class='uagb-post__text uagb-post-grid-byline'>\n\t\t\t\t\t\t\t<\/div>\n\t\t\t\t\t\t\t<div class='uagb-post__text uagb-post__excerpt'>\n\t\t\t\t\tpor Alejandro Safarov\t\t\t\t<\/div>\n\t\t\t\n\t\t\t\t\t\t\t\t\t<\/article>\n\t\t\t\t\t\t\t\t\t\t\t\t\t\t\t\t<article class=\"uagb-post__inner-wrap\">\t\t\t\t\t\t\t\t<h3 class=\"uagb-post__title uagb-post__text\">\n\t\t\t\t<a href=\"https:\/\/www.iri.edu.ar\/index.php\/2026\/05\/06\/lula-quiere-relanzar-ibsa-para-reforzar-la-capacidad-de-agencia-de-brasil\/\" target=\"_blank\" rel=\"bookmark noopener noreferrer\">Lula quiere relanzar IBSA para reforzar la capacidad de agencia de Brasil<\/a>\n\t\t\t<\/h3>\n\t\t\t\t\t\t<div class='uagb-post__text uagb-post-grid-byline'>\n\t\t\t\t\t\t\t<\/div>\n\t\t\t\t\t\t\t<div class='uagb-post__text uagb-post__excerpt'>\n\t\t\t\t\tpor Mat\u00edas Mongan\t\t\t\t<\/div>\n\t\t\t\n\t\t\t\t\t\t\t\t\t<\/article>\n\t\t\t\t\t\t\t\t\t\t\t\t\t\t\t\t<article class=\"uagb-post__inner-wrap\">\t\t\t\t\t\t\t\t<h3 class=\"uagb-post__title uagb-post__text\">\n\t\t\t\t<a href=\"https:\/\/www.iri.edu.ar\/index.php\/2026\/05\/20\/lula-y-trump-cumbre-de-los-dos-grandes-de-las-americas\/\" target=\"_blank\" rel=\"bookmark noopener noreferrer\">Lula y Trump: cumbre de los dos \u201cgrandes\u201d de las Am\u00e9ricas<\/a>\n\t\t\t<\/h3>\n\t\t\t\t\t\t<div class='uagb-post__text uagb-post-grid-byline'>\n\t\t\t\t\t\t\t<\/div>\n\t\t\t\t\t\t\t<div class='uagb-post__text uagb-post__excerpt'>\n\t\t\t\t\tpor Laura Bono y Laura Bogado Bordazar\t\t\t\t<\/div>\n\t\t\t\n\t\t\t\t\t\t\t\t\t<\/article>\n\t\t\t\t\t\t\t\t\t\t\t\t\t\t\t\t<article class=\"uagb-post__inner-wrap\">\t\t\t\t\t\t\t\t<h3 class=\"uagb-post__title uagb-post__text\">\n\t\t\t\t<a href=\"https:\/\/www.iri.edu.ar\/index.php\/2025\/10\/13\/maria-corina-machado-mujer-invencible\/\" target=\"_blank\" rel=\"bookmark noopener noreferrer\">Mar\u00eda Corina Machado, mujer invencible<\/a>\n\t\t\t<\/h3>\n\t\t\t\t\t\t<div class='uagb-post__text uagb-post-grid-byline'>\n\t\t\t\t\t\t\t<\/div>\n\t\t\t\t\t\t\t<div class='uagb-post__text uagb-post__excerpt'>\n\t\t\t\t\tpor Jose Ponte Rangel\t\t\t\t<\/div>\n\t\t\t\n\t\t\t\t\t\t\t\t\t<\/article>\n\t\t\t\t\t\t\t\t\t\t\t\t\t\t\t\t<article class=\"uagb-post__inner-wrap\">\t\t\t\t\t\t\t\t<h3 class=\"uagb-post__title uagb-post__text\">\n\t\t\t\t<a href=\"https:\/\/www.iri.edu.ar\/index.php\/2026\/01\/19\/mercosur-union-europea-el-acuerdo-historico-entre-tensiones-internas-salvaguardas-y-un-orden-global-reconfigurante\/\" target=\"_blank\" rel=\"bookmark noopener noreferrer\">Mercosur &#8211; Uni\u00f3n Europea: el acuerdo hist\u00f3rico entre tensiones internas, salvaguardas y un orden global reconfigurante<\/a>\n\t\t\t<\/h3>\n\t\t\t\t\t\t<div class='uagb-post__text uagb-post-grid-byline'>\n\t\t\t\t\t\t\t<\/div>\n\t\t\t\t\t\t\t<div class='uagb-post__text uagb-post__excerpt'>\n\t\t\t\t\tpor Alejandro Safarov\t\t\t\t<\/div>\n\t\t\t\n\t\t\t\t\t\t\t\t\t<\/article>\n\t\t\t\t\t\t\t\t\t\t\t\t\t\t\t\t<article class=\"uagb-post__inner-wrap\">\t\t\t\t\t\t\t\t<h3 class=\"uagb-post__title uagb-post__text\">\n\t\t\t\t<a href=\"https:\/\/www.iri.edu.ar\/index.php\/2025\/12\/22\/mercosur-la-ultima-cumbre-del-ano-sigue-mostrando-grietas\/\" target=\"_blank\" rel=\"bookmark noopener noreferrer\">MERCOSUR: La \u00faltima cumbre del a\u00f1o sigue mostrando grietas<\/a>\n\t\t\t<\/h3>\n\t\t\t\t\t\t<div class='uagb-post__text uagb-post-grid-byline'>\n\t\t\t\t\t\t\t<\/div>\n\t\t\t\t\t\t\t<div class='uagb-post__text uagb-post__excerpt'>\n\t\t\t\t\tpor Alejandro Safarov\t\t\t\t<\/div>\n\t\t\t\n\t\t\t\t\t\t\t\t\t<\/article>\n\t\t\t\t\t\t\t\t\t\t\t\t\t\t\t\t<article class=\"uagb-post__inner-wrap\">\t\t\t\t\t\t\t\t<h3 class=\"uagb-post__title uagb-post__text\">\n\t\t\t\t<a href=\"https:\/\/www.iri.edu.ar\/index.php\/2026\/02\/24\/peru-la-republica-que-no-logra-gobernarse\/\" target=\"_blank\" rel=\"bookmark noopener noreferrer\">Per\u00fa: la Rep\u00fablica que no logra gobernarse<\/a>\n\t\t\t<\/h3>\n\t\t\t\t\t\t<div class='uagb-post__text uagb-post-grid-byline'>\n\t\t\t\t\t\t\t<\/div>\n\t\t\t\t\t\t\t<div class='uagb-post__text uagb-post__excerpt'>\n\t\t\t\t\tpor Alejandro Safarov\t\t\t\t<\/div>\n\t\t\t\n\t\t\t\t\t\t\t\t\t<\/article>\n\t\t\t\t\t\t\t\t\t\t\t\t\t\t\t\t<article class=\"uagb-post__inner-wrap\">\t\t\t\t\t\t\t\t<h3 class=\"uagb-post__title uagb-post__text\">\n\t\t\t\t<a href=\"https:\/\/www.iri.edu.ar\/index.php\/2025\/08\/13\/reforma-constitucional-en-el-salvador-cuando-la-democracia-se-acorta-y-el-poder-se-alarga\/\" target=\"_blank\" rel=\"bookmark noopener noreferrer\">Reforma constitucional en El Salvador: cuando la democracia se acorta y el poder se alarga<\/a>\n\t\t\t<\/h3>\n\t\t\t\t\t\t<div class='uagb-post__text uagb-post-grid-byline'>\n\t\t\t\t\t\t\t<\/div>\n\t\t\t\t\t\t\t<div class='uagb-post__text uagb-post__excerpt'>\n\t\t\t\t\tpor Julieta Rodriguez Scatena\t\t\t\t<\/div>\n\t\t\t\n\t\t\t\t\t\t\t\t\t<\/article>\n\t\t\t\t\t\t\t\t\t\t\t\t\t\t\t\t<article class=\"uagb-post__inner-wrap\">\t\t\t\t\t\t\t\t<h3 class=\"uagb-post__title uagb-post__text\">\n\t\t\t\t<a href=\"https:\/\/www.iri.edu.ar\/index.php\/2025\/09\/15\/reforzando-la-democracia-en-brasil\/\" target=\"_blank\" rel=\"bookmark noopener noreferrer\">Reforzando la democracia en Brasil<\/a>\n\t\t\t<\/h3>\n\t\t\t\t\t\t<div class='uagb-post__text uagb-post-grid-byline'>\n\t\t\t\t\t\t\t<\/div>\n\t\t\t\t\t\t\t<div class='uagb-post__text uagb-post__excerpt'>\n\t\t\t\t\tpor Julieta Duedra\t\t\t\t<\/div>\n\t\t\t\n\t\t\t\t\t\t\t\t\t<\/article>\n\t\t\t\t\t\t\t\t\t\t\t\t\t\t\t\t<article class=\"uagb-post__inner-wrap\">\t\t\t\t\t\t\t\t<h3 class=\"uagb-post__title uagb-post__text\">\n\t\t\t\t<a href=\"https:\/\/www.iri.edu.ar\/index.php\/2025\/07\/21\/sobre-la-cumbre-en-santiago-de-chile\/\" target=\"_blank\" rel=\"bookmark noopener noreferrer\">Sobre la Cumbre en Santiago de Chile<\/a>\n\t\t\t<\/h3>\n\t\t\t\t\t\t<div class='uagb-post__text uagb-post-grid-byline'>\n\t\t\t\t\t\t\t<\/div>\n\t\t\t\t\t\t\t<div class='uagb-post__text uagb-post__excerpt'>\n\t\t\t\t\tpor Gilberto Cristian Aranda Bustamante\t\t\t\t<\/div>\n\t\t\t\n\t\t\t\t\t\t\t\t\t<\/article>\n\t\t\t\t\t\t\t\t\t\t\t\t\t\t\t\t<article class=\"uagb-post__inner-wrap\">\t\t\t\t\t\t\t\t<h3 class=\"uagb-post__title uagb-post__text\">\n\t\t\t\t<a href=\"https:\/\/www.iri.edu.ar\/index.php\/2026\/03\/02\/ue-mercosur-el-mercado-le-gano-al-lobby\/\" target=\"_blank\" rel=\"bookmark noopener noreferrer\">UE-MERCOSUR: el mercado le gan\u00f3 al lobby<\/a>\n\t\t\t<\/h3>\n\t\t\t\t\t\t<div class='uagb-post__text uagb-post-grid-byline'>\n\t\t\t\t\t\t\t<\/div>\n\t\t\t\t\t\t\t<div class='uagb-post__text uagb-post__excerpt'>\n\t\t\t\t\tpor Alejandro Safarov\t\t\t\t<\/div>\n\t\t\t\n\t\t\t\t\t\t\t\t\t<\/article>\n\t\t\t\t\t\t\t\t\t\t\t\t\t\t\t\t<article class=\"uagb-post__inner-wrap\">\t\t\t\t\t\t\t\t<h3 class=\"uagb-post__title uagb-post__text\">\n\t\t\t\t<a href=\"https:\/\/www.iri.edu.ar\/index.php\/2026\/01\/14\/un-nuevo-orden-internacional-doctrina-drago-vs-doctrina-monroe\/\" target=\"_blank\" rel=\"bookmark noopener noreferrer\">Un nuevo orden internacional: Doctrina Drago vs. Doctrina Monroe<\/a>\n\t\t\t<\/h3>\n\t\t\t\t\t\t<div class='uagb-post__text uagb-post-grid-byline'>\n\t\t\t\t\t\t\t<\/div>\n\t\t\t\t\t\t\t<div class='uagb-post__text uagb-post__excerpt'>\n\t\t\t\t\tpor Marco Atilio Bellotti\t\t\t\t<\/div>\n\t\t\t\n\t\t\t\t\t\t\t\t\t<\/article>\n\t\t\t\t\t\t\t\t\t\t\t\t\t\t\t\t<article class=\"uagb-post__inner-wrap\">\t\t\t\t\t\t\t\t<h3 class=\"uagb-post__title uagb-post__text\">\n\t\t\t\t<a href=\"https:\/\/www.iri.edu.ar\/index.php\/2025\/08\/14\/venezuela-en-el-marco-de-la-detencion-de-martha-lia-grajales\/\" target=\"_blank\" rel=\"bookmark noopener noreferrer\">Venezuela: en el marco de la detenci\u00f3n de Martha Lia Grajales<\/a>\n\t\t\t<\/h3>\n\t\t\t\t\t\t<div class='uagb-post__text uagb-post-grid-byline'>\n\t\t\t\t\t\t\t<\/div>\n\t\t\t\t\t\t\t<div class='uagb-post__text uagb-post__excerpt'>\n\t\t\t\t\tpor Noeli Scarpelli\t\t\t\t<\/div>\n\t\t\t\n\t\t\t\t\t\t\t\t\t<\/article>\n\t\t\t\t\t\t\t\t\t\t\t\t\t\t\t\t<article class=\"uagb-post__inner-wrap\">\t\t\t\t\t\t\t\t<h3 class=\"uagb-post__title uagb-post__text\">\n\t\t\t\t<a href=\"https:\/\/www.iri.edu.ar\/index.php\/2026\/01\/09\/venezuela-ocho-millones-de-historias-que-merecen-ser-libres\/\" target=\"_blank\" rel=\"bookmark noopener noreferrer\">Venezuela: Ocho millones de historias que merecen ser libres<\/a>\n\t\t\t<\/h3>\n\t\t\t\t\t\t<div class='uagb-post__text uagb-post-grid-byline'>\n\t\t\t\t\t\t\t<\/div>\n\t\t\t\t\t\t\t<div class='uagb-post__text uagb-post__excerpt'>\n\t\t\t\t\tpor Alejandro Safarov\t\t\t\t<\/div>\n\t\t\t\n\t\t\t\t\t\t\t\t\t<\/article>\n\t\t\t\t\t\t\t\t\t\t\t\t\t<div class=\"uagb-post-pagination-wrap\">\n\t\t\t\t\t\t\t\t\t\t\t<\/div>\n\t\t\t\t\t\t\t\t<\/div>\n\t\t\t\n\n\n<h6 class=\"wp-block-heading\">Boletines<\/h6>\n\n\n\n\t\t\t<div class=\"wp-block-uagb-post-grid uagb-post-grid  uagb-post__image-position-top uagb-post__image-disabled uagb-block-5c55a8f6     uagb-post__items uagb-post__columns-2 is-grid uagb-post__columns-tablet-2 uagb-post__columns-mobile-1 uagb-post__equal-height\" data-total=\"1\" style=\"\">\n\n\t\t\t\t\t\t\t\t\t\t\t\t<article class=\"uagb-post__inner-wrap\">\t\t\t\t\t\t\t\t<div class='uagb-post__text uagb-post-grid-byline'>\n\t\t\t\t\t\t\t<\/div>\n\t\t\t\t\t\t\t<div class='uagb-post__text uagb-post__excerpt'>\n\t\t\t\t\tjulio\/agosto\/septiembre 2025\t\t\t\t<\/div>\n\t\t\t\t\t\t<div class=\"uagb-post__text uagb-post__cta wp-block-button\">\n\t\t\t\t<a class=\"wp-block-button__link uagb-text-link\" style=\"\" href=\"https:\/\/www.iri.edu.ar\/index.php\/2025\/10\/22\/boletin-n-93-america-latina-y-el-caribe\/\" target=\"_blank\" rel=\"bookmark noopener noreferrer\">Leer m\u00e1s<\/a>\n\t\t\t<\/div>\n\t\t\t\n\t\t\t\t\t\t\t\t\t<\/article>\n\t\t\t\t\t\t\t\t\t\t\t\t\t\t\t\t<article class=\"uagb-post__inner-wrap\">\t\t\t\t\t\t\t\t<div class='uagb-post__text uagb-post-grid-byline'>\n\t\t\t\t\t\t\t<\/div>\n\t\t\t\t\t\t\t<div class='uagb-post__text uagb-post__excerpt'>\n\t\t\t\t\toctubre\/noviembre\/diciembre 2025\t\t\t\t<\/div>\n\t\t\t\t\t\t<div class=\"uagb-post__text uagb-post__cta wp-block-button\">\n\t\t\t\t<a class=\"wp-block-button__link uagb-text-link\" style=\"\" href=\"https:\/\/www.iri.edu.ar\/index.php\/2025\/12\/22\/boletin-n-94-america-latina-y-el-caribe\/\" target=\"_blank\" rel=\"bookmark noopener noreferrer\">Leer m\u00e1s<\/a>\n\t\t\t<\/div>\n\t\t\t\n\t\t\t\t\t\t\t\t\t<\/article>\n\t\t\t\t\t\t\t\t\t\t\t\t\t\t\t\t<article class=\"uagb-post__inner-wrap\">\t\t\t\t\t\t\t\t<div class='uagb-post__text uagb-post-grid-byline'>\n\t\t\t\t\t\t\t<\/div>\n\t\t\t\t\t\t\t<div class='uagb-post__text uagb-post__excerpt'>\n\t\t\t\t\tenero\/febrero\/marzo 2026\t\t\t\t<\/div>\n\t\t\t\t\t\t<div class=\"uagb-post__text uagb-post__cta wp-block-button\">\n\t\t\t\t<a class=\"wp-block-button__link uagb-text-link\" style=\"\" href=\"https:\/\/www.iri.edu.ar\/index.php\/2026\/05\/12\/boletin-n-95-america-latina-y-el-caribe\/\" target=\"_blank\" rel=\"bookmark noopener noreferrer\">Leer m\u00e1s<\/a>\n\t\t\t<\/div>\n\t\t\t\n\t\t\t\t\t\t\t\t\t<\/article>\n\t\t\t\t\t\t\t\t\t\t\t\t\t\t\t\t<article class=\"uagb-post__inner-wrap\">\t\t\t\t\t\t\t\t<div class='uagb-post__text uagb-post-grid-byline'>\n\t\t\t\t\t\t\t<\/div>\n\t\t\t\t\t\t\t<div class='uagb-post__text uagb-post__excerpt'>\n\t\t\t\t\tabril\/mayo\/junio 2026\t\t\t\t<\/div>\n\t\t\t\t\t\t<div class=\"uagb-post__text uagb-post__cta wp-block-button\">\n\t\t\t\t<a class=\"wp-block-button__link uagb-text-link\" style=\"\" href=\"https:\/\/www.iri.edu.ar\/index.php\/2026\/08\/05\/boletin-n-96-america-latina-y-el-caribe\/\" target=\"_blank\" rel=\"bookmark noopener noreferrer\">Leer m\u00e1s<\/a>\n\t\t\t<\/div>\n\t\t\t\n\t\t\t\t\t\t\t\t\t<\/article>\n\t\t\t\t\t\t\t\t\t\t\t\t\t<div class=\"uagb-post-pagination-wrap\">\n\t\t\t\t\t\t\t\t\t\t\t<\/div>\n\t\t\t\t\t\t\t\t<\/div>\n\t\t\t<\/div>\n<\/div>\n","protected":false},"excerpt":{"rendered":"<p>Art\u00edculos Opiniones Boletines<\/p>\n","protected":false},"author":5,"featured_media":0,"comment_status":"closed","ping_status":"closed","sticky":false,"template":"","format":"standard","meta":{"_uag_custom_page_level_css":"","_monsterinsights_skip_tracking":false,"_monsterinsights_sitenote_active":false,"_monsterinsights_sitenote_note":"","_monsterinsights_sitenote_category":0,"ocean_post_layout":"","ocean_both_sidebars_style":"","ocean_both_sidebars_content_width":0,"ocean_both_sidebars_sidebars_width":0,"ocean_sidebar":"","ocean_second_sidebar":"","ocean_disable_margins":"enable","ocean_add_body_class":"","ocean_shortcode_before_top_bar":"","ocean_shortcode_after_top_bar":"","ocean_shortcode_before_header":"","ocean_shortcode_after_header":"","ocean_has_shortcode":"","ocean_shortcode_after_title":"","ocean_shortcode_before_footer_widgets":"","ocean_shortcode_after_footer_widgets":"","ocean_shortcode_before_footer_bottom":"","ocean_shortcode_after_footer_bottom":"","ocean_display_top_bar":"default","ocean_display_header":"default","ocean_header_style":"","ocean_center_header_left_menu":"","ocean_custom_header_template":"","ocean_custom_logo":0,"ocean_custom_retina_logo":0,"ocean_custom_logo_max_width":0,"ocean_custom_logo_tablet_max_width":0,"ocean_custom_logo_mobile_max_width":0,"ocean_custom_logo_max_height":0,"ocean_custom_logo_tablet_max_height":0,"ocean_custom_logo_mobile_max_height":0,"ocean_header_custom_menu":"","ocean_menu_typo_font_family":"","ocean_menu_typo_font_subset":"","ocean_menu_typo_font_size":0,"ocean_menu_typo_font_size_tablet":0,"ocean_menu_typo_font_size_mobile":0,"ocean_menu_typo_font_size_unit":"px","ocean_menu_typo_font_weight":"","ocean_menu_typo_font_weight_tablet":"","ocean_menu_typo_font_weight_mobile":"","ocean_menu_typo_transform":"","ocean_menu_typo_transform_tablet":"","ocean_menu_typo_transform_mobile":"","ocean_menu_typo_line_height":0,"ocean_menu_typo_line_height_tablet":0,"ocean_menu_typo_line_height_mobile":0,"ocean_menu_typo_line_height_unit":"","ocean_menu_typo_spacing":0,"ocean_menu_typo_spacing_tablet":0,"ocean_menu_typo_spacing_mobile":0,"ocean_menu_typo_spacing_unit":"","ocean_menu_link_color":"","ocean_menu_link_color_hover":"","ocean_menu_link_color_active":"","ocean_menu_link_background":"","ocean_menu_link_hover_background":"","ocean_menu_link_active_background":"","ocean_menu_social_links_bg":"","ocean_menu_social_hover_links_bg":"","ocean_menu_social_links_color":"","ocean_menu_social_hover_links_color":"","ocean_disable_title":"default","ocean_disable_heading":"default","ocean_post_title":"","ocean_post_subheading":"","ocean_post_title_style":"","ocean_post_title_background_color":"","ocean_post_title_background":0,"ocean_post_title_bg_image_position":"","ocean_post_title_bg_image_attachment":"","ocean_post_title_bg_image_repeat":"","ocean_post_title_bg_image_size":"","ocean_post_title_height":0,"ocean_post_title_bg_overlay":0.5,"ocean_post_title_bg_overlay_color":"","ocean_disable_breadcrumbs":"default","ocean_breadcrumbs_color":"","ocean_breadcrumbs_separator_color":"","ocean_breadcrumbs_links_color":"","ocean_breadcrumbs_links_hover_color":"","ocean_display_footer_widgets":"default","ocean_display_footer_bottom":"default","ocean_custom_footer_template":"","ocean_post_oembed":"","ocean_post_self_hosted_media":"","ocean_post_video_embed":"","ocean_link_format":"","ocean_link_format_target":"self","ocean_quote_format":"","ocean_quote_format_link":"post","ocean_gallery_link_images":"on","ocean_gallery_id":[],"footnotes":""},"categories":[2050],"tags":[2069],"class_list":["post-47076","post","type-post","status-publish","format-standard","hentry","category-anuario2026","tag-a2026articulosalatina","entry"],"uagb_featured_image_src":{"full":false,"thumbnail":false,"medium":false,"medium_large":false,"large":false,"1536x1536":false,"2048x2048":false,"ocean-thumb-m":false,"ocean-thumb-ml":false,"ocean-thumb-l":false,"sow-carousel-default":false,"sow-blog-portfolio":false,"sow-blog-grid":false,"sow-blog-alternate":false},"uagb_author_info":{"display_name":"Juana Alvarez Eiras","author_link":"https:\/\/www.iri.edu.ar\/index.php\/author\/juana-alvarez-eiras\/"},"uagb_comment_info":0,"uagb_excerpt":"Art\u00edculos Opiniones Boletines","_links":{"self":[{"href":"https:\/\/www.iri.edu.ar\/index.php\/wp-json\/wp\/v2\/posts\/47076","targetHints":{"allow":["GET"]}}],"collection":[{"href":"https:\/\/www.iri.edu.ar\/index.php\/wp-json\/wp\/v2\/posts"}],"about":[{"href":"https:\/\/www.iri.edu.ar\/index.php\/wp-json\/wp\/v2\/types\/post"}],"author":[{"embeddable":true,"href":"https:\/\/www.iri.edu.ar\/index.php\/wp-json\/wp\/v2\/users\/5"}],"replies":[{"embeddable":true,"href":"https:\/\/www.iri.edu.ar\/index.php\/wp-json\/wp\/v2\/comments?post=47076"}],"version-history":[{"count":2,"href":"https:\/\/www.iri.edu.ar\/index.php\/wp-json\/wp\/v2\/posts\/47076\/revisions"}],"predecessor-version":[{"id":47078,"href":"https:\/\/www.iri.edu.ar\/index.php\/wp-json\/wp\/v2\/posts\/47076\/revisions\/47078"}],"wp:attachment":[{"href":"https:\/\/www.iri.edu.ar\/index.php\/wp-json\/wp\/v2\/media?parent=47076"}],"wp:term":[{"taxonomy":"category","embeddable":true,"href":"https:\/\/www.iri.edu.ar\/index.php\/wp-json\/wp\/v2\/categories?post=47076"},{"taxonomy":"post_tag","embeddable":true,"href":"https:\/\/www.iri.edu.ar\/index.php\/wp-json\/wp\/v2\/tags?post=47076"}],"curies":[{"name":"wp","href":"https:\/\/api.w.org\/{rel}","templated":true}]}}